{"id":142599,"date":"2025-11-07T06:38:18","date_gmt":"2025-11-07T06:38:18","guid":{"rendered":"https:\/\/www.europesays.com\/pt\/142599\/"},"modified":"2025-11-07T06:38:18","modified_gmt":"2025-11-07T06:38:18","slug":"oficial-luis-castro-e-al-wasl-rescindem-por-mutuo-acordo","status":"publish","type":"post","link":"https:\/\/www.europesays.com\/pt\/142599\/","title":{"rendered":"OFICIAL: Lu\u00eds Castro e Al Wasl rescindem por m\u00fatuo acordo"},"content":{"rendered":"<p>Foi curta a aventura de Lu\u00eds Castro no Al Wasl, dos Emirados \u00c1rabes Unidos. O clube comunicou nesta quarta-feira a rescis\u00e3o por m\u00fatuo acordo entre as duas partes.<\/p>\n<p>Castro orientava a equipa desde agosto, no in\u00edcio do campeonato dom\u00e9stico. Em 12 jogos teve apenas uma derrota, mas tr\u00eas empates consecutivos nos \u00faltimos desafios levaram a esta cis\u00e3o, com <strong><a href=\"https:\/\/maisfutebol.iol.pt\/internacional\/champions-asiatica\/video-luis-castro-e-nandinho-empatam-na-champions-2-da-asia\" rel=\"nofollow noopener\" target=\"_blank\">um empate a duas bolas com o Al-Muharraq, de Nandinho,<\/a><\/strong> nesta quarta-feira, a ser a gota de \u00e1gua.<\/p>\n<p>O t\u00e9cnico portugu\u00eas contava com os compatriotas Pedro Malheiro e Serginho Andrade na sua equipa, que ocupa o terceiro posto da Liga. Aos 64 anos e ap\u00f3s uma aventura no Al Nassr, com Cristiano Ronaldo, Lu\u00eds Castro volta a ser um treinador livre.<\/p>\n<blockquote class=\"twitter-tweet\">\n<p dir=\"rtl\" lang=\"ar\">\ud83d\udcdd| \u0625\u0646\u0647\u0627\u0621 \u062a\u0639\u0627\u0642\u062f \u0628\u0627\u0644\u062a\u0631\u0627\u0636\u064a<\/p>\n<p>\u062a\u0648\u0635\u0651\u0644\u062a \u0634\u0631\u0643\u0629 \u0643\u0631\u0629 \u0627\u0644\u0642\u062f\u0645 \u0625\u0644\u0649 \u0627\u062a\u0641\u0627\u0642 \u0628\u0625\u0646\u0647\u0627\u0621 \u0627\u0644\u062a\u0639\u0627\u0642\u062f \u0628\u0627\u0644\u062a\u0631\u0627\u0636\u064a \u0645\u0639 \u0627\u0644\u0645\u062f\u064a\u0631 \u0627\u0644\u0641\u0646\u064a \u0627\u0644\u0628\u0631\u062a\u063a\u0627\u0644\u064a \u0644\u0648\u064a\u0633 \u0643\u0627\u0633\u062a\u0631\u0648\u060c \u0645\u062a\u0645\u0646\u0651\u064a\u0646 \u0644\u0647 \u0627\u0644\u062a\u0648\u0641\u064a\u0642 \u0641\u064a \u0645\u0634\u0648\u0627\u0631\u0647 \u0627\u0644\u0642\u0627\u062f\u0645.<\/p>\n<p>\ud83d\udfe1 <a href=\"https:\/\/twitter.com\/hashtag\/%D8%A7%D9%84%D9%88%D8%B5%D9%84?src=hash&amp;ref_src=twsrc%5Etfw\" rel=\"nofollow noopener\" target=\"_blank\">#\u0627\u0644\u0648\u0635\u0644<\/a> | <a href=\"https:\/\/twitter.com\/hashtag\/ALWASL?src=hash&amp;ref_src=twsrc%5Etfw\" rel=\"nofollow noopener\" target=\"_blank\">#ALWASL<\/a> <a href=\"https:\/\/t.co\/KiieSfvgI9\" rel=\"nofollow\">pic.twitter.com\/KiieSfvgI9<\/a><\/p>\n<p> \u2014 AlWasl SC (@AlWaslSC)<br \/>\n  <a href=\"https:\/\/twitter.com\/AlWaslSC\/status\/1986116627625353678?ref_src=twsrc%5Etfw\" rel=\"nofollow noopener\" target=\"_blank\">November 5, 2025<\/a>\n <\/p><\/blockquote>\n<p>                                <script async src=\"https:\/\/platform.twitter.com\/widgets.js\" charset=\"utf-8\"><\/script><\/p>\n","protected":false},"excerpt":{"rendered":"Foi curta a aventura de Lu\u00eds Castro no Al Wasl, dos Emirados \u00c1rabes Unidos. O clube comunicou nesta&hellip;\n","protected":false},"author":2,"featured_media":142600,"comment_status":"","ping_status":"","sticky":false,"template":"","format":"standard","meta":{"footnotes":""},"categories":[87],"tags":[31528,135,5698,82,31527,436,46,432,32,33,47,134,35],"class_list":{"0":"post-142599","1":"post","2":"type-post","3":"status-publish","4":"format-standard","5":"has-post-thumbnail","7":"category-desporto","8":"tag-al-wasl","9":"tag-desporto","10":"tag-emirados-arabes-unidos","11":"tag-internacional","12":"tag-luis-castro","13":"tag-made-in","14":"tag-maisfutebol","15":"tag-medio-oriente","16":"tag-portugal","17":"tag-pt","18":"tag-pura-paixao","19":"tag-sports","20":"tag-transferencias"},"share_on_mastodon":{"url":"https:\/\/pubeurope.com\/@pt\/115507043017706225","error":""},"_links":{"self":[{"href":"https:\/\/www.europesays.com\/pt\/wp-json\/wp\/v2\/posts\/142599","targetHints":{"allow":["GET"]}}],"collection":[{"href":"https:\/\/www.europesays.com\/pt\/wp-json\/wp\/v2\/posts"}],"about":[{"href":"https:\/\/www.europesays.com\/pt\/wp-json\/wp\/v2\/types\/post"}],"author":[{"embeddable":true,"href":"https:\/\/www.europesays.com\/pt\/wp-json\/wp\/v2\/users\/2"}],"replies":[{"embeddable":true,"href":"https:\/\/www.europesays.com\/pt\/wp-json\/wp\/v2\/comments?post=142599"}],"version-history":[{"count":0,"href":"https:\/\/www.europesays.com\/pt\/wp-json\/wp\/v2\/posts\/142599\/revisions"}],"wp:featuredmedia":[{"embeddable":true,"href":"https:\/\/www.europesays.com\/pt\/wp-json\/wp\/v2\/media\/142600"}],"wp:attachment":[{"href":"https:\/\/www.europesays.com\/pt\/wp-json\/wp\/v2\/media?parent=142599"}],"wp:term":[{"taxonomy":"category","embeddable":true,"href":"https:\/\/www.europesays.com\/pt\/wp-json\/wp\/v2\/categories?post=142599"},{"taxonomy":"post_tag","embeddable":true,"href":"https:\/\/www.europesays.com\/pt\/wp-json\/wp\/v2\/tags?post=142599"}],"curies":[{"name":"wp","href":"https:\/\/api.w.org\/{rel}","templated":true}]}}