{"id":142607,"date":"2025-11-07T06:50:15","date_gmt":"2025-11-07T06:50:15","guid":{"rendered":"https:\/\/www.europesays.com\/pt\/142607\/"},"modified":"2025-11-07T06:50:15","modified_gmt":"2025-11-07T06:50:15","slug":"ryujin-do-itzy-tem-estreia-como-atriz-confirmada-no-filme-night-on-earth","status":"publish","type":"post","link":"https:\/\/www.europesays.com\/pt\/142607\/","title":{"rendered":"Ryujin, do ITZY, tem estreia como atriz confirmada no filme &#8220;Night on Earth&#8221;"},"content":{"rendered":"<p>ATEN\u00c7\u00c3O MIDZY! Membro do grupo feminino de <a href=\"https:\/\/recreio.com.br\/tags\/k-pop\" target=\"_blank\" rel=\"noopener nofollow\">k-pop<\/a> ITZY, <a href=\"https:\/\/www.instagram.com\/iamfinethankyouandryu\" target=\"_blank\" rel=\"noopener nofollow\"><strong>Ryujin<\/strong> <\/a>est\u00e1 prestes a fazer a estreia como atriz nas telonas em um papel de destaque em \u201cNight on Earth\u201d (Noite na Terra, em tradu\u00e7\u00e3o), filme sul-coreano que encerrou as grava\u00e7\u00f5es em outubro deste ano e j\u00e1 est\u00e1 em fase de p\u00f3s-produ\u00e7\u00e3o.<\/p>\n<p>\t Sobre o que \u00e9 Night on Earth? <\/p>\n<p>Surgindo como um conto, \u201cNight on Earth\u201d \u00e9 uma cria\u00e7\u00e3o do autor <strong>Lim Sunwoo<\/strong>. A obra ganhou a confirma\u00e7\u00e3o de uma adapta\u00e7\u00e3o para o cinema \u2014 que promete ser fiel \u00e0 obra original \u2014 ap\u00f3s o t\u00edtulo liter\u00e1rio vencer o pr\u00eamio BH Entertainment no 26\u00ba Festival Internacional de Cinema de Jeonju.<\/p>\n<p>Na trama, uma realidade dist\u00f3pica tomada por \u00e1guas-vivas mutantes \u00e9 apresentada ao acompanhar o personagem principal: Soo, um jovem recluso que, ap\u00f3s descobrir a cl\u00ednica clandestina Manbok Guesthouse, decide sair de sua banheira e mudar a forma de levar a vida, embarcando em uma jornada de de autoconhecimento por meio da conex\u00e3o humana.<\/p>\n<p> Qual o papel de Ryujin? <\/p>\n<p>Para contar a hist\u00f3ria nas telas, Soo \u00e9 o papel de <strong>Kim Dan<\/strong>, ator do drama \u201cThe Winning Try\u201d, enquanto <strong>Park Yurim<\/strong>, atriz da s\u00e9rie \u201cDrive My Car\u201d, d\u00e1 vida a Heejo, a enigm\u00e1tica dona da cl\u00ednica \u201cManbok Pension\u201d, e <strong>Ryujin<\/strong>, do ITZY, assume a interpreta\u00e7\u00e3o de Kang, assistente de Hee Jo e funcion\u00e1ria do local.<\/p>\n<p>No elenco tamb\u00e9m est\u00e3o: <strong>Kim Gook Hee<\/strong> (Dark Nuns e Family Matters) como uma h\u00f3spede de meia-idade do Manbok, e<a href=\"https:\/\/en.wikipedia.org\/wiki\/Kim_Si-a\" rel=\"nofollow noopener\" target=\"_blank\"><strong> Kim Si Ah<\/strong><\/a> (\u201cMiss Baek\u201d e \u201cKill Boksoon\u201d) que tem participa\u00e7\u00e3o especial na trama como a personagem misteriosa identificada como a \u201cgarota\u201d.<\/p>\n<p> Mais sobre a carreira de Ryujin <\/p>\n<p>Descoberta pela <a href=\"https:\/\/www.jype.com\/\" target=\"_blank\" rel=\"noopener nofollow\">JYP Entertainment<\/a> em um fanmeeting do GOT7, <strong>Ryujin<\/strong> fez a sua aguardada estreia como idol ao se tornar membro do ITZY ap\u00f3s quatro anos como trainee. Ela debutou ao lado de <strong>Yeji<\/strong>, <strong>Lia<\/strong>, <strong>Chaeryeong<\/strong> e <strong>Yuna<\/strong> com o lan\u00e7amento do single \u00e1lbum \u201cIT\u2019z Different\u201d, lan\u00e7ado em 11 de fevereiro de 2019.<\/p>\n<p>Com mais de cinco anos na ind\u00fastria, ela divide a voz com as quatro idols em hits como \u201cWANNABE\u201d, \u201cLOCO\u201d, \u201cNot Shy\u201d, \u201cSNEAKERS\u201d e mais. Agora, ela que \u00e9 cantora, rapper e dan\u00e7arina est\u00e1 prestes a adicionar mais uma profiss\u00e3o na lista: atriz.<\/p>\n<p>Com dire\u00e7\u00e3o de <strong>Jung Suhyeon<\/strong>, \u201cNight on Earth\u201d ainda n\u00e3o tem data de lan\u00e7amento confirmada.<\/p>\n<p>        <a href=\"https:\/\/recreio.com.br\/noticias\/author\/izabela-queiroz\" rel=\"nofollow noopener\" target=\"_blank\">&#13;<br \/>\n          <img loading=\"lazy\" alt=\"Izabela Queiroz\" src=\"https:\/\/www.europesays.com\/pt\/wp-content\/uploads\/2025\/11\/1762498215_139_73c0b9c1056486c3f0ac887fc031213cdd608512c3b419d28e1ba5da81c3eb12\"  class=\"avatar avatar-115 photo rounded-circle mr-3\" height=\"115\" width=\"115\" decoding=\"async\"\/>        <\/a><\/p>\n<p>Izabela Queiroz, jornalista por paix\u00e3o e cin\u00e9fila de carteirinha. Formada pela UNINOVE, encontrou na escrita o lugar ideal para unir tudo o que mais gosta: filmes, s\u00e9ries e m\u00fasica. Nos textos, h\u00e1 quase sempre refer\u00eancias a algo relacionado \u00e0 cultura pop que a marcou. Fora deles, a encontrar\u00e1 assistindo hist\u00f3rias com reviravoltas chocantes, romances cativantes e dramas que a fazem chorar.<\/p>\n<p>\t                                            <script async src=\"\/\/www.instagram.com\/embed.js\"><\/script><\/p>\n","protected":false},"excerpt":{"rendered":"ATEN\u00c7\u00c3O MIDZY! Membro do grupo feminino de k-pop ITZY, Ryujin est\u00e1 prestes a fazer a estreia como atriz&hellip;\n","protected":false},"author":2,"featured_media":142608,"comment_status":"","ping_status":"","sticky":false,"template":"","format":"standard","meta":{"footnotes":""},"categories":[141],"tags":[114,115,148,18029,1688,149,150,32,33,31531],"class_list":{"0":"post-142607","1":"post","2":"type-post","3":"status-publish","4":"format-standard","5":"has-post-thumbnail","7":"category-musica","8":"tag-entertainment","9":"tag-entretenimento","10":"tag-filmes","11":"tag-itzy","12":"tag-k-pop","13":"tag-music","14":"tag-musica","15":"tag-portugal","16":"tag-pt","17":"tag-ryujin"},"share_on_mastodon":{"url":"https:\/\/pubeurope.com\/@pt\/115507090267066980","error":""},"_links":{"self":[{"href":"https:\/\/www.europesays.com\/pt\/wp-json\/wp\/v2\/posts\/142607","targetHints":{"allow":["GET"]}}],"collection":[{"href":"https:\/\/www.europesays.com\/pt\/wp-json\/wp\/v2\/posts"}],"about":[{"href":"https:\/\/www.europesays.com\/pt\/wp-json\/wp\/v2\/types\/post"}],"author":[{"embeddable":true,"href":"https:\/\/www.europesays.com\/pt\/wp-json\/wp\/v2\/users\/2"}],"replies":[{"embeddable":true,"href":"https:\/\/www.europesays.com\/pt\/wp-json\/wp\/v2\/comments?post=142607"}],"version-history":[{"count":0,"href":"https:\/\/www.europesays.com\/pt\/wp-json\/wp\/v2\/posts\/142607\/revisions"}],"wp:featuredmedia":[{"embeddable":true,"href":"https:\/\/www.europesays.com\/pt\/wp-json\/wp\/v2\/media\/142608"}],"wp:attachment":[{"href":"https:\/\/www.europesays.com\/pt\/wp-json\/wp\/v2\/media?parent=142607"}],"wp:term":[{"taxonomy":"category","embeddable":true,"href":"https:\/\/www.europesays.com\/pt\/wp-json\/wp\/v2\/categories?post=142607"},{"taxonomy":"post_tag","embeddable":true,"href":"https:\/\/www.europesays.com\/pt\/wp-json\/wp\/v2\/tags?post=142607"}],"curies":[{"name":"wp","href":"https:\/\/api.w.org\/{rel}","templated":true}]}}