{"id":142615,"date":"2025-11-07T07:07:33","date_gmt":"2025-11-07T07:07:33","guid":{"rendered":"https:\/\/www.europesays.com\/pt\/142615\/"},"modified":"2025-11-07T07:07:33","modified_gmt":"2025-11-07T07:07:33","slug":"bilionario-que-quer-voltar-aos-18-anos-revela-a-melhor-maneira-de-tomar-cafe-para-aumentar-a-expectativa-de-vida","status":"publish","type":"post","link":"https:\/\/www.europesays.com\/pt\/142615\/","title":{"rendered":"bilion\u00e1rio que quer &#8216;voltar aos 18 anos&#8217; revela a melhor maneira de tomar caf\u00e9 para aumentar a expectativa de vida"},"content":{"rendered":"\n<p class=\" content-text__container theme-color-primary-first-letter\" data-track-category=\"Link no Texto\" data-track-links=\"\"> Bryan Johnson, o empres\u00e1rio americano que ficou conhecido mundialmente pela sua busca pela juventude, disse que abandonou o caf\u00e9 h\u00e1 anos em uma tentativa de melhorar a sua sa\u00fade, por\u00e9m, parece que ele voltou atr\u00e1s em sua decis\u00e3o, segundo um de seus \u00faltimos v\u00eddeos. <\/p>\n<ul class=\"content-unordered-list\">\n<li><strong>Saiba qual \u00e9: <\/strong><a class=\"\" href=\"https:\/\/oglobo.globo.com\/saude\/noticia\/2025\/11\/06\/o-alimento-que-contem-os-9-aminoacidos-essenciais-e-como-cozinha-lo-para-que-nao-perca-nutrientes.ghtml\" rel=\"nofollow noopener\" target=\"_blank\"><strong>alimento que cont\u00e9m os 9 amino\u00e1cidos essenciais e como cozinh\u00e1-lo para que n\u00e3o perca nutrientes<\/strong><\/a><\/li>\n<li><strong>Afetam sua energia: <\/strong><a class=\"\" href=\"https:\/\/oglobo.globo.com\/saude\/noticia\/2025\/11\/06\/quais-sao-os-piores-alimentos-para-o-cafe-da-manha.ghtml\" rel=\"nofollow noopener\" target=\"_blank\"><strong>quais s\u00e3o os piores alimentos para o caf\u00e9 da manh\u00e3?<\/strong><\/a><\/li>\n<\/ul>\n<p class=\" content-text__container \" data-track-category=\"Link no Texto\" data-track-links=\"\"> O bilion\u00e1rio, que gasta cerca de 10 milh\u00f5es de d\u00f3lares por ano para \u201cficar d\u00e9cadas mais jovem\u201d, destacou descobertas da Universidade de Tulane, na Louisiana, que mostram que os consumidores de caf\u00e9 tinham um risco 16% menor de morte por qualquer causa e um risco 31% menor de doen\u00e7as cardiovasculares em compara\u00e7\u00e3o com os n\u00e3o consumidores de caf\u00e9. <\/p>\n<p class=\" content-text__container \" data-track-category=\"Link no Texto\" data-track-links=\"\"> Entretanto, o estudo, que utilizou dados de 40.725 adultos participantes da Pesquisa Nacional de Sa\u00fade e Nutri\u00e7\u00e3o dos EUA (NHANES) entre 1999 e 2018, descobriu que beber caf\u00e9 ao longo do dia n\u00e3o apresentou a mesma redu\u00e7\u00e3o no risco de mortalidade. <\/p>\n<p class=\" content-text__container \" data-track-category=\"Link no Texto\" data-track-links=\"\"> \u201cH\u00e1 um por\u00e9m, e o momento em que voc\u00ea bebe o caf\u00e9 \u00e9 importante\u201d, afirmou Johnson no v\u00eddeo. <\/p>\n<p class=\" content-text__container \" data-track-category=\"Link no Texto\" data-track-links=\"\"> Embora os cientistas tenham afirmado que s\u00e3o necess\u00e1rias mais pesquisas para explicar por que limitar o consumo de caf\u00e9 ao per\u00edodo da manh\u00e3 est\u00e1 associado a maiores benef\u00edcios para a sa\u00fade do cora\u00e7\u00e3o, eles sugeriram que isso possivelmente ocorre porque o consumo de cafe\u00edna \u00e0 tarde ou \u00e0 noite pode perturbar o sono e os horm\u00f4nios. <\/p>\n<p class=\" content-text__container \" data-track-category=\"Link no Texto\" data-track-links=\"\"> \u201cEste \u00e9 o primeiro estudo a testar os padr\u00f5es de hor\u00e1rio de consumo de caf\u00e9 e seus efeitos na sa\u00fade. Nossos resultados indicam que n\u00e3o \u00e9 apenas se voc\u00ea bebe caf\u00e9 ou quanto voc\u00ea bebe, mas sim o hor\u00e1rio do dia em que voc\u00ea bebe caf\u00e9 que \u00e9 importante. Normalmente n\u00e3o damos conselhos sobre o hor\u00e1rio em nossas orienta\u00e7\u00f5es diet\u00e9ticas, mas talvez dev\u00eassemos pensar nisso no futuro\u201d, afirmou o professor e autor principal do estudo, Lu Qi. <\/p>\n<ul class=\"content-unordered-list\">\n<li><strong>S\u00edndrome de M\u00e9ni\u00e8re: <\/strong><a class=\"\" href=\"https:\/\/oglobo.globo.com\/saude\/noticia\/2025\/11\/06\/sindrome-de-meniere-alem-do-padre-fabio-de-melo-veja-outros-4-famosos-que-tratam-a-doenca.ghtml\" rel=\"nofollow noopener\" target=\"_blank\"><strong>al\u00e9m do padre F\u00e1bio de Melo, veja outros 4 famosos que tratam a doen\u00e7a<\/strong><\/a><\/li>\n<\/ul>\n<p class=\" content-text__container \" data-track-category=\"Link no Texto\" data-track-links=\"\"> Em seu v\u00eddeo, Johnson afirma que a cafe\u00edna tem uma meia-vida de cinco a seis horas no organismo e que se uma pessoa bebe caf\u00e9 as 15h da tarde, o corpo processa s\u00f3 meia x\u00edcara at\u00e9 as 21h da noite. <\/p>\n<p class=\" content-text__container \" data-track-category=\"Link no Texto\" data-track-links=\"\"> \u201cA cafe\u00edna que permanece no seu organismo pode prejudicar o seu sono. E, caso eu n\u00e3o tenha dito isso o suficiente, dormir \u00e9 a coisa mais importante que voc\u00ea pode fazer pela sua sa\u00fade em geral\u201d, disse o empres\u00e1rio. <\/p>\n<p class=\" content-text__container \" data-track-category=\"Link no Texto\" data-track-links=\"\"> Se voc\u00ea toma caf\u00e9 pela manh\u00e3 e isso n\u00e3o atrapalha seu sono, Johnson afirmou que a cafe\u00edna pode trazer diversos benef\u00edcios \u00e0 sa\u00fade e contribuir para a longevidade. <\/p>\n<p class=\" content-text__container \" data-track-category=\"Link no Texto\" data-track-links=\"\"> O especialista em longevidade destacou que a cafe\u00edna e os polifen\u00f3is presentes no caf\u00e9 podem reduzir a inflama\u00e7\u00e3o e proteger as c\u00e9lulas cerebrais. Os polifen\u00f3is s\u00e3o compostos naturais encontrados em plantas que atuam como antioxidantes, ajudando a combater os danos celulares. O caf\u00e9 cont\u00e9m mais de 100 polifen\u00f3is. <\/p>\n<p class=\" content-text__container \" data-track-category=\"Link no Texto\" data-track-links=\"\"> Essas subst\u00e2ncias tamb\u00e9m podem desencadear a autofagia, o processo natural do corpo de limpar c\u00e9lulas danificadas ou desgastadas. <\/p>\n<ul class=\"content-unordered-list\">\n<li><strong>Beber cerveja aumenta a queda de cabelo? <\/strong><a class=\"\" href=\"https:\/\/oglobo.globo.com\/saude\/noticia\/2025\/11\/06\/beber-cerveja-aumenta-a-queda-de-cabelo-veja-o-que-diz-novo-estudo.ghtml\" rel=\"nofollow noopener\" target=\"_blank\"><strong>Veja o que diz novo estudo<\/strong><\/a><\/li>\n<\/ul>\n<p class=\" content-text__container \" data-track-category=\"Link no Texto\" data-track-links=\"\"> &#8220;Portanto, se voc\u00ea deseja os potenciais benef\u00edcios do caf\u00e9 para a longevidade, concentre-se nas primeiras horas do dia, evite o final da tarde e tamb\u00e9m dispense as doses de a\u00e7\u00facar, [ou] coisas que, de outra forma, ir\u00e3o anular os benef\u00edcios\u201d, afirmou o empres\u00e1rio. <\/p>\n<p class=\" content-text__container \" data-track-category=\"Link no Texto\" data-track-links=\"\"> N\u00e3o est\u00e1 claro se Johnson incorporou o h\u00e1bito de tomar caf\u00e9 pela manh\u00e3 em sua rotina di\u00e1ria rigorosa, que inclui tr\u00eas refei\u00e7\u00f5es veganas meticulosamente cronometradas, todas antes do meio-dia, e mais de 100 suplementos. <\/p>\n","protected":false},"excerpt":{"rendered":"Bryan Johnson, o empres\u00e1rio americano que ficou conhecido mundialmente pela sua busca pela juventude, disse que abandonou o&hellip;\n","protected":false},"author":2,"featured_media":142616,"comment_status":"","ping_status":"","sticky":false,"template":"","format":"standard","meta":{"footnotes":""},"categories":[86],"tags":[319,116,32,33,117],"class_list":{"0":"post-142615","1":"post","2":"type-post","3":"status-publish","4":"format-standard","5":"has-post-thumbnail","7":"category-saude","8":"tag-hard-news","9":"tag-health","10":"tag-portugal","11":"tag-pt","12":"tag-saude"},"share_on_mastodon":{"url":"https:\/\/pubeurope.com\/@pt\/115507157019896664","error":""},"_links":{"self":[{"href":"https:\/\/www.europesays.com\/pt\/wp-json\/wp\/v2\/posts\/142615","targetHints":{"allow":["GET"]}}],"collection":[{"href":"https:\/\/www.europesays.com\/pt\/wp-json\/wp\/v2\/posts"}],"about":[{"href":"https:\/\/www.europesays.com\/pt\/wp-json\/wp\/v2\/types\/post"}],"author":[{"embeddable":true,"href":"https:\/\/www.europesays.com\/pt\/wp-json\/wp\/v2\/users\/2"}],"replies":[{"embeddable":true,"href":"https:\/\/www.europesays.com\/pt\/wp-json\/wp\/v2\/comments?post=142615"}],"version-history":[{"count":0,"href":"https:\/\/www.europesays.com\/pt\/wp-json\/wp\/v2\/posts\/142615\/revisions"}],"wp:featuredmedia":[{"embeddable":true,"href":"https:\/\/www.europesays.com\/pt\/wp-json\/wp\/v2\/media\/142616"}],"wp:attachment":[{"href":"https:\/\/www.europesays.com\/pt\/wp-json\/wp\/v2\/media?parent=142615"}],"wp:term":[{"taxonomy":"category","embeddable":true,"href":"https:\/\/www.europesays.com\/pt\/wp-json\/wp\/v2\/categories?post=142615"},{"taxonomy":"post_tag","embeddable":true,"href":"https:\/\/www.europesays.com\/pt\/wp-json\/wp\/v2\/tags?post=142615"}],"curies":[{"name":"wp","href":"https:\/\/api.w.org\/{rel}","templated":true}]}}