{"id":142620,"date":"2025-11-07T07:14:14","date_gmt":"2025-11-07T07:14:14","guid":{"rendered":"https:\/\/www.europesays.com\/pt\/142620\/"},"modified":"2025-11-07T07:14:14","modified_gmt":"2025-11-07T07:14:14","slug":"me-afetou-muito-record","status":"publish","type":"post","link":"https:\/\/www.europesays.com\/pt\/142620\/","title":{"rendered":"\u2018Me afetou muito\u2019 \u2013 Record"},"content":{"rendered":"<p><img decoding=\"async\" data-chromatic=\"ignore\" alt=\"\" class=\"c-image\" loading=\"lazy\" src=\"https:\/\/www.europesays.com\/pt\/wp-content\/uploads\/2025\/11\/IMFKVG2FKZDGNH5PJJBX3EADVM.png\"  width=\"677\" height=\"339\"\/>Rayane e Michelle acertam as contas antes da Ro\u00e7a Reprodu\u00e7\u00e3o\/RecordPlus <\/p>\n<p class=\"jarvics:base-text-neutral-high-400 base-text-[calc(theme(fontSize.xs)_*_var(--font-size,_1))] base-font-normal base-font-primary base-text-neutral-low-500 base-text-left\">As noites de elimina\u00e7\u00e3o deixam os pe\u00f5es \u00e0 flor da pele em <a href=\"https:\/\/record.r7.com\/a-fazenda\/a-fazenda-17\/\" rel=\"nofollow noopener\" title=\"https:\/\/record.r7.com\/a-fazenda\/a-fazenda-17\/\" target=\"_blank\"><b>A Fazenda<\/b><\/a>! Na tarde desta quinta-feira (6), <a href=\"https:\/\/record.r7.com\/a-fazenda\/a-fazenda-17\/peoes\/rayane-figliuzzi\" rel=\"nofollow noopener\" title=\"Rayane Figliuzzi\" target=\"_blank\"><b>Rayane Figliuzzi<\/b><\/a> chamou <a href=\"https:\/\/record.r7.com\/a-fazenda\/a-fazenda-17\/peoes\/michelle-barros\" target=\"_blank\" rel=\"noreferrer nofollow noopener\" title=\"https:\/\/record.r7.com\/a-fazenda\/a-fazenda-17\/peoes\/michelle-barros\"><b>Michelle Barros<\/b><\/a> para uma conversa sincera ap\u00f3s ter um <a href=\"https:\/\/record.r7.com\/a-fazenda\/a-fazenda-17\/novidades\/barraco-de-rayane-figliuzzi-e-tamires-assis-termina-com-indignacao-me-chama-de-tudo-menos-de-feia-06112025\/\" target=\"_blank\" rel=\"noreferrer nofollow noopener\" title=\"https:\/\/record.r7.com\/a-fazenda\/a-fazenda-17\/novidades\/barraco-de-rayane-figliuzzi-e-tamires-assis-termina-com-indignacao-me-chama-de-tudo-menos-de-feia-06112025\/\"><b>bate-boca com T\u00e0mires Ass\u00ees<\/b><\/a>. <\/p>\n<ul class=\"b-article-body__list-unordered\">\n<li><b>Quer ficar por dentro de tudo que est\u00e1 acontecendo em\u00a0<\/b><b>A Fazenda 17<\/b><b>?\u00a0<\/b><a href=\"https:\/\/www.whatsapp.com\/channel\/0029Va2cJIR1noz2ahzX0D1N\" target=\"_blank\" rel=\"noreferrer nofollow noopener\" title=\"https:\/\/www.whatsapp.com\/channel\/0029Va2cJIR1noz2ahzX0D1N\"><b>Clique aqui<\/b><\/a><b>\u00a0e fa\u00e7a parte do nosso canal no WhatsApp!<\/b><\/li>\n<\/ul>\n<p class=\"jarvics:base-text-neutral-high-400 base-text-[calc(theme(fontSize.xs)_*_var(--font-size,_1))] base-font-normal base-font-primary base-text-neutral-low-500 base-text-left\">Antes da Ro\u00e7a que pode dar um fim na sua participa\u00e7\u00e3o no programa, Ray desabafou com Michelle que o afastamento entre elas havia te magoado. \u201cMe afetou muito, porque sou muito dif\u00edcil de me abrir e voc\u00ea foi muito receptiva comigo durante esses 30 dias\u201d. <\/p>\n<p class=\"jarvics:base-text-neutral-high-400 base-text-[calc(theme(fontSize.xs)_*_var(--font-size,_1))] base-font-normal base-font-primary base-text-neutral-low-500 base-text-left\">Rayane revelou que sua implic\u00e2ncia com <a href=\"https:\/\/record.r7.com\/a-fazenda\/a-fazenda-17\/peoes\/shia-phoenix\" target=\"_blank\" rel=\"noreferrer nofollow noopener\" title=\"https:\/\/record.r7.com\/a-fazenda\/a-fazenda-17\/peoes\/shia-phoenix\"><b>Shia<\/b><\/a> come\u00e7ou antes mesmo do relacionamento entre eles. A peoa lembrou o epis\u00f3dio em que n\u00e3o foi escolhida para o trato quando Michelle era Fazendeira: \u201cDoeu em mim porque voc\u00ea colocou a Carol e falou para as pessoas que estava se afastando porque eu estava me \u2018passando\u2019. Ent\u00e3o comecei a me comparar: \u2018Se eu estou me passando, a Carol n\u00e3o se passa?\u2019\u201d.<\/p>\n<p class=\"jarvics:base-text-neutral-high-400 base-text-[calc(theme(fontSize.xs)_*_var(--font-size,_1))] base-font-normal base-font-primary base-text-neutral-low-500 base-text-left\">Muito emocionada durante a conversa, Ray comenta que durante os seus dois reinados como Fazendeira colocou a Michelle em algum trato com os animais. <\/p>\n<p><b>Confira o momento:<\/b><\/p>\n<p class=\"jarvics:base-text-neutral-high-400 base-text-[calc(theme(fontSize.xs)_*_var(--font-size,_1))] base-font-normal base-font-primary base-text-neutral-low-500 base-text-left\">A jornalista comentou o seu ponto de vista sobre o afastamento dos pe\u00f5es do grup\u00e3o: \u201cA <a href=\"https:\/\/record.r7.com\/a-fazenda\/a-fazenda-17\/peoes\/martina-sanzi\" target=\"_blank\" rel=\"noreferrer nofollow noopener\" title=\"https:\/\/record.r7.com\/a-fazenda\/a-fazenda-17\/peoes\/martina-sanzi\"><b>Martina<\/b><\/a> perdeu muito o tom, e voc\u00ea foi se ligando muito nela. Eu vi antes isso e pensei em me afastar\u201d. <\/p>\n<p class=\"jarvics:base-text-neutral-high-400 base-text-[calc(theme(fontSize.xs)_*_var(--font-size,_1))] base-font-normal base-font-primary base-text-neutral-low-500 base-text-left\">Al\u00e9m de Martina, a apresentadora apontou que a postura de <a href=\"https:\/\/record.r7.com\/a-fazenda\/a-fazenda-17\/peoes\/will-guimaraes\" target=\"_blank\" rel=\"noreferrer nofollow noopener\" title=\"https:\/\/record.r7.com\/a-fazenda\/a-fazenda-17\/peoes\/will-guimaraes\"><b>Will<\/b><\/a>, que era muito pr\u00f3ximo de Ray, tamb\u00e9m a deixava incomodada. O que acabou contribuindo para o distanciamento entre as duas.<\/p>\n<p class=\"jarvics:base-text-neutral-high-400 base-text-[calc(theme(fontSize.xs)_*_var(--font-size,_1))] base-font-normal base-font-primary base-text-neutral-low-500 base-text-left\">No fim do papo, as peoas se abra\u00e7aram e se desculparam por algumas atitudes. \u201cMe desculpe por qualquer coisa que eu tenha feito, obrigado por ter te conhecido e eu espero que voc\u00ea fique!\u201d, declarou Michelle. <\/p>\n<p><b>Veja s\u00f3:<\/b><\/p>\n<p class=\"jarvics:base-text-neutral-high-400 base-text-[calc(theme(fontSize.xs)_*_var(--font-size,_1))] base-font-normal base-font-primary base-text-neutral-low-500 base-text-left\">Fique ligado! <a href=\"https:\/\/record.r7.com\/a-fazenda\/a-fazenda-17\/\" rel=\"nofollow noopener\" title=\"https:\/\/record.r7.com\/a-fazenda\/a-fazenda-17\/\" target=\"_blank\"><b>A Fazenda 17<\/b><\/a> vai ao ar de segunda a domingo, \u00e0s 22h30, na tela da <a href=\"https:\/\/record.r7.com\/\" rel=\"nofollow noopener\" target=\"_blank\"><b>RECORD<\/b><\/a>. Assine o <a href=\"https:\/\/www.recordplus.com\/home\" rel=\"nofollow noopener\" title=\"https:\/\/www.recordplus.com\/home\" target=\"_blank\"><b>RecordPlus<\/b><\/a> e tenha acesso \u00e0s c\u00e2meras 24 horas.<\/p>\n<p><b>Wallas Arrais detona ex-amiga e rival na delega\u00e7\u00e3o de A Fazenda: \u2018Para aprender\u2019<\/b><\/p>\n<p class=\"jarvics:base-text-neutral-high-400 base-text-[calc(theme(fontSize.xxs)_*_var(--font-size,_1))] base-font-semibold base-font-primary base-text-neutral-low-500 base-text-left\">O Fazendeiro Wallas Arrais colocou sua vers\u00e3o debochada para delegar as fun\u00e7\u00f5es dos pe\u00f5es! O mandachuva aproveitou os embates para designar os rivais para as piores tarefas de A Fazenda 17. Rolou treta e careta, se liga!<\/p>\n","protected":false},"excerpt":{"rendered":"Rayane e Michelle acertam as contas antes da Ro\u00e7a Reprodu\u00e7\u00e3o\/RecordPlus As noites de elimina\u00e7\u00e3o deixam os pe\u00f5es \u00e0&hellip;\n","protected":false},"author":2,"featured_media":142621,"comment_status":"","ping_status":"","sticky":false,"template":"","format":"standard","meta":{"footnotes":""},"categories":[145],"tags":[657,211,210,114,115,17001,32,33,15359],"class_list":{"0":"post-142620","1":"post","2":"type-post","3":"status-publish","4":"format-standard","5":"has-post-thumbnail","7":"category-celebridades","8":"tag-a-fazenda","9":"tag-celebridades","10":"tag-celebrities","11":"tag-entertainment","12":"tag-entretenimento","13":"tag-michelle-barros","14":"tag-portugal","15":"tag-pt","16":"tag-rayane-figliuzzi"},"share_on_mastodon":{"url":"https:\/\/pubeurope.com\/@pt\/115507184663484240","error":""},"_links":{"self":[{"href":"https:\/\/www.europesays.com\/pt\/wp-json\/wp\/v2\/posts\/142620","targetHints":{"allow":["GET"]}}],"collection":[{"href":"https:\/\/www.europesays.com\/pt\/wp-json\/wp\/v2\/posts"}],"about":[{"href":"https:\/\/www.europesays.com\/pt\/wp-json\/wp\/v2\/types\/post"}],"author":[{"embeddable":true,"href":"https:\/\/www.europesays.com\/pt\/wp-json\/wp\/v2\/users\/2"}],"replies":[{"embeddable":true,"href":"https:\/\/www.europesays.com\/pt\/wp-json\/wp\/v2\/comments?post=142620"}],"version-history":[{"count":0,"href":"https:\/\/www.europesays.com\/pt\/wp-json\/wp\/v2\/posts\/142620\/revisions"}],"wp:featuredmedia":[{"embeddable":true,"href":"https:\/\/www.europesays.com\/pt\/wp-json\/wp\/v2\/media\/142621"}],"wp:attachment":[{"href":"https:\/\/www.europesays.com\/pt\/wp-json\/wp\/v2\/media?parent=142620"}],"wp:term":[{"taxonomy":"category","embeddable":true,"href":"https:\/\/www.europesays.com\/pt\/wp-json\/wp\/v2\/categories?post=142620"},{"taxonomy":"post_tag","embeddable":true,"href":"https:\/\/www.europesays.com\/pt\/wp-json\/wp\/v2\/tags?post=142620"}],"curies":[{"name":"wp","href":"https:\/\/api.w.org\/{rel}","templated":true}]}}