{"id":142625,"date":"2025-11-07T07:26:11","date_gmt":"2025-11-07T07:26:11","guid":{"rendered":"https:\/\/www.europesays.com\/pt\/142625\/"},"modified":"2025-11-07T07:26:11","modified_gmt":"2025-11-07T07:26:11","slug":"grupo-ultranacionalista-realiza-congresso-em-colegio-catolico-do-porto","status":"publish","type":"post","link":"https:\/\/www.europesays.com\/pt\/142625\/","title":{"rendered":"Grupo ultranacionalista realiza congresso em col\u00e9gio cat\u00f3lico do Porto"},"content":{"rendered":"<p data-remotead-prev-elm=\"true\" data-remotead-elm-id=\"inread\">O coordenador do audit\u00f3rio Francisco Assis, constru\u00eddo pelo Col\u00e9gio Luso-Franc\u00eas, admitiu ao jornal &#8220;Expresso&#8221; que n\u00e3o vai cancelar o evento por ter obriga\u00e7\u00f5es a cumprir com o cliente, acrescentando que n\u00e3o existem liga\u00e7\u00f5es ao col\u00e9gio porque a &#8220;gest\u00e3o de rentabiliza\u00e7\u00e3o do espa\u00e7o \u00e9 pr\u00f3pria do audit\u00f3rio&#8221;. O respons\u00e1vel admitiu ainda que n\u00e3o tem nenhuma liga\u00e7\u00e3o com a organiza\u00e7\u00e3o extremista. O gabinete de comunica\u00e7\u00e3o da C\u00e2mara do Porto, citada pelo seman\u00e1rio, revelou que a Pol\u00edcia Municipal recebeu uma den\u00fancia sobre o congresso.<\/p>\n<p>O evento realiza-se \u00e0 porta fechada e \u00e9 necess\u00e1rio ter bilhete, cujo pre\u00e7o varia entre os 15 euros e os 200 euros. Ter\u00e1 oradores nacionais e internacionais. \u00c0 cabe\u00e7a est\u00e1 o antigo deputado, Ant\u00f3nio de Sousa Lara, entre 1980 e 1991. Tamb\u00e9m foi o subsecret\u00e1rio de Estado da Cultura do Governo de Cavaco Silva e ficou conhecido por impedir a candidatura do livro &#8220;O Evangelho segundo Jesus Cristo&#8221;, de Jos\u00e9 Saramago, a um pr\u00e9mio europeu de literatura. V\u00e3o marcar ainda presen\u00e7a figuras da direita radical dos Estados Unidos, Alemanha, Irlanda, Fran\u00e7a e Reino Unido.<\/p>\n<p>O presidente e fundador do grupo de extrema-direita Reconquista, fundado em 2023, tem organizado <a href=\"https:\/\/www.jn.pt\/justica\/artigo\/lider-do-grupo-de-extrema-direita-reconquista-detido-por-desobediencia\/17755128\" target=\"_blank\" rel=\"nofollow noopener\">manifesta\u00e7\u00f5es em locais onde se concentram imigrantes ou em eventos LGBTQ+<\/a>, filmando os protestos para posteriormente publicar nas redes sociais. Em junho, foi detido pela PSP por desobedi\u00eancia, junto a um local de culto sikh, em Odivelas, ap\u00f3s uma manifesta\u00e7\u00e3o contra um grupo que diz ser a &#8220;substitui\u00e7\u00e3o populacional&#8221;. Em mar\u00e7o, j\u00e1 tinha invadido um pr\u00e9dio na Rua do Benformoso, no Martim Moniz, em Lisboa, e, tamb\u00e9m este ano, foi expulso de um evento que decorreu no Porto em que o tema era a imigra\u00e7\u00e3o.<\/p>\n<p>O audit\u00f3rio Francisco Assis tem capacidade para 339 pessoas e um palco de 140 metros quadrados. No site do Col\u00e9gio Luso-Franc\u00eas l\u00ea-se que &#8220;disp\u00f5e de equipamentos e infraestruturas que lhe permitem acolher todo o tipo de eventos socioculturais, art\u00edsticos e acad\u00e9micos, que juntamente com a sua localiza\u00e7\u00e3o, fazem deste um espa\u00e7o de refer\u00eancia&#8221;.<\/p>\n","protected":false},"excerpt":{"rendered":"O coordenador do audit\u00f3rio Francisco Assis, constru\u00eddo pelo Col\u00e9gio Luso-Franc\u00eas, admitiu ao jornal &#8220;Expresso&#8221; que n\u00e3o vai cancelar&hellip;\n","protected":false},"author":2,"featured_media":142626,"comment_status":"","ping_status":"","sticky":false,"template":"","format":"standard","meta":{"footnotes":""},"categories":[10],"tags":[27,28,1426,9041,15,16,14,25,26,21,22,619,12,13,19,20,52,32,23,24,33,17,18,29,30,31],"class_list":{"0":"post-142625","1":"post","2":"type-post","3":"status-publish","4":"format-standard","5":"has-post-thumbnail","7":"category-portugal","8":"tag-breaking-news","9":"tag-breakingnews","10":"tag-congresso","11":"tag-extrema-direita","12":"tag-featured-news","13":"tag-featurednews","14":"tag-headlines","15":"tag-latest-news","16":"tag-latestnews","17":"tag-main-news","18":"tag-mainnews","19":"tag-nacional","20":"tag-news","21":"tag-noticias","22":"tag-noticias-principais","23":"tag-noticiasprincipais","24":"tag-politica","25":"tag-portugal","26":"tag-principais-noticias","27":"tag-principaisnoticias","28":"tag-pt","29":"tag-top-stories","30":"tag-topstories","31":"tag-ultimas","32":"tag-ultimas-noticias","33":"tag-ultimasnoticias"},"share_on_mastodon":{"url":"https:\/\/pubeurope.com\/@pt\/115507231757086020","error":""},"_links":{"self":[{"href":"https:\/\/www.europesays.com\/pt\/wp-json\/wp\/v2\/posts\/142625","targetHints":{"allow":["GET"]}}],"collection":[{"href":"https:\/\/www.europesays.com\/pt\/wp-json\/wp\/v2\/posts"}],"about":[{"href":"https:\/\/www.europesays.com\/pt\/wp-json\/wp\/v2\/types\/post"}],"author":[{"embeddable":true,"href":"https:\/\/www.europesays.com\/pt\/wp-json\/wp\/v2\/users\/2"}],"replies":[{"embeddable":true,"href":"https:\/\/www.europesays.com\/pt\/wp-json\/wp\/v2\/comments?post=142625"}],"version-history":[{"count":0,"href":"https:\/\/www.europesays.com\/pt\/wp-json\/wp\/v2\/posts\/142625\/revisions"}],"wp:featuredmedia":[{"embeddable":true,"href":"https:\/\/www.europesays.com\/pt\/wp-json\/wp\/v2\/media\/142626"}],"wp:attachment":[{"href":"https:\/\/www.europesays.com\/pt\/wp-json\/wp\/v2\/media?parent=142625"}],"wp:term":[{"taxonomy":"category","embeddable":true,"href":"https:\/\/www.europesays.com\/pt\/wp-json\/wp\/v2\/categories?post=142625"},{"taxonomy":"post_tag","embeddable":true,"href":"https:\/\/www.europesays.com\/pt\/wp-json\/wp\/v2\/tags?post=142625"}],"curies":[{"name":"wp","href":"https:\/\/api.w.org\/{rel}","templated":true}]}}