{"id":142635,"date":"2025-11-07T07:57:07","date_gmt":"2025-11-07T07:57:07","guid":{"rendered":"https:\/\/www.europesays.com\/pt\/142635\/"},"modified":"2025-11-07T07:57:07","modified_gmt":"2025-11-07T07:57:07","slug":"casa-de-dois-andares-construida-somente-com-barro-em-pleno-sertao-se-mantem-intacta-desde-1950-e-desafia-a-logica-da-engenharia","status":"publish","type":"post","link":"https:\/\/www.europesays.com\/pt\/142635\/","title":{"rendered":"Casa de dois andares constru\u00edda somente com barro em pleno sert\u00e3o se mant\u00e9m intacta desde 1950 e desafia a l\u00f3gica da engenharia"},"content":{"rendered":"<p>                                Primeiro sobrado de taipa do Brasil fica no Cear\u00e1 e se tornou s\u00edmbolo de resist\u00eancia, cultura e sustentabilidade no semi\u00e1rido<\/p>\n<p>                  <img decoding=\"async\" width=\"1757\" height=\"1046\" src=\"https:\/\/www.europesays.com\/pt\/wp-content\/uploads\/2025\/11\/casa-de-taipa-1.jpg\" class=\"img-fluid animate__animated animate__fadeIn skip-lazy wp-post-image\" alt=\"Primeira sobrado de taipa do Brasil\" fetchpriority=\"high\"  \/>                  (Foto: Reprodu\u00e7\u00e3o\/ Facebook)<\/p>\n<p>Em pleno sert\u00e3o nordestino, uma constru\u00e7\u00e3o simples, feita apenas de barro e madeira, se transformou em um dos maiores s\u00edmbolos da arquitetura popular brasileira.<\/p>\n<p>Erguida em 1950, no munic\u00edpio do Crato, no Cear\u00e1, a casa de taipa de dois andares resiste firme h\u00e1 mais de sete d\u00e9cadas.<\/p>\n<p>\u00c9 considerada o primeiro sobrado de taipa do Brasil, t\u00edtulo que impressiona engenheiros e arquitetos at\u00e9 hoje.<\/p>\n<p>A t\u00e9cnica usada na obra \u00e9 antiga. Conhecida como taipa de m\u00e3o, ela utiliza barro misturado com fibras vegetais e madeira para formar paredes resistentes.<\/p>\n<p>O segredo est\u00e1 na compacta\u00e7\u00e3o do material e na espessura das paredes, que chegam a ter mais de 40 cent\u00edmetros.<\/p>\n<p>Essa combina\u00e7\u00e3o garante estabilidade e conforto t\u00e9rmico. Mesmo assim, sob o calor intenso do sert\u00e3o, o interior da casa permanece fresco, sem necessidade de energia el\u00e9trica ou equipamentos modernos.<\/p>\n<p>O criador da obra foi Jefferson da Fran\u00e7a Alencar, morador do S\u00edtio Fund\u00e3o.<\/p>\n<p>Sem forma\u00e7\u00e3o t\u00e9cnica, ele usou apenas o conhecimento emp\u00edrico da regi\u00e3o para erguer uma estrutura que, at\u00e9 hoje, desafia o tempo e a l\u00f3gica da engenharia.<\/p>\n<p>Restaura\u00e7\u00e3o<\/p>\n<p>A equipe restaurou o sobrado em 2017, e hoje ele integra o Centro de Visitantes do Parque Estadual do S\u00edtio Fund\u00e3o.<\/p>\n<p>\u00a0<\/p>\n<p>O local recebe pesquisadores, turistas e curiosos interessados em conhecer o valor cultural da t\u00e9cnica de taipa.<\/p>\n<p>Assim, mais do que um exemplo de resist\u00eancia, a constru\u00e7\u00e3o mostra como o saber popular pode se transformar em refer\u00eancia de sustentabilidade.<\/p>\n<p>Afinal, em tempos de busca por constru\u00e7\u00f5es ecol\u00f3gicas, o sobrado de taipa do Crato volta a ser inspira\u00e7\u00e3o para quem valoriza a simplicidade e a intelig\u00eancia do povo nordestino.<\/p>\n<p>Contudo, com quase 75 anos, a casa segue firme, como prova viva de que a tradi\u00e7\u00e3o e o conhecimento local podem superar o tempo e continuar inspirando o futuro.<\/p>\n<p>Siga o<strong>\u00a0Portal 6<\/strong>\u00a0no<a href=\"https:\/\/news.google.com\/publications\/CAAqKQgKIiNDQklTRkFnTWFoQUtEbkJ2Y25SaGJEWXVZMjl0TG1KeUtBQVAB\/sections\/CAQifkNCSVNXRG9pWjJGeVlXMXZibVJmY0hWaWJHbHphR1Z5WDNObFkzUnBiMjVmWldScGRHbHZia0lhWjJGeVlXMXZibVJmY0hWaWJHbHphR1Z5WDNObFkzUnBiMjV5RmdvVUNoSkhRVkpCVFU5T1JGOUdWVXhNWDA1QlRVVW9BQSotCAAqKQgKIiNDQklTRkFnTWFoQUtEbkJ2Y25SaGJEWXVZMjl0TG1KeUtBQVABUAE?ceid=BR:pt-419&amp;oc=3\" rel=\"nofollow noopener\" target=\"_blank\">\u00a0Google News<\/a> fique por dentro de tudo!<\/p>\n","protected":false},"excerpt":{"rendered":"Primeiro sobrado de taipa do Brasil fica no Cear\u00e1 e se tornou s\u00edmbolo de resist\u00eancia, cultura e sustentabilidade&hellip;\n","protected":false},"author":2,"featured_media":142636,"comment_status":"","ping_status":"","sticky":false,"template":"","format":"standard","meta":{"footnotes":""},"categories":[144],"tags":[207,205,206,203,201,202,204,114,115,32,33],"class_list":{"0":"post-142635","1":"post","2":"type-post","3":"status-publish","4":"format-standard","5":"has-post-thumbnail","7":"category-arte-e-design","8":"tag-arte","9":"tag-arte-e-design","10":"tag-artedesign","11":"tag-arts","12":"tag-arts-and-design","13":"tag-artsanddesign","14":"tag-design","15":"tag-entertainment","16":"tag-entretenimento","17":"tag-portugal","18":"tag-pt"},"share_on_mastodon":{"url":"https:\/\/pubeurope.com\/@pt\/115507353694848109","error":""},"_links":{"self":[{"href":"https:\/\/www.europesays.com\/pt\/wp-json\/wp\/v2\/posts\/142635","targetHints":{"allow":["GET"]}}],"collection":[{"href":"https:\/\/www.europesays.com\/pt\/wp-json\/wp\/v2\/posts"}],"about":[{"href":"https:\/\/www.europesays.com\/pt\/wp-json\/wp\/v2\/types\/post"}],"author":[{"embeddable":true,"href":"https:\/\/www.europesays.com\/pt\/wp-json\/wp\/v2\/users\/2"}],"replies":[{"embeddable":true,"href":"https:\/\/www.europesays.com\/pt\/wp-json\/wp\/v2\/comments?post=142635"}],"version-history":[{"count":0,"href":"https:\/\/www.europesays.com\/pt\/wp-json\/wp\/v2\/posts\/142635\/revisions"}],"wp:featuredmedia":[{"embeddable":true,"href":"https:\/\/www.europesays.com\/pt\/wp-json\/wp\/v2\/media\/142636"}],"wp:attachment":[{"href":"https:\/\/www.europesays.com\/pt\/wp-json\/wp\/v2\/media?parent=142635"}],"wp:term":[{"taxonomy":"category","embeddable":true,"href":"https:\/\/www.europesays.com\/pt\/wp-json\/wp\/v2\/categories?post=142635"},{"taxonomy":"post_tag","embeddable":true,"href":"https:\/\/www.europesays.com\/pt\/wp-json\/wp\/v2\/tags?post=142635"}],"curies":[{"name":"wp","href":"https:\/\/api.w.org\/{rel}","templated":true}]}}