{"id":142641,"date":"2025-11-07T08:09:26","date_gmt":"2025-11-07T08:09:26","guid":{"rendered":"https:\/\/www.europesays.com\/pt\/142641\/"},"modified":"2025-11-07T08:09:26","modified_gmt":"2025-11-07T08:09:26","slug":"portugal-aplica-nova-goleada-no-mundial-de-sub-17-agora-frente-a-marrocos-futebol","status":"publish","type":"post","link":"https:\/\/www.europesays.com\/pt\/142641\/","title":{"rendered":"Portugal aplica nova goleada no Mundial de sub-17, agora frente a Marrocos | Futebol"},"content":{"rendered":"<p>A selec\u00e7\u00e3o portuguesa ficou nesta quinta-feira mais perto de se apurar para os 16 avos-de-final do Mundial de futebol de sub-17, ao alcan\u00e7ar nova goleada, perante Marrocos, por 6-0, na segunda jornada do Grupo B, em Doha.<\/p>\n<p>Depois do triunfo por 6-1 sobre a Nova Caled\u00f3nia na estreia, a forma\u00e7\u00e3o campe\u00e3 europeia daquele escal\u00e3o imp\u00f4s-se novamente com meia d\u00fazia de golos, da autoria de Jo\u00e3o Arag\u00e3o (20 minutos), An\u00edsio Cabral (22&#8242;), Mateus Mide (29&#8242; e 44&#8242;, este \u00faltimo de grande penalidade) e Jos\u00e9 Neto (46&#8242; e 60&#8242;).<\/p>\n<p>Portugal, que participa pela quarta vez num Mundial de sub-17, ap\u00f3s 1989, 1995 e 2003, lidera o Grupo B, com seis pontos, e j\u00e1 garantiu o apuramento para os 16 avos-de-final, fruto do empate a zero do Jap\u00e3o com a Nova Caled\u00f3nia.<\/p>\n<p>A selec\u00e7\u00e3o portuguesa fecha a participa\u00e7\u00e3o no Grupo B no domingo, diante do Jap\u00e3o, a partir das 13h30 (hora em Lisboa), numa competi\u00e7\u00e3o que decorre at\u00e9 27 de Novembro, no Qatar.<\/p>\n","protected":false},"excerpt":{"rendered":"A selec\u00e7\u00e3o portuguesa ficou nesta quinta-feira mais perto de se apurar para os 16 avos-de-final do Mundial de&hellip;\n","protected":false},"author":2,"featured_media":142642,"comment_status":"","ping_status":"","sticky":false,"template":"","format":"standard","meta":{"footnotes":""},"categories":[8],"tags":[27,28,135,15,16,524,138,14,25,26,21,22,1959,12,13,19,20,32,23,24,33,31532,17,18,29,30,31],"class_list":{"0":"post-142641","1":"post","2":"type-post","3":"status-publish","4":"format-standard","5":"has-post-thumbnail","7":"category-principais-noticias","8":"tag-breaking-news","9":"tag-breakingnews","10":"tag-desporto","11":"tag-featured-news","12":"tag-featurednews","13":"tag-futebol","14":"tag-futebol-internacional","15":"tag-headlines","16":"tag-latest-news","17":"tag-latestnews","18":"tag-main-news","19":"tag-mainnews","20":"tag-marrocos","21":"tag-news","22":"tag-noticias","23":"tag-noticias-principais","24":"tag-noticiasprincipais","25":"tag-portugal","26":"tag-principais-noticias","27":"tag-principaisnoticias","28":"tag-pt","29":"tag-sub-17","30":"tag-top-stories","31":"tag-topstories","32":"tag-ultimas","33":"tag-ultimas-noticias","34":"tag-ultimasnoticias"},"share_on_mastodon":{"url":"https:\/\/pubeurope.com\/@pt\/115507401026084889","error":""},"_links":{"self":[{"href":"https:\/\/www.europesays.com\/pt\/wp-json\/wp\/v2\/posts\/142641","targetHints":{"allow":["GET"]}}],"collection":[{"href":"https:\/\/www.europesays.com\/pt\/wp-json\/wp\/v2\/posts"}],"about":[{"href":"https:\/\/www.europesays.com\/pt\/wp-json\/wp\/v2\/types\/post"}],"author":[{"embeddable":true,"href":"https:\/\/www.europesays.com\/pt\/wp-json\/wp\/v2\/users\/2"}],"replies":[{"embeddable":true,"href":"https:\/\/www.europesays.com\/pt\/wp-json\/wp\/v2\/comments?post=142641"}],"version-history":[{"count":0,"href":"https:\/\/www.europesays.com\/pt\/wp-json\/wp\/v2\/posts\/142641\/revisions"}],"wp:featuredmedia":[{"embeddable":true,"href":"https:\/\/www.europesays.com\/pt\/wp-json\/wp\/v2\/media\/142642"}],"wp:attachment":[{"href":"https:\/\/www.europesays.com\/pt\/wp-json\/wp\/v2\/media?parent=142641"}],"wp:term":[{"taxonomy":"category","embeddable":true,"href":"https:\/\/www.europesays.com\/pt\/wp-json\/wp\/v2\/categories?post=142641"},{"taxonomy":"post_tag","embeddable":true,"href":"https:\/\/www.europesays.com\/pt\/wp-json\/wp\/v2\/tags?post=142641"}],"curies":[{"name":"wp","href":"https:\/\/api.w.org\/{rel}","templated":true}]}}