{"id":142649,"date":"2025-11-07T08:24:08","date_gmt":"2025-11-07T08:24:08","guid":{"rendered":"https:\/\/www.europesays.com\/pt\/142649\/"},"modified":"2025-11-07T08:24:08","modified_gmt":"2025-11-07T08:24:08","slug":"apple-vai-pagar-uma-fortuna-a-google-para-gemini-alimentar-a-siri","status":"publish","type":"post","link":"https:\/\/www.europesays.com\/pt\/142649\/","title":{"rendered":"Apple vai pagar uma fortuna \u00e0 Google para Gemini alimentar a Siri"},"content":{"rendered":"<p>O estado da IA no ecossistema da Apple preocupa os utilizadores. Est\u00e1 muito atrasada em rela\u00e7\u00e3o a toda a concorr\u00eancia e n\u00e3o parece ter forma de acelerar o processo. Ap\u00f3s ter sido revelada uma poss\u00edvel parceria com a Google para usar o Gemini na nova Siri, surge agora dados adicionais. O mais relevante \u00e9 que a Apple vai pagar mil milh\u00f5es por ano para ter esta solu\u00e7\u00e3o.<\/p>\n<p><a target=\"_blank\" href=\"https:\/\/pplware.sapo.pt\/wp-content\/uploads\/2025\/11\/gemini_siri_apple_1.jpg\" onclick=\"refreshIframe()\" class=\"foobox\" rel=\"nofollow noopener\"><img fetchpriority=\"high\" decoding=\"async\" src=\"https:\/\/www.europesays.com\/pt\/wp-content\/uploads\/2025\/11\/gemini_siri_apple_1-1024x576.jpg\" alt=\"Apple Google Gemini Siri IA\" width=\"720\" height=\"405\" class=\"aligncenter size-large wp-image-1087254\"  \/><\/a>\n<\/p>\n<p>Apple vai pagar uma fortuna \u00e0 Google<\/p>\n<p>H\u00e1 poucos dias revel\u00e1mos que a Apple estaria a recorrer \u00e0 Google para potenciar a Siri com o Gemini. Agora, surgem mais informa\u00e7\u00f5es e mais detalhes. De acordo com uma <a target=\"_blank\" href=\"https:\/\/www.bloomberg.com\/news\/articles\/2025-11-05\/apple-plans-to-use-1-2-trillion-parameter-google-gemini-model-to-power-new-siri\" rel=\"nofollow noopener\">not\u00edcia da Bloomberg<\/a>, a <strong>Apple planeia pagar \u00e0 Alphabet mil milh\u00f5es de d\u00f3lares por ano. <\/strong>Isto para ter acesso a um modelo de IA extremamente poderoso com 1,2 bili\u00f5es de par\u00e2metros, que alimentar\u00e1 a assistente de voz Siri.<\/p>\n<p>O modelo Gemini da Google ser\u00e1 utilizado pela Apple para lidar com as fun\u00e7\u00f5es de resumo e planeamento da Siri. As fun\u00e7\u00f5es de planeamento podem sintetizar informa\u00e7\u00e3o e executar tarefas complexas. A Apple planeia tratar a Google como um fornecedor de tecnologia nos bastidores. Isto significa que os utilizadores de iPhone nunca saber\u00e3o que a Apple depende da criadora do Android para alimentar a sua IA.<\/p>\n<p>O sistema Gemini personalizado com 1,2 bili\u00f5es de par\u00e2metros representa um avan\u00e7o relativamente ao modelo de 150 mil milh\u00f5es de par\u00e2metros atualmente utilizado para o Apple Intelligence baseado na cloud. A Bloomberg referiu ainda que o modelo da Google ser\u00e1 executado nos servidores Private Cloud Compute da Apple, o que significa que ser\u00e1 separado da infraestrutura da Google.<\/p>\n<p><a target=\"_blank\" href=\"https:\/\/pplware.sapo.pt\/wp-content\/uploads\/2025\/11\/gemini_siri_apple_2.jpg\" onclick=\"refreshIframe()\" class=\"foobox\" rel=\"nofollow noopener\"><img loading=\"lazy\" decoding=\"async\" src=\"https:\/\/www.europesays.com\/pt\/wp-content\/uploads\/2025\/11\/gemini_siri_apple_2-1024x576.jpg\" alt=\"Apple Google Gemini Siri IA\" width=\"720\" height=\"405\" class=\"aligncenter size-large wp-image-1087255\"  \/><\/a><\/p>\n<p>Gemini dever\u00e1 alimentar a IA da nova Siri<\/p>\n<p>A nova assistente de voz planeada para o iOS 26.4 tem o nome de c\u00f3digo Linwood, e o projeto para corrigir a Siri com um modelo de terceiros \u00e9 conhecido internamente como Glenwood. Esta nova Siri dever\u00e1 ser lan\u00e7ada na primavera do pr\u00f3ximo ano, e usar o Gemini como base \u00e9 apenas uma solu\u00e7\u00e3o provis\u00f3ria, dado que a Apple admite estar atrasada na IA.<\/p>\n<p>A Apple estaria a trabalhar no seu pr\u00f3prio modelo baseado na cloud com 1 bili\u00e3o de par\u00e2metros, que espera ter pronto para aplica\u00e7\u00f5es de consumo j\u00e1 no pr\u00f3ximo ano e que poder\u00e1 substituir o Gemini. De notar que \u00e9 improv\u00e1vel que a Siri com Gemini esteja dispon\u00edvel na China devido \u00e0 proibi\u00e7\u00e3o dos servi\u00e7os da Google no pa\u00eds.<\/p>\n<p>Na China, espera-se que a Apple utilize modelos pr\u00f3prios, juntamente com um filtro desenvolvido pela Alibaba. A empresa est\u00e1 tamb\u00e9m a considerar uma parceria com a Baidu para as suas ofertas de IA na China.<\/p>\n","protected":false},"excerpt":{"rendered":"O estado da IA no ecossistema da Apple preocupa os utilizadores. Est\u00e1 muito atrasada em rela\u00e7\u00e3o a toda&hellip;\n","protected":false},"author":2,"featured_media":142650,"comment_status":"","ping_status":"","sticky":false,"template":"","format":"standard","meta":{"footnotes":""},"categories":[84],"tags":[247,109,107,108,4995,643,414,32,33,105,103,104,5830,106,110],"class_list":{"0":"post-142649","1":"post","2":"type-post","3":"status-publish","4":"format-standard","5":"has-post-thumbnail","7":"category-ciencia-e-tecnologia","8":"tag-apple","9":"tag-ciencia","10":"tag-ciencia-e-tecnologia","11":"tag-cienciaetecnologia","12":"tag-gemini","13":"tag-google","14":"tag-ia","15":"tag-portugal","16":"tag-pt","17":"tag-science","18":"tag-science-and-technology","19":"tag-scienceandtechnology","20":"tag-siri","21":"tag-technology","22":"tag-tecnologia"},"share_on_mastodon":{"url":"https:\/\/pubeurope.com\/@pt\/115507460532231109","error":""},"_links":{"self":[{"href":"https:\/\/www.europesays.com\/pt\/wp-json\/wp\/v2\/posts\/142649","targetHints":{"allow":["GET"]}}],"collection":[{"href":"https:\/\/www.europesays.com\/pt\/wp-json\/wp\/v2\/posts"}],"about":[{"href":"https:\/\/www.europesays.com\/pt\/wp-json\/wp\/v2\/types\/post"}],"author":[{"embeddable":true,"href":"https:\/\/www.europesays.com\/pt\/wp-json\/wp\/v2\/users\/2"}],"replies":[{"embeddable":true,"href":"https:\/\/www.europesays.com\/pt\/wp-json\/wp\/v2\/comments?post=142649"}],"version-history":[{"count":0,"href":"https:\/\/www.europesays.com\/pt\/wp-json\/wp\/v2\/posts\/142649\/revisions"}],"wp:featuredmedia":[{"embeddable":true,"href":"https:\/\/www.europesays.com\/pt\/wp-json\/wp\/v2\/media\/142650"}],"wp:attachment":[{"href":"https:\/\/www.europesays.com\/pt\/wp-json\/wp\/v2\/media?parent=142649"}],"wp:term":[{"taxonomy":"category","embeddable":true,"href":"https:\/\/www.europesays.com\/pt\/wp-json\/wp\/v2\/categories?post=142649"},{"taxonomy":"post_tag","embeddable":true,"href":"https:\/\/www.europesays.com\/pt\/wp-json\/wp\/v2\/tags?post=142649"}],"curies":[{"name":"wp","href":"https:\/\/api.w.org\/{rel}","templated":true}]}}