{"id":142657,"date":"2025-11-07T08:37:07","date_gmt":"2025-11-07T08:37:07","guid":{"rendered":"https:\/\/www.europesays.com\/pt\/142657\/"},"modified":"2025-11-07T08:37:07","modified_gmt":"2025-11-07T08:37:07","slug":"lusitania-de-lourosa-contesta-encontro-com-ud-leiria-no-algarve-situacao-inadmissivel-zerozero-pt","status":"publish","type":"post","link":"https:\/\/www.europesays.com\/pt\/142657\/","title":{"rendered":"Lusit\u00e2nia de Lourosa contesta encontro com UD Leiria no Algarve: \u00abSitua\u00e7\u00e3o inadmiss\u00edvel\u00bb &#8211; zerozero.pt"},"content":{"rendered":"<ol>\n<li><a href=\"https:\/\/news.google.com\/rss\/articles\/CBMixAFBVV95cUxOSUFKdXBkVDJpLTVOdFIyMWZLNlJQU2pEdVFaRTRSUzFYUFVhV2ZtX3FCM2dMSWJnVHA2b3U3anZaQVNkS2dXWEY3bUk4dWM1clZ4ZG5sdjlDb0JFM21hdGdQWW5mZXJNd3BablQ2d19NNzdYY3RqYlBWeHI3bUZJa0w2UDZRSm9uMmFMdWRsSG92WGNJWFZiNVkwUURLRW9IZG5zMDRoWl9IT3hvTVZRbkx0czd0cUpDZHdmLXJWbW0xbjBO?oc=5\" target=\"_blank\" rel=\"nofollow noopener\">Lusit\u00e2nia de Lourosa contesta encontro com UD Leiria no Algarve: \u00abSitua\u00e7\u00e3o inadmiss\u00edvel\u00bb<\/a>&nbsp;&nbsp;zerozero.pt<\/li>\n<li><a href=\"https:\/\/news.google.com\/rss\/articles\/CBMipgFBVV95cUxQSGxhaFhpMl9JQ0xVaWFZdXpGOVVTOTFnb3lYeWduNXVWVXhWLVlkalRYNGtJSHcyeVB6TnJHZnVhUUxqOVVtS2RvT0dTbVl4V3BwdFhHTV81TDZVZXppVnhCWFNvNm54cmlSZTg5UmExLTdleWIxZzlpZjM4Unl1T1QwWjl0T29oN2k5aTl5S2dwWTJiNTBzRjhiT0R5MlVwN3hjMzBn?oc=5\" target=\"_blank\" rel=\"nofollow noopener\">Liga 2: Lourosa-UD Leiria vai ser disputado&#8230; no Algarve<\/a>&nbsp;&nbsp;A Bola<\/li>\n<li><a href=\"https:\/\/news.google.com\/rss\/articles\/CBMi7AFBVV95cUxOdDY0eDhZZ2NjRE9yREFzNExVcEtGRWFqS1pOWEZhVHd1QlpuMWJoenRLcGUtYkg0TWdZSzdwVlNPT0V3RWpFQnpFNjNwSGxtOVpKQVJpdy1QUmFRcnlzOHhLUF8wWGMwc0lzRktnQzhienFmTWhISzlhR1ltM05sN3FJd3FQU21HdDhQTU1nVWRBbVlBWnpGVWQ4ZzZuMEhFUFp3ajFFNDFVUFk5dkNkUGV3NWs5UWNoYVJ5ci1PQmxwOUoyNkVaNnFQT1VTeWxzdDVwYkNWeS0xUmlpTEg3d0JDcDRLcVpJQi1Xdg?oc=5\" target=\"_blank\" rel=\"nofollow noopener\">Lus. Lourosa explica mudan\u00e7a de jogo para o Algarve com cr\u00edticas \u00e0 postura da U. Leiria<\/a>&nbsp;&nbsp;Record<\/li>\n<li><a href=\"https:\/\/news.google.com\/rss\/articles\/CBMimAFBVV95cUxQV0cwZjF4a1dTZ0c1cEdiTDBDT2ZRTEtHcFBwY3FiUVhtTkZLNkQ1N2xBbzZPcW9QckZqdDlRYkZJMEFiTXpjLUVQaWFfbEZhMFZGMGRSenpSaklINnQxa1NFZHpNS18zSmZBUjZJYlVGM0tkQjNvdlJZUVRId2dvVmJiSmstZG1aMVBSTkRTTDlFV0FvSTFCaQ?oc=5\" target=\"_blank\" rel=\"nofollow noopener\">Lusit\u00e2nia de Lourosa recebe a Uni\u00e3o de Leiria&#8230; em Faro<\/a>&nbsp;&nbsp;Di\u00e1rio de Aveiro<\/li>\n<li><a href=\"https:\/\/news.google.com\/rss\/articles\/CBMiugFBVV95cUxQbm5CUFRmeGpqNThiWTdwdEtFaWZUU0Z0UHBRYVo4bS1kOUpMeFVVcWd6VGdrY2ltYUFsRkJoTFZmLUJRdE0wTElXVmgtcHZDV1JnVk84V0ZLR3ZuR0VfOGZPUTdVNHA3SGgtVlUwcFhXOU4xelF2TnZNZnFFVzFQd1p4UGpmVDA1VXFLZkxSc1FWN3kwOE5wMkUxbVQydDhjdXc4U2pVS0g2QjJLem55TXAxQkVmeDJlb1E?oc=5\" target=\"_blank\" rel=\"nofollow noopener\">Lourosa lamenta transfer\u00eancia &#8220;pouco digna&#8221; de jogo para Est\u00e1dio Algarve<\/a>&nbsp;&nbsp;SAPO<\/li>\n<\/ol>\n","protected":false},"excerpt":{"rendered":"Lusit\u00e2nia de Lourosa contesta encontro com UD Leiria no Algarve: \u00abSitua\u00e7\u00e3o inadmiss\u00edvel\u00bb&nbsp;&nbsp;zerozero.pt Liga 2: Lourosa-UD Leiria vai ser&hellip;\n","protected":false},"author":2,"featured_media":142658,"comment_status":"","ping_status":"","sticky":false,"template":"","format":"standard","meta":{"footnotes":""},"categories":[87],"tags":[3056,2685,135,16996,870,2698,526,31454,524,1003,6027,13,32,33,527,31535,525,134,31536,2697,523],"class_list":{"0":"post-142657","1":"post","2":"type-post","3":"status-publish","4":"format-standard","5":"has-post-thumbnail","7":"category-desporto","8":"tag-ao-vivo","9":"tag-bola","10":"tag-desporto","11":"tag-europeu","12":"tag-eventos","13":"tag-fifa","14":"tag-football","15":"tag-forum","16":"tag-futebol","17":"tag-liga-dos-campeoes","18":"tag-mundial","19":"tag-noticias","20":"tag-portugal","21":"tag-pt","22":"tag-resultados","23":"tag-resultados-em-directo","24":"tag-soccer","25":"tag-sports","26":"tag-torneios","27":"tag-uefa","28":"tag-zerozero"},"share_on_mastodon":{"url":"https:\/\/pubeurope.com\/@pt\/115507511053482702","error":""},"_links":{"self":[{"href":"https:\/\/www.europesays.com\/pt\/wp-json\/wp\/v2\/posts\/142657","targetHints":{"allow":["GET"]}}],"collection":[{"href":"https:\/\/www.europesays.com\/pt\/wp-json\/wp\/v2\/posts"}],"about":[{"href":"https:\/\/www.europesays.com\/pt\/wp-json\/wp\/v2\/types\/post"}],"author":[{"embeddable":true,"href":"https:\/\/www.europesays.com\/pt\/wp-json\/wp\/v2\/users\/2"}],"replies":[{"embeddable":true,"href":"https:\/\/www.europesays.com\/pt\/wp-json\/wp\/v2\/comments?post=142657"}],"version-history":[{"count":0,"href":"https:\/\/www.europesays.com\/pt\/wp-json\/wp\/v2\/posts\/142657\/revisions"}],"wp:featuredmedia":[{"embeddable":true,"href":"https:\/\/www.europesays.com\/pt\/wp-json\/wp\/v2\/media\/142658"}],"wp:attachment":[{"href":"https:\/\/www.europesays.com\/pt\/wp-json\/wp\/v2\/media?parent=142657"}],"wp:term":[{"taxonomy":"category","embeddable":true,"href":"https:\/\/www.europesays.com\/pt\/wp-json\/wp\/v2\/categories?post=142657"},{"taxonomy":"post_tag","embeddable":true,"href":"https:\/\/www.europesays.com\/pt\/wp-json\/wp\/v2\/tags?post=142657"}],"curies":[{"name":"wp","href":"https:\/\/api.w.org\/{rel}","templated":true}]}}