{"id":142665,"date":"2025-11-07T08:44:39","date_gmt":"2025-11-07T08:44:39","guid":{"rendered":"https:\/\/www.europesays.com\/pt\/142665\/"},"modified":"2025-11-07T08:44:39","modified_gmt":"2025-11-07T08:44:39","slug":"mundial-sub-17-portugal-garante-apuramento-para-os-16-avos-de-final","status":"publish","type":"post","link":"https:\/\/www.europesays.com\/pt\/142665\/","title":{"rendered":"Mundial sub-17: Portugal garante apuramento para os 16 avos de final"},"content":{"rendered":"<p data-end=\"398\" data-start=\"159\">A sele\u00e7\u00e3o portuguesa de sub-17 assegurou este s\u00e1bado o apuramento para os 16 avos de final do Mundial da categoria, depois de beneficiar de um empate 0-0 entre Jap\u00e3o e Nova Caled\u00f3nia, em jogo da segunda jornada do Grupo B, disputado no Qatar.<\/p>\n<p data-end=\"847\" data-start=\"400\">Pouco antes, a equipa orientada por Bino tinha somado a segunda vit\u00f3ria consecutiva, <a href=\"https:\/\/maisfutebol.iol.pt\/mundial-sub-17\/selecao\/mundial-sub-17-portugal-despacha-marrocos-com-mais-meia-duzia-de-golos\" target=\"_blank\" rel=\"nofollow noopener\">goleando Marrocos por 6-0<\/a>, resultado que a deixou em posi\u00e7\u00e3o privilegiada para seguir em frente.<\/p>\n<p data-end=\"847\" data-start=\"400\">O empate entre japoneses e neocaled\u00f3nios acabou por confirmar matematicamente a qualifica\u00e7\u00e3o, j\u00e1 que Portugal, com seis pontos em dois jogos, garantir\u00e1 sempre um dos dois primeiros lugares do grupo, os \u00fanicos com apuramento direto.<\/p>\n<p data-end=\"1069\" data-start=\"849\">O Jap\u00e3o, pr\u00f3ximo advers\u00e1rio da forma\u00e7\u00e3o das quinas no domingo, segue em segundo lugar, com quatro pontos, enquanto a Nova Caled\u00f3nia \u00e9 terceira, com um, e Marrocos ocupa o \u00faltimo posto, ainda sem pontuar.<\/p>\n","protected":false},"excerpt":{"rendered":"A sele\u00e7\u00e3o portuguesa de sub-17 assegurou este s\u00e1bado o apuramento para os 16 avos de final do Mundial&hellip;\n","protected":false},"author":2,"featured_media":142666,"comment_status":"","ping_status":"","sticky":false,"template":"","format":"standard","meta":{"footnotes":""},"categories":[8],"tags":[31537,27,28,6026,15,16,14,461,25,26,21,22,46,30972,12,13,19,20,30973,32,23,24,33,47,17,18,29,30,31],"class_list":{"0":"post-142665","1":"post","2":"type-post","3":"status-publish","4":"format-standard","5":"has-post-thumbnail","7":"category-principais-noticias","8":"tag-16-avos-de-final","9":"tag-breaking-news","10":"tag-breakingnews","11":"tag-campeonato-do-mundo","12":"tag-featured-news","13":"tag-featurednews","14":"tag-headlines","15":"tag-japao","16":"tag-latest-news","17":"tag-latestnews","18":"tag-main-news","19":"tag-mainnews","20":"tag-maisfutebol","21":"tag-mundial-sub-17","22":"tag-news","23":"tag-noticias","24":"tag-noticias-principais","25":"tag-noticiasprincipais","26":"tag-nova-caledonia","27":"tag-portugal","28":"tag-principais-noticias","29":"tag-principaisnoticias","30":"tag-pt","31":"tag-pura-paixao","32":"tag-top-stories","33":"tag-topstories","34":"tag-ultimas","35":"tag-ultimas-noticias","36":"tag-ultimasnoticias"},"share_on_mastodon":{"url":"https:\/\/pubeurope.com\/@pt\/115507538432126912","error":""},"_links":{"self":[{"href":"https:\/\/www.europesays.com\/pt\/wp-json\/wp\/v2\/posts\/142665","targetHints":{"allow":["GET"]}}],"collection":[{"href":"https:\/\/www.europesays.com\/pt\/wp-json\/wp\/v2\/posts"}],"about":[{"href":"https:\/\/www.europesays.com\/pt\/wp-json\/wp\/v2\/types\/post"}],"author":[{"embeddable":true,"href":"https:\/\/www.europesays.com\/pt\/wp-json\/wp\/v2\/users\/2"}],"replies":[{"embeddable":true,"href":"https:\/\/www.europesays.com\/pt\/wp-json\/wp\/v2\/comments?post=142665"}],"version-history":[{"count":0,"href":"https:\/\/www.europesays.com\/pt\/wp-json\/wp\/v2\/posts\/142665\/revisions"}],"wp:featuredmedia":[{"embeddable":true,"href":"https:\/\/www.europesays.com\/pt\/wp-json\/wp\/v2\/media\/142666"}],"wp:attachment":[{"href":"https:\/\/www.europesays.com\/pt\/wp-json\/wp\/v2\/media?parent=142665"}],"wp:term":[{"taxonomy":"category","embeddable":true,"href":"https:\/\/www.europesays.com\/pt\/wp-json\/wp\/v2\/categories?post=142665"},{"taxonomy":"post_tag","embeddable":true,"href":"https:\/\/www.europesays.com\/pt\/wp-json\/wp\/v2\/tags?post=142665"}],"curies":[{"name":"wp","href":"https:\/\/api.w.org\/{rel}","templated":true}]}}