{"id":142669,"date":"2025-11-07T08:52:32","date_gmt":"2025-11-07T08:52:32","guid":{"rendered":"https:\/\/www.europesays.com\/pt\/142669\/"},"modified":"2025-11-07T08:52:32","modified_gmt":"2025-11-07T08:52:32","slug":"rui-costa-e-as-declaracoes-de-villas-boas-nao-sei-se-rio-ou-choro-com-uma-declaracao-tao-anormal","status":"publish","type":"post","link":"https:\/\/www.europesays.com\/pt\/142669\/","title":{"rendered":"Rui Costa e as declara\u00e7\u00f5es de Villas-Boas: &#8220;N\u00e3o sei se rio ou choro com uma declara\u00e7\u00e3o t\u00e3o anormal&#8221;"},"content":{"rendered":"<p data-remotead-prev-elm=\"true\" data-remotead-elm-id=\"inread\">&#8220;N\u00e3o sei se hei-de rir ou chorar com uma declara\u00e7\u00e3o t\u00e3o anormal como aquela. \u00c9 tentar desviar as aten\u00e7\u00f5es do que de grave se passou no Drag\u00e3o, mas n\u00e3o vai ter de todo esse efeito. \u00c9 tentar criar barulho noutras casas para desviar aten\u00e7\u00f5es daquilo que se passou no Drag\u00e3o, mas est\u00e1 bem claro e nada vai desviar aten\u00e7\u00f5es. Se me parece grave? N\u00e3o, \u00e9 mesmo muito grave, assim como as declara\u00e7\u00f5es de Andr\u00e9 Villas-Boas&#8221;, come\u00e7ou por dizer.<\/p>\n<blockquote data-type=\"articles\" data-id=\"related-article-18016469\"><p>\n              <strong>Leia tamb\u00e9m <\/strong><br \/>\n              <a href=\"https:\/\/www.jn.pt\/desporto\/artigo\/villas-boas-ha-muito-tempo-que-o-sporting-tem-o-presidente-do-benfica-no-bolso\/18016469\" rel=\"nofollow noopener\" target=\"_blank\">Villas-Boas: &#8220;H\u00e1 muito tempo que o Sporting tem o presidente do Benfica no bolso&#8221;<\/a>\n            <\/p><\/blockquote>\n<p>Recorde-se que o presidente do F. C. Porto comentou que &#8220;h\u00e1 muito tempo que o Sporting tem o presidente do Benfica no bolso&#8221;. &#8220;Est\u00e1 a tentar criar uma guerra noutros dois clubes, para desviar aten\u00e7\u00f5es do que se passou de muito grave no Drag\u00e3o, \u00e9 t\u00e3o simples quanto isso. O Benfica \u00e9 sempre um alvo a abater. A declara\u00e7\u00e3o n\u00e3o faz o menor sentido, e tamb\u00e9m n\u00e3o far\u00e1 o menor sentido que estas declara\u00e7\u00f5es possam desviar a aten\u00e7\u00e3o do que se passou&#8221;, afirmou Rui Costa.<\/p>\n<p>O presidente do Benfica falou ainda da derrota frente ao Bayer Leverkusen (1-0), que complicou o apuramento para a pr\u00f3xima fase da Liga dos Campe\u00f5es. &#8220;Acho que todos gostaram da exibi\u00e7\u00e3o, pena que n\u00e3o resultou em vit\u00f3ria. Estamos numa posi\u00e7\u00e3o mas delicada, mas jamais vamos atirar a toalha ao ch\u00e3o&#8221;, garantiu.<\/p>\n<p>&#8220;N\u00e3o estou preocupado com a parte eleitoral. Acho que a equipa fez uma boa exibi\u00e7\u00e3o, o Benfica criou e n\u00e3o conseguiu concretizar. \u00c9 um resultado pesado para o que foi feito&#8221;, concluiu.<\/p>\n","protected":false},"excerpt":{"rendered":"&#8220;N\u00e3o sei se hei-de rir ou chorar com uma declara\u00e7\u00e3o t\u00e3o anormal como aquela. \u00c9 tentar desviar as&hellip;\n","protected":false},"author":2,"featured_media":142670,"comment_status":"","ping_status":"","sticky":false,"template":"","format":"standard","meta":{"footnotes":""},"categories":[87],"tags":[3073,51,135,20558,524,32,33,6058,134],"class_list":{"0":"post-142669","1":"post","2":"type-post","3":"status-publish","4":"format-standard","5":"has-post-thumbnail","7":"category-desporto","8":"tag-andre-villas-boas","9":"tag-benfica","10":"tag-desporto","11":"tag-f-c-porto","12":"tag-futebol","13":"tag-portugal","14":"tag-pt","15":"tag-rui-costa","16":"tag-sports"},"share_on_mastodon":{"url":"https:\/\/pubeurope.com\/@pt\/115507570006042503","error":""},"_links":{"self":[{"href":"https:\/\/www.europesays.com\/pt\/wp-json\/wp\/v2\/posts\/142669","targetHints":{"allow":["GET"]}}],"collection":[{"href":"https:\/\/www.europesays.com\/pt\/wp-json\/wp\/v2\/posts"}],"about":[{"href":"https:\/\/www.europesays.com\/pt\/wp-json\/wp\/v2\/types\/post"}],"author":[{"embeddable":true,"href":"https:\/\/www.europesays.com\/pt\/wp-json\/wp\/v2\/users\/2"}],"replies":[{"embeddable":true,"href":"https:\/\/www.europesays.com\/pt\/wp-json\/wp\/v2\/comments?post=142669"}],"version-history":[{"count":0,"href":"https:\/\/www.europesays.com\/pt\/wp-json\/wp\/v2\/posts\/142669\/revisions"}],"wp:featuredmedia":[{"embeddable":true,"href":"https:\/\/www.europesays.com\/pt\/wp-json\/wp\/v2\/media\/142670"}],"wp:attachment":[{"href":"https:\/\/www.europesays.com\/pt\/wp-json\/wp\/v2\/media?parent=142669"}],"wp:term":[{"taxonomy":"category","embeddable":true,"href":"https:\/\/www.europesays.com\/pt\/wp-json\/wp\/v2\/categories?post=142669"},{"taxonomy":"post_tag","embeddable":true,"href":"https:\/\/www.europesays.com\/pt\/wp-json\/wp\/v2\/tags?post=142669"}],"curies":[{"name":"wp","href":"https:\/\/api.w.org\/{rel}","templated":true}]}}