{"id":142678,"date":"2025-11-07T09:06:28","date_gmt":"2025-11-07T09:06:28","guid":{"rendered":"https:\/\/www.europesays.com\/pt\/142678\/"},"modified":"2025-11-07T09:06:28","modified_gmt":"2025-11-07T09:06:28","slug":"f1-jos-verstappen-acho-bastante-estranho-o-que-se-passa-na-mclaren","status":"publish","type":"post","link":"https:\/\/www.europesays.com\/pt\/142678\/","title":{"rendered":"F1, Jos Verstappen: \u201cAcho bastante estranho o que se passa na McLaren\u201d"},"content":{"rendered":"<p>\t\t\t<a href=\"https:\/\/www.autosport.pt\" rel=\"nofollow noopener\" target=\"_blank\">Home<\/a>  \u00a0 &gt; \u00a0  <a href=\"https:\/\/www.autosport.pt\/cat\/formula1\/\" rel=\"nofollow noopener\" target=\"_blank\">F\u00d3RMULA 1<\/a>  \u00a0 &gt; \u00a0  <a href=\"https:\/\/www.autosport.pt\/cat\/formula1\/f1\/\" rel=\"nofollow noopener\" target=\"_blank\">F1<\/a>  \u00a0 &gt; \u00a0  F1, Jos Verstappen: \u201cAcho bastante estranho o que se passa na McLaren\u201d<\/p>\n<p>\t\t\t\tPor <a href=\"https:\/\/www.autosport.pt\/author\/fmendes\/\" title=\"Artigos de F\u00e1bio Mendes\" rel=\"author nofollow noopener\" target=\"_blank\">F\u00e1bio Mendes<\/a> a 6 Novembro 2025 19:09<\/p>\n<p>\t\t\t\t\t<img width=\"868\" height=\"579\" data-lazy-type=\"image\" src=\"https:\/\/www.europesays.com\/pt\/wp-content\/uploads\/2025\/11\/oscar-piastri-mpsa-f125-aut-ph1-1-868x579.jpg\" class=\"lazy lazy-hidden attachment-single-img size-single-img wp-post-image\" alt=\"\" decoding=\"async\" fetchpriority=\"high\"  \/>\t\t\t\t<\/p>\n<p>O debate em torno da luta pelo t\u00edtulo de 2025 na F\u00f3rmula 1 ganhou novo f\u00f4lego com as declara\u00e7\u00f5es de Jos Verstappen, que desafiou Oscar Piastri a \u201cimpor-se\u201d internamente na McLaren. O australiano encontra-se apenas um ponto atr\u00e1s do colega Lando Norris na classifica\u00e7\u00e3o, quando restam quatro corridas para o fim do campeonato. Para Verstappen, pai do tricampe\u00e3o mundial Max Verstappen, h\u00e1 algo \u201cestranho\u201d a acontecer na equipa de Woking.<\/p>\n<p>Em declara\u00e7\u00f5es ao jornal De Telegraaf, Jos Verstappen expressou surpresa pela quebra recente de forma de Piastri, que liderou o campeonato durante seis meses ap\u00f3s vencer na Ar\u00e1bia Saudita. Desde ent\u00e3o, o piloto de 21 anos tem enfrentado uma s\u00e9rie de resultados dif\u00edceis, permitindo que Norris assumisse a dianteira do campeonato e que Max Verstappen reduzisse a diferen\u00e7a para 36 pontos.<\/p>\n<blockquote class=\"wp-block-quote is-layout-flow wp-block-quote-is-layout-flow\">\n<p>\u201cAcho bastante estranho o que se passa na McLaren\u201d, afirmou Jos Verstappen. \u201cO Piastri n\u00e3o se esqueceu de como se conduz um carro, certo? Se eu fosse ele, ou o seu empres\u00e1rio, o Mark Webber, batia com o punho na mesa pelo menos uma vez. Neste momento, toda a gente se pergunta se ele consegue lidar com a press\u00e3o \u2014 e isso n\u00e3o \u00e9 bom para a sua reputa\u00e7\u00e3o.\u201d<\/p>\n<\/blockquote>\n<p>As declara\u00e7\u00f5es de Verstappen reacendem a discuss\u00e3o sobre o equil\u00edbrio interno na McLaren, embora o antigo piloto tenha evitado endossar teorias de favorecimento dentro da equipa:<\/p>\n<blockquote class=\"wp-block-quote is-layout-flow wp-block-quote-is-layout-flow\">\n<p>\u201cPode parecer que \u00e9 assim, mas n\u00e3o tenho provas disso. Ainda assim, se fosse o Piastri, faria quest\u00e3o de me afirmar agora. Toda a gente achava que ele ia ser campe\u00e3o, e essa perce\u00e7\u00e3o mudou muito depressa.\u201d<\/p>\n<\/blockquote>\n<p>\t\t\tCaro leitor, esta \u00e9 uma mensagem importante.<br \/>\n                        O Autosport j\u00e1 n\u00e3o existe em vers\u00e3o papel, apenas na vers\u00e3o online.<br \/>\n                        E por essa raz\u00e3o, n\u00e3o \u00e9 mais poss\u00edvel o Autosport continuar a disponibilizar todos os seus artigos gratuitamente.<br \/>\n                        Para que os leitores possam contribuir para a exist\u00eancia e evolu\u00e7\u00e3o da qualidade do seu site preferido, cri\u00e1mos o Clube Autosport com in\u00fameras vantagens e descontos que permitir\u00e1 a cada membro aceder a todos os artigos do site Autosport e ainda recuperar (varias vezes) o custo de ser membro.<br \/>\nOs membros do Clube Autosport receber\u00e3o um cart\u00e3o de membro com validade de 1 ano, que apresentar\u00e3o junto das empresas parceiras como identifica\u00e7\u00e3o.<br \/>\nLista de Vantagens:<br \/>\n-Acesso a todos os conte\u00fados no site Autosport sem ter que ver a publicidade<br \/>\n-Desconto nos combust\u00edveis Repsol <br \/>\n-Acesso a seguros especialmente desenvolvidos pela Vitorinos seguros a pre\u00e7os imbat\u00edveis<br \/>\n-Descontos em oficinas, lojas e servi\u00e7os auto<br \/>\n-Acesso exclusivo a eventos especialmente organizados para membros<br \/>\n<a style=\"color:#e30713; font-weight: bold;\" href=\"https:\/\/www.clubeautosport.pt\/faca-se-membro\/\" target=\"_blank\" rel=\"nofollow noopener\">Saiba mais AQUI<\/a><\/p>\n<p>&#13;<br \/>\n                        Continuar a ler&#13;\n                <\/p>\n","protected":false},"excerpt":{"rendered":"Home \u00a0 &gt; \u00a0 F\u00d3RMULA 1 \u00a0 &gt; \u00a0 F1 \u00a0 &gt; \u00a0 F1, Jos Verstappen: \u201cAcho bastante&hellip;\n","protected":false},"author":2,"featured_media":142679,"comment_status":"","ping_status":"","sticky":false,"template":"","format":"standard","meta":{"footnotes":""},"categories":[87],"tags":[135,970,971,31538,718,32,33,134],"class_list":{"0":"post-142678","1":"post","2":"type-post","3":"status-publish","4":"format-standard","5":"has-post-thumbnail","7":"category-desporto","8":"tag-desporto","9":"tag-f1","10":"tag-formula-1","11":"tag-jos-verstappen","12":"tag-newsletter","13":"tag-portugal","14":"tag-pt","15":"tag-sports"},"share_on_mastodon":{"url":"https:\/\/pubeurope.com\/@pt\/115507625084660268","error":""},"_links":{"self":[{"href":"https:\/\/www.europesays.com\/pt\/wp-json\/wp\/v2\/posts\/142678","targetHints":{"allow":["GET"]}}],"collection":[{"href":"https:\/\/www.europesays.com\/pt\/wp-json\/wp\/v2\/posts"}],"about":[{"href":"https:\/\/www.europesays.com\/pt\/wp-json\/wp\/v2\/types\/post"}],"author":[{"embeddable":true,"href":"https:\/\/www.europesays.com\/pt\/wp-json\/wp\/v2\/users\/2"}],"replies":[{"embeddable":true,"href":"https:\/\/www.europesays.com\/pt\/wp-json\/wp\/v2\/comments?post=142678"}],"version-history":[{"count":0,"href":"https:\/\/www.europesays.com\/pt\/wp-json\/wp\/v2\/posts\/142678\/revisions"}],"wp:featuredmedia":[{"embeddable":true,"href":"https:\/\/www.europesays.com\/pt\/wp-json\/wp\/v2\/media\/142679"}],"wp:attachment":[{"href":"https:\/\/www.europesays.com\/pt\/wp-json\/wp\/v2\/media?parent=142678"}],"wp:term":[{"taxonomy":"category","embeddable":true,"href":"https:\/\/www.europesays.com\/pt\/wp-json\/wp\/v2\/categories?post=142678"},{"taxonomy":"post_tag","embeddable":true,"href":"https:\/\/www.europesays.com\/pt\/wp-json\/wp\/v2\/tags?post=142678"}],"curies":[{"name":"wp","href":"https:\/\/api.w.org\/{rel}","templated":true}]}}