{"id":142697,"date":"2025-11-07T09:36:12","date_gmt":"2025-11-07T09:36:12","guid":{"rendered":"https:\/\/www.europesays.com\/pt\/142697\/"},"modified":"2025-11-07T09:36:12","modified_gmt":"2025-11-07T09:36:12","slug":"novo-acordao-condena-casal-a-22-anos-de-prisao-por-homicidio-de-alemaes-em-baleizao","status":"publish","type":"post","link":"https:\/\/www.europesays.com\/pt\/142697\/","title":{"rendered":"Novo ac\u00f3rd\u00e3o condena casal a 22 anos de pris\u00e3o por homic\u00eddio de alem\u00e3es em Baleiz\u00e3o"},"content":{"rendered":"<p>Um homem, de 54 anos, e uma mulher, de 38, foram condenados esta quinta-feira pelo Tribunal de Beja a 22 anos de pris\u00e3o efetiva pelo homic\u00eddio de um casal alem\u00e3o na aldeia de Baleiz\u00e3o. Os arguidos j\u00e1 tinham sido condenados a esta mesma senten\u00e7a, pelo mesmo tribunal, em 3 de abril de 2024.\u00a0<\/p>\n<p>No entanto, o Tribunal da Rela\u00e7\u00e3o de \u00c9vora (TRE) declarou a nulidade parcial desse ac\u00f3rd\u00e3o, em 22 de outubro desse ano, na sequ\u00eancia do recurso da defesa.<\/p>\n<p>Os ju\u00edzes desembargadores do TRE justificaram ent\u00e3o a decis\u00e3o com a utiliza\u00e7\u00e3o \u201cde prova de valora\u00e7\u00e3o proibida\u201d e determinaram que o tribunal de primeira inst\u00e2ncia proferisse novo ac\u00f3rd\u00e3o excluindo \u201ccomo meio de prova as declara\u00e7\u00f5es prestadas pelos arguidos\u201d no primeiro interrogat\u00f3rio judicial.<\/p>\n<p>Na sess\u00e3o desta tarde no Tribunal de Beja, dedicada \u00e0 leitura do novo ac\u00f3rd\u00e3o, o coletivo de ju\u00edzes que julgou o caso condenou o casal \u00e0 mesma pena anterior, ou seja, 22 anos de pris\u00e3o efetiva pelo homic\u00eddio simples dos dois idosos alem\u00e3es.<\/p>\n<p>\u201cO coletivo de ju\u00edzes condenou a 22 anos de pris\u00e3o \u00e0 mesma os meus clientes, que compareceram \u00e0 leitura do ac\u00f3rd\u00e3o e permanecem \u00e0 disposi\u00e7\u00e3o das autoridades\u201d, afirmou \u00e0 ag\u00eancia Lusa o advogado dos arguidos.\u00a0<\/p>\n<p>Os coarguidos, lembrou, encontram-se em liberdade desde o passado dia 13 de maio, data em que foi ultrapassado o prazo m\u00e1ximo de dois anos de pris\u00e3o preventiva sem que o processo judicial estivesse conclu\u00eddo. \u201cSer\u00e1 interposto recurso para o TRE para contestar esta condena\u00e7\u00e3o\u201d, revelou Pedro Pestana, referindo ter 30 dias para concretizar este passo.<\/p>\n<p>Os homic\u00eddios ter\u00e3o ocorrido em 16 de abril de 2023 na quinta do casal alem\u00e3o, em Baleiz\u00e3o, concelho de Beja, mas os corpos s\u00f3 foram encontrados pelas autoridades quase um m\u00eas depois, a 11 de maio, ap\u00f3s um alerta dado por um filho que reside na Alemanha.<\/p>\n","protected":false},"excerpt":{"rendered":"Um homem, de 54 anos, e uma mulher, de 38, foram condenados esta quinta-feira pelo Tribunal de Beja&hellip;\n","protected":false},"author":2,"featured_media":81897,"comment_status":"","ping_status":"","sticky":false,"template":"","format":"standard","meta":{"footnotes":""},"categories":[10],"tags":[31539,27,28,15,16,14,5564,603,25,26,21,22,12,13,19,20,32,23,24,33,17,18,29,30,31],"class_list":{"0":"post-142697","1":"post","2":"type-post","3":"status-publish","4":"format-standard","5":"has-post-thumbnail","7":"category-portugal","8":"tag-baleizao","9":"tag-breaking-news","10":"tag-breakingnews","11":"tag-featured-news","12":"tag-featurednews","13":"tag-headlines","14":"tag-homicidio","15":"tag-justica","16":"tag-latest-news","17":"tag-latestnews","18":"tag-main-news","19":"tag-mainnews","20":"tag-news","21":"tag-noticias","22":"tag-noticias-principais","23":"tag-noticiasprincipais","24":"tag-portugal","25":"tag-principais-noticias","26":"tag-principaisnoticias","27":"tag-pt","28":"tag-top-stories","29":"tag-topstories","30":"tag-ultimas","31":"tag-ultimas-noticias","32":"tag-ultimasnoticias"},"share_on_mastodon":{"url":"https:\/\/pubeurope.com\/@pt\/115507742835396356","error":""},"_links":{"self":[{"href":"https:\/\/www.europesays.com\/pt\/wp-json\/wp\/v2\/posts\/142697","targetHints":{"allow":["GET"]}}],"collection":[{"href":"https:\/\/www.europesays.com\/pt\/wp-json\/wp\/v2\/posts"}],"about":[{"href":"https:\/\/www.europesays.com\/pt\/wp-json\/wp\/v2\/types\/post"}],"author":[{"embeddable":true,"href":"https:\/\/www.europesays.com\/pt\/wp-json\/wp\/v2\/users\/2"}],"replies":[{"embeddable":true,"href":"https:\/\/www.europesays.com\/pt\/wp-json\/wp\/v2\/comments?post=142697"}],"version-history":[{"count":0,"href":"https:\/\/www.europesays.com\/pt\/wp-json\/wp\/v2\/posts\/142697\/revisions"}],"wp:featuredmedia":[{"embeddable":true,"href":"https:\/\/www.europesays.com\/pt\/wp-json\/wp\/v2\/media\/81897"}],"wp:attachment":[{"href":"https:\/\/www.europesays.com\/pt\/wp-json\/wp\/v2\/media?parent=142697"}],"wp:term":[{"taxonomy":"category","embeddable":true,"href":"https:\/\/www.europesays.com\/pt\/wp-json\/wp\/v2\/categories?post=142697"},{"taxonomy":"post_tag","embeddable":true,"href":"https:\/\/www.europesays.com\/pt\/wp-json\/wp\/v2\/tags?post=142697"}],"curies":[{"name":"wp","href":"https:\/\/api.w.org\/{rel}","templated":true}]}}