{"id":14270,"date":"2025-08-03T14:03:07","date_gmt":"2025-08-03T14:03:07","guid":{"rendered":"https:\/\/www.europesays.com\/pt\/14270\/"},"modified":"2025-08-03T14:03:07","modified_gmt":"2025-08-03T14:03:07","slug":"rumor-sobre-o-playstation-6-pode-ter-revelado-preco-e-data-de-lancamento","status":"publish","type":"post","link":"https:\/\/www.europesays.com\/pt\/14270\/","title":{"rendered":"Rumor sobre o PlayStation 6 pode ter revelado pre\u00e7o e data de lan\u00e7amento"},"content":{"rendered":"<p>No final deste ano, o PlayStation 5 completar\u00e1 seu 5\u00ba anivers\u00e1rio, o que significa que a Sony provavelmente n\u00e3o deve demorar muito para anunciar seu console sucessor. Embora ainda n\u00e3o existam informa\u00e7\u00f5es oficiais sobre o poss\u00edvel PlayStation 6, o site Moore\u2019s Law is Dead divulgou o que afirma serem especifica\u00e7\u00f5es da futura plataforma de jogos da empresa japonesa.<\/p>\n<p>Segundo a publica\u00e7\u00e3o, essas especifica\u00e7\u00f5es teriam sido apresentadas durante uma apresenta\u00e7\u00e3o da AMD em 2023, o que significa que podem ter sido alteradas desde ent\u00e3o. Ainda assim, vale a pena conhecer o tipo de console que a Sony estaria idealizando na \u00e9poca.<\/p>\n<p>De acordo com as informa\u00e7\u00f5es, o PlayStation 6 \u00e9 conhecido internamente pelo codinome \u201cOrion\u201d e ser\u00e1 tr\u00eas vezes mais r\u00e1pido do que a vers\u00e3o padr\u00e3o do PS5. Em termos de desempenho, o console seria compar\u00e1vel \u00e0 placa de v\u00eddeo RTX 4080 da Nvidia, contando com tecnologia de ray tracing, retrocompatibilidade com jogos de PS5, al\u00e9m de suporte para jogos em resolu\u00e7\u00e3o 4K a 60 fps ou 8K a 60 fps, gra\u00e7as \u00e0 tecnologia Playstation Spectral Super Resolution (PSSR).<\/p>\n<p>Quanto ao pre\u00e7o, o rumor indica que a produ\u00e7\u00e3o em massa do PlayStation 6 come\u00e7aria no final de 2027, com pre\u00e7o estimado em cerca de US$ 500. Se confirmado, o novo console da Sony poderia custar bem menos do que o PlayStation 5 Pro, atualmente vendido por 799,99 euros.<\/p>\n<p>Considerando que os dois \u00faltimos consoles da Sony \u2014 o PS4 e o PS5 \u2014 foram lan\u00e7ados no final de 2013 e 2020, respectivamente, \u00e9 prov\u00e1vel que a empresa repita a mesma estrat\u00e9gia com o lan\u00e7amento do PlayStation 6, colocando-o no mercado no final do ano, cerca de sete anos ap\u00f3s o lan\u00e7amento do modelo anterior.<\/p>\n<p>Vale destacar, no entanto, que todas essas informa\u00e7\u00f5es ainda fazem parte do campo dos rumores. Por isso, ser\u00e1 preciso aguardar por novos vazamentos ou an\u00fancios oficiais da pr\u00f3pria Sony.<\/p>\n<p>Leia Tamb\u00e9m: <a href=\"https:\/\/www.noticiasaominuto.com\/tech\/2830100\/playstation-ja-revelou-os-tres-jogos-gratuitos-para-o-mes-de-agosto\" target=\"_blank\" rel=\"noopener noreferrer nofollow\">PlayStation j\u00e1 revelou os tr\u00eas jogos gratuitos para o m\u00eas de agosto<\/a><\/p>\n","protected":false},"excerpt":{"rendered":"No final deste ano, o PlayStation 5 completar\u00e1 seu 5\u00ba anivers\u00e1rio, o que significa que a Sony provavelmente&hellip;\n","protected":false},"author":2,"featured_media":14271,"comment_status":"","ping_status":"","sticky":false,"template":"","format":"standard","meta":{"footnotes":""},"categories":[84],"tags":[109,107,108,32,33,105,103,104,106,110],"class_list":{"0":"post-14270","1":"post","2":"type-post","3":"status-publish","4":"format-standard","5":"has-post-thumbnail","7":"category-ciencia-e-tecnologia","8":"tag-ciencia","9":"tag-ciencia-e-tecnologia","10":"tag-cienciaetecnologia","11":"tag-portugal","12":"tag-pt","13":"tag-science","14":"tag-science-and-technology","15":"tag-scienceandtechnology","16":"tag-technology","17":"tag-tecnologia"},"share_on_mastodon":{"url":"","error":""},"_links":{"self":[{"href":"https:\/\/www.europesays.com\/pt\/wp-json\/wp\/v2\/posts\/14270","targetHints":{"allow":["GET"]}}],"collection":[{"href":"https:\/\/www.europesays.com\/pt\/wp-json\/wp\/v2\/posts"}],"about":[{"href":"https:\/\/www.europesays.com\/pt\/wp-json\/wp\/v2\/types\/post"}],"author":[{"embeddable":true,"href":"https:\/\/www.europesays.com\/pt\/wp-json\/wp\/v2\/users\/2"}],"replies":[{"embeddable":true,"href":"https:\/\/www.europesays.com\/pt\/wp-json\/wp\/v2\/comments?post=14270"}],"version-history":[{"count":0,"href":"https:\/\/www.europesays.com\/pt\/wp-json\/wp\/v2\/posts\/14270\/revisions"}],"wp:featuredmedia":[{"embeddable":true,"href":"https:\/\/www.europesays.com\/pt\/wp-json\/wp\/v2\/media\/14271"}],"wp:attachment":[{"href":"https:\/\/www.europesays.com\/pt\/wp-json\/wp\/v2\/media?parent=14270"}],"wp:term":[{"taxonomy":"category","embeddable":true,"href":"https:\/\/www.europesays.com\/pt\/wp-json\/wp\/v2\/categories?post=14270"},{"taxonomy":"post_tag","embeddable":true,"href":"https:\/\/www.europesays.com\/pt\/wp-json\/wp\/v2\/tags?post=14270"}],"curies":[{"name":"wp","href":"https:\/\/api.w.org\/{rel}","templated":true}]}}