{"id":142726,"date":"2025-11-07T10:23:24","date_gmt":"2025-11-07T10:23:24","guid":{"rendered":"https:\/\/www.europesays.com\/pt\/142726\/"},"modified":"2025-11-07T10:23:24","modified_gmt":"2025-11-07T10:23:24","slug":"cavaco-silva-apoia-marques-mendes-e-atira-a-gouveia-e-melo-observador","status":"publish","type":"post","link":"https:\/\/www.europesays.com\/pt\/142726\/","title":{"rendered":"Cavaco Silva apoia Marques Mendes e atira a Gouveia e Melo \u2013 Observador"},"content":{"rendered":"<p>An\u00edbal Cavaco Silva manifestou esta sexta-feira <a href=\"https:\/\/observador.pt\/opiniao\/por-que-voto-em-luis-marques-mendes-para-presidente-da-republica\/\" rel=\"nofollow noopener\" target=\"_blank\">o apoio a Lu\u00eds Marques Mendes nas Presidenciais de 18 de janeiro num artigo publicado no Observador<\/a>. O ex-Presidente da Rep\u00fablica fez a defesa do seu antigo ministro em duas frentes: por um lado, elogia qualidades de Mendes como o \u201cbom senso\u201d e a \u201cexperi\u00eancia pol\u00edtica\u201d; por outro, atira diretamente a Henrique Gouveia e Melo, que diz<strong> n\u00e3o ter<\/strong> as \u201c<strong>compet\u00eancias<\/strong> e as qualifica\u00e7\u00f5es\u201d necess\u00e1rias para ser Presidente. Cavaco Silva avisa mesmo que o pa\u00eds enfrenta um \u201c<strong>risco de instabilidade<\/strong>\u201d caso o chefe de Estado seja o almirante.<\/p>\n<p>O antigo Presidente da Rep\u00fablica ignora os restantes candidatos e faz apenas uma avalia\u00e7\u00e3o a dois: a Marques Mendes, a quem faz rasgados elogios, e a Gouveia e Melo, sobre quem dispara de forma direta e dura. Cavaco Silva apresenta <strong>v\u00e1rias raz\u00f5es<\/strong> pelas quais considera que o almirante n\u00e3o seria um bom Presidente. Desde logo coloca em confronto a experi\u00eancia pol\u00edtica de Mendes (\u201cconhe\u00e7o-o bem\u201d) com a de Gouveia e Melo (\u201cn\u00e3o o conhe\u00e7o\u201d), alertando para a import\u00e2ncia de ter algu\u00e9m experiente \u00e0 frente da Presid\u00eancia da Rep\u00fablica no atual contexto internacional.<\/p>\n<blockquote class=\"wp-embedded-content\" data-secret=\"Y6y7TDci5p\">\n<p><a href=\"https:\/\/observador.pt\/opiniao\/por-que-voto-em-luis-marques-mendes-para-presidente-da-republica\/\" rel=\"nofollow noopener\" target=\"_blank\">Por que voto em Lu\u00eds Marques Mendes para Presidente da Rep\u00fablica<\/a><\/p>\n<\/blockquote>\n<p>O antigo Presidente da Rep\u00fablica <strong>desvaloriza<\/strong> ainda aquele que \u00e9 apontado como o maior feito do almirante. \u201cSei que fez um bom trabalho como coordenador da distribui\u00e7\u00e3o das vacinas Covid 19 durante <strong>8 meses<\/strong>, tal como o fez o oficial das For\u00e7as Armadas que lhe sucedeu\u201d, refere Cavaco Silva, que coloca Gouveia e Melo no mesmo patamar do sucessor Carlos Penha Gon\u00e7alves. E foi mais longe, puxando dos gal\u00f5es da sua pr\u00f3pria experi\u00eancia militar, para sugerir que haveria muitos militares capazes de fazer o mesmo que Gouveia e Melo: \u201cPrestei servi\u00e7o militar durante tr\u00eas anos e meio e sei que <strong>existem muitos oficiais<\/strong> das nossas For\u00e7as Armadas com conhecimentos de log\u00edstica que seriam capazes de desempenhar <strong>igualmente<\/strong> <strong>bem<\/strong> a tarefa das vacinas.\u201d Deixa depois uma constata\u00e7\u00e3o sobre essa capacidade de organiza\u00e7\u00e3o que caracteriza os militares: \u201cComo \u00e9 \u00f3bvio, n\u00e3o \u00e9 esse tipo de conhecimento que qualifica um qualquer portugu\u00eas para exercer as fun\u00e7\u00f5es de Presidente da Rep\u00fablica.\u201d<\/p>\n<p>Cavaco Silva dispara ainda em dire\u00e7\u00e3o ao almirante com a ideia de que o lado desconhecido de Gouveia e Melo j\u00e1 se come\u00e7ou a revelar (negativamente) e que isso s\u00f3 valida a sua opini\u00e3o de que n\u00e3o tem capacidades para o desempenho do mais alto cargo da Na\u00e7\u00e3o. \u201cAs atitudes, afirma\u00e7\u00f5es e posi\u00e7\u00f5es assumidas pelo Almirante Gouveia e Melo depois de desempenhar a tarefa de coordenador da distribui\u00e7\u00e3o das vacinas, em particular durante a sua campanha para a elei\u00e7\u00e3o presidencial, <strong>foram para mim esclarecedoras\u201d<\/strong>, escreve Cavaco Silva.<\/p>\n<p>A conclus\u00e3o do ex-Presidente \u00e9 que o almirante at\u00e9 pode ter \u201cmuitos predicados\u201d, mas fica para ele claro que \u201cn\u00e3o possui as compet\u00eancias e qualifica\u00e7\u00f5es para exercer as fun\u00e7\u00f5es de Presidente da Rep\u00fablica no quadro internacional incerto e complexo que se perspetiva para os pr\u00f3ximos cinco anos.\u201d Cavaco Silva destaca que o resultado das Presidenciais n\u00e3o o afeta \u201cpessoalmente\u201d, mas \u201cem consci\u00eancia\u201d n\u00e3o podia deixar de \u201c<strong>alertar os portugueses<\/strong>\u201d para o \u201crisco de instabilidade\u201d que o pa\u00eds corre se Gouveia e Melo for eleito Presidente.<\/p>\n<p>Cavaco Silva lembra que o pr\u00f3ximo Presidente vai estar em fun\u00e7\u00f5es num \u201ctempo de grande incerteza e complexidade internacional\u201d, elencando a \u201cpol\u00edtica err\u00e1tica e agressiva do Presidente Trump em rela\u00e7\u00e3o \u00e0 Uni\u00e3o Europeia\u201d, \u201ca viola\u00e7\u00e3o das regras da Organiza\u00e7\u00e3o Mundial do Com\u00e9rcio que prejudica as exporta\u00e7\u00f5es portuguesas\u201d, \u201ca amea\u00e7a da R\u00fassia \u00e0 seguran\u00e7a europeia\u201d, e \u201ca guerra na Ucr\u00e2nia e no M\u00e9dio Oriente e a instabilidade dos mercados financeiros.\u201d<\/p>\n<p>Para esse contexto, Cavaco sugere que os portugueses escolham um Presidente \u201ccapaz de garantir a estabilidade pol\u00edtica, de construir pontes e facilitar consensos \u00e9 da maior import\u00e2ncia.\u201d Da\u00ed que <strong>desaconselhe<\/strong> vivamente os \u201cportugueses a votarem em candidatos que n\u00e3o possuam os conhecimentos, a experi\u00eancia pol\u00edtica e as qualifica\u00e7\u00f5es indispens\u00e1veis para exercer uma magistratura de influ\u00eancia ativa facilitadora de consensos entre o Governo, a oposi\u00e7\u00e3o e as institui\u00e7\u00f5es da sociedade civil e que n\u00e3o sejam capazes de atuar como reserva de \u00faltimo recurso no caso de Portugal ser atingido por uma crise grave.\u201d<\/p>\n<p>Cavaco Silva v\u00ea em Lu\u00eds Marques Mendes um futuro Presidente que melhor encaixa nas caracter\u00edsticas que elencou e diz sem rodeios: \u201c\u00c9 sabido que sou um social-democrata e quero dizer aos portugueses que votarei no candidato Lu\u00eds Marques Mendes.\u201d Depois concretiza o porqu\u00ea de Mendes ser a pessoa certa para o cargo: \u201c<strong>Tem experi\u00eancia pol\u00edtica,<\/strong> conhece o funcionamento e as especificidades das institui\u00e7\u00f5es da nossa democracia, da governa\u00e7\u00e3o do pa\u00eds e da pol\u00edtica externa. E \u00e9 uma <strong>pessoa de bom senso,<\/strong> qualidade muito importante para um Presidente da Rep\u00fablica.\u201d<\/p>\n<p class=\"tinymceh1\"><strong>[H\u00e1 d\u00favidas at\u00e9 ao fim que acabam na vit\u00f3ria mais curta da Hist\u00f3ria.\u00a0A\u00a0<a href=\"https:\/\/observador.pt\/wp-admin\/post.php?post=7685876&amp;action=edit\" rel=\"nofollow noopener\" target=\"_blank\">\u201cElei\u00e7\u00e3o Mais Louca de Sempre\u201d<\/a>\u00a0\u00e9 o novo Podcast Plus do Observador sobre as Presidenciais de 1986. Uma s\u00e9rie narrada pelo ator Gon\u00e7alo Waddington, com banda sonora original de Samuel \u00daria. Pode ouvir o \u00faltimo epis\u00f3dio\u00a0<a href=\"https:\/\/observador.pt\/programas\/a-eleio-mais-louca-de-sempre\/episodio-6-a-vitoria-mais-curta-da-historia\/\" rel=\"nofollow noopener\" target=\"_blank\">aqui<\/a>, no\u00a0Observador, e tamb\u00e9m na\u00a0<a href=\"https:\/\/podcasts.apple.com\/pt\/podcast\/epis%C3%B3dio-6-a-vit%C3%B3ria-mais-curta-da-hist%C3%B3ria\/id1841273464?i=1000735108841\" rel=\"nofollow noopener\" target=\"_blank\">Apple Podcasts<\/a>, no\u00a0<a href=\"https:\/\/open.spotify.com\/episode\/01P6DWg39vDsqRDF9hHto6?si=32fb673d4e6f476f\" rel=\"nofollow noopener\" target=\"_blank\">Spotify<\/a>\u00a0e no\u00a0<a href=\"https:\/\/music.youtube.com\/watch?v=tC9N52JuIbI&amp;si=yDUA94GtcmbZxfYl\" rel=\"nofollow noopener\" target=\"_blank\">Youtube Music<\/a>. E pode ouvir o primeiro epis\u00f3dio\u00a0<a href=\"https:\/\/observador.pt\/programas\/a-eleio-mais-louca-de-sempre\/estreia-a-eleicao-mais-louca-de-sempre-episodio-1-apostamos-no-cavalo-errado\/\" target=\"_blank\" rel=\"noopener nofollow\">aqui<\/a>,\u00a0o segundo\u00a0<a href=\"https:\/\/observador.pt\/programas\/a-eleio-mais-louca-de-sempre\/episodio-2-uma-traicao-inesperada\/\" target=\"_blank\" rel=\"noopener nofollow\">aqui<\/a>,\u00a0o terceiro\u00a0<a href=\"https:\/\/observador.pt\/programas\/a-eleio-mais-louca-de-sempre\/episodio-3-ele-nao-e-meu-irmao\/\" rel=\"nofollow noopener\" target=\"_blank\">aqui<\/a>, o\u00a0<a href=\"https:\/\/observador.pt\/programas\/a-eleio-mais-louca-de-sempre\/episodio-4-portugal-nao-e-moscovo\/\" rel=\"nofollow noopener\" target=\"_blank\">quarto<\/a>\u00a0aqui e o\u00a0<a href=\"https:\/\/observador.pt\/programas\/a-eleio-mais-louca-de-sempre\/episodio-5-uma-armadilha-em-direto\/\" rel=\"nofollow noopener\" target=\"_blank\">quinto\u00a0<\/a>aqui]<\/strong><\/p>\n<p><a href=\"https:\/\/observador.pt\/programas\/a-eleio-mais-louca-de-sempre\/episodio-6-a-vitoria-mais-curta-da-historia\/\" rel=\"nofollow noopener\" target=\"_blank\"><\/p>\n<p>        <img src=\"https:\/\/www.europesays.com\/pt\/wp-content\/uploads\/2025\/10\/1761878958_488_770-a-eleicao-mais-louca-de-sempre-playicon.png\" alt=\"\" loading=\"lazy\" decoding=\"async\" class=\"alignnone\" onload=\"this.parentElement.classList.remove('spinner')\" onerror=\"this.parentElement.classList.remove('spinner')\" width=\"770\" height=\"433\"\/>    <\/p>\n<p><\/a><\/p>\n<p>Cavaco Silva j\u00e1 tinha dado pistas sobre o seu sentido de voto quando em setembro escreveu um <a href=\"https:\/\/expresso.pt\/opiniao\/2025-09-18-a-escolha-do-proximo-presidente-da-republica-395dbb5b\" rel=\"nofollow noopener\" target=\"_blank\">artigo<\/a> no seman\u00e1rio Expresso em que apresentava aquelas que considerava que deviam ser as caracter\u00edsticas de um Presidente da Rep\u00fablica. O antigo Presidente j\u00e1 tinha afirmado que, na sua opini\u00e3o, os portugueses deviam ter \u201cem devida conta\u201d, o conhecimento do candidato \u201csobre o funcionamento das institui\u00e7\u00f5es da nossa democracia e das particularidades da pol\u00edtica externa e a sua experi\u00eancia sobre as especificidades da vida partid\u00e1ria e das tarefas da governa\u00e7\u00e3o\u201d. Ora, esta descri\u00e7\u00e3o encaixaria em Marques Mendes e Ant\u00f3nio Jos\u00e9 Seguro, embora houvesse evidentes suspei\u00e7\u00f5es sobre qual seria a prefer\u00eancia de Cavaco Silva.<\/p>\n<p>Nesse mesmo texto, Cavaco Silva dizia de forma velada que Gouveia e Melo n\u00e3o era um bom candidato (ao impor como condi\u00e7\u00e3o a experi\u00eancia pol\u00edtica e partid\u00e1ria) e tamb\u00e9m atirava a Andr\u00e9 Ventura (quando escreveu que o Presidente deve ter em conta \u201co respeito das regras e procedimentos de bom senso dignos de um Presidente\u201d), mas nunca os nomeou diretamente. O antigo Presidente deixava ent\u00e3o a sugest\u00e3o de que Mendes seria o melhor para o cargo e que Gouveia e Melo n\u00e3o serviria para a fun\u00e7\u00e3o. Agora, neste artigo no Observador, fica confirmada que \u00e9 essa a opini\u00e3o do tamb\u00e9m antigo primeiro-ministro.<\/p>\n<p>Gouveia e Melo reagiu, na altura, com alguma ironia ao artigo do antigo Presidente da Rep\u00fablica: \u201cEstranhei a posi\u00e7\u00e3o, porque pelo perfil que o professor Cavaco Silva define para Presidente, <strong>parecia que estava a apoiar<\/strong> mais diretamente o candidato Ant\u00f3nio Jos\u00e9 Seguro.\u201d Para o almirante, al\u00e9m de ter apontado \u201calgu\u00e9m com experi\u00eancia pol\u00edtica anterior\u201d, Cavaco tamb\u00e9m acabara de tra\u00e7ar \u201cum perfil de distanciamento partid\u00e1rio e de seriedade, que cabe melhor a Ant\u00f3nio Jos\u00e9 Seguro que a Marques Mendes.\u201d E ainda sugeriu \u2014 nessa rea\u00e7\u00e3o de setembro \u2014 que Cavaco Silva n\u00e3o estava a querer assumir verdadeiramente a sua posi\u00e7\u00e3o: \u201c<strong>N\u00e3o teve a coragem<\/strong> de dizer, claramente, e assumir diretamente que \u00e9 apoiante de Marques Mendes\u201d.<\/p>\n<p>O apoio ao ex-l\u00edder do PSD n\u00e3o \u00e9 uma surpresa. Cavaco Silva e Marques Mendes t\u00eam uma boa rela\u00e7\u00e3o. O agora candidato foi ministro de Cavaco Silva. Ainda agora nas recentes comemora\u00e7\u00f5es dos 40 anos do primeiro Governo de Cavaco Silva, Marques Mendes fez parte do grupo restrito (do lado de Cavaco Silva) que assistiu \u00e0 cerim\u00f3nia. Os dois t\u00eam boa rela\u00e7\u00e3o e conversam com frequ\u00eancia. Mendes at\u00e9 apresentou um dos livros do antigo primeiro-ministro em 2020. E Cavaco Silva chegou a confessar que aos domingos, dia que passava com a fam\u00edlia, n\u00e3o dispensava acompanhar os coment\u00e1rios do seu antigo ministro \u00e0 noite, na SIC.<\/p>\n","protected":false},"excerpt":{"rendered":"An\u00edbal Cavaco Silva manifestou esta sexta-feira o apoio a Lu\u00eds Marques Mendes nas Presidenciais de 18 de janeiro&hellip;\n","protected":false},"author":2,"featured_media":142727,"comment_status":"","ping_status":"","sticky":false,"template":"","format":"standard","meta":{"footnotes":""},"categories":[10],"tags":[27,28,1077,15,16,14,25,26,7604,21,22,12,13,19,20,57,302,32,1076,23,24,33,58,17,18,29,30,31],"class_list":{"0":"post-142726","1":"post","2":"type-post","3":"status-publish","4":"format-standard","5":"has-post-thumbnail","7":"category-portugal","8":"tag-breaking-news","9":"tag-breakingnews","10":"tag-eleiu00e7u00f5es","11":"tag-featured-news","12":"tag-featurednews","13":"tag-headlines","14":"tag-latest-news","15":"tag-latestnews","16":"tag-luu00eds-marques-mendes","17":"tag-main-news","18":"tag-mainnews","19":"tag-news","20":"tag-noticias","21":"tag-noticias-principais","22":"tag-noticiasprincipais","23":"tag-pau00eds","24":"tag-polu00edtica","25":"tag-portugal","26":"tag-presidenciais-2026","27":"tag-principais-noticias","28":"tag-principaisnoticias","29":"tag-pt","30":"tag-sociedade","31":"tag-top-stories","32":"tag-topstories","33":"tag-ultimas","34":"tag-ultimas-noticias","35":"tag-ultimasnoticias"},"share_on_mastodon":{"url":"https:\/\/pubeurope.com\/@pt\/115507927768239571","error":""},"_links":{"self":[{"href":"https:\/\/www.europesays.com\/pt\/wp-json\/wp\/v2\/posts\/142726","targetHints":{"allow":["GET"]}}],"collection":[{"href":"https:\/\/www.europesays.com\/pt\/wp-json\/wp\/v2\/posts"}],"about":[{"href":"https:\/\/www.europesays.com\/pt\/wp-json\/wp\/v2\/types\/post"}],"author":[{"embeddable":true,"href":"https:\/\/www.europesays.com\/pt\/wp-json\/wp\/v2\/users\/2"}],"replies":[{"embeddable":true,"href":"https:\/\/www.europesays.com\/pt\/wp-json\/wp\/v2\/comments?post=142726"}],"version-history":[{"count":0,"href":"https:\/\/www.europesays.com\/pt\/wp-json\/wp\/v2\/posts\/142726\/revisions"}],"wp:featuredmedia":[{"embeddable":true,"href":"https:\/\/www.europesays.com\/pt\/wp-json\/wp\/v2\/media\/142727"}],"wp:attachment":[{"href":"https:\/\/www.europesays.com\/pt\/wp-json\/wp\/v2\/media?parent=142726"}],"wp:term":[{"taxonomy":"category","embeddable":true,"href":"https:\/\/www.europesays.com\/pt\/wp-json\/wp\/v2\/categories?post=142726"},{"taxonomy":"post_tag","embeddable":true,"href":"https:\/\/www.europesays.com\/pt\/wp-json\/wp\/v2\/tags?post=142726"}],"curies":[{"name":"wp","href":"https:\/\/api.w.org\/{rel}","templated":true}]}}