{"id":142739,"date":"2025-11-07T10:37:07","date_gmt":"2025-11-07T10:37:07","guid":{"rendered":"https:\/\/www.europesays.com\/pt\/142739\/"},"modified":"2025-11-07T10:37:07","modified_gmt":"2025-11-07T10:37:07","slug":"quase-1-100-sobre-a-mesa-prazo-para-propostas-de-alteracao-ao-orcamento-a-terminar","status":"publish","type":"post","link":"https:\/\/www.europesays.com\/pt\/142739\/","title":{"rendered":"Quase 1.100 sobre a mesa. Prazo para propostas de altera\u00e7\u00e3o ao Or\u00e7amento a terminar"},"content":{"rendered":"<p>&#13;<br \/>\n<b>Os partidos com assento parlamentar t\u00eam at\u00e9 \u00e0s 18h00 para submeter propostas de altera\u00e7\u00e3o ao Or\u00e7amento<\/b>. \u00c9 tamb\u00e9m esta sexta-feira que chegam ao fim as audi\u00e7\u00f5es em sede de especialidade: s\u00e3o ouvidos a ministra do Trabalho, Solidariedade e Seguran\u00e7a Social, Maria do Ros\u00e1rio Palma Ramalho, e o ministro das Finan\u00e7as, Joaquem Miranda Sarmento.At\u00e9 \u00e0s 20h00 de quinta-feira, segundo uma contagem da ag\u00eancia Lusa, haviam sido submetidas quase 1.100 propostas. H\u00e1 um ano, \u00e0 mesma hora, havia mais 300.&#13;<br \/>\n&#13;\n<\/p>\n<p><b>No conjunto de 1.079 propostas de altera\u00e7\u00e3o, o Chega \u00e9 respons\u00e1vel por 351 &#8211; Andr\u00e9 Ventura, recorde-se, chegou a acenar com 600<\/b>.<\/p>\n<p>&#13;<br \/>\nO partido de Ventura prop\u00f5e, entre outras medidas, <b>uma redu\u00e7\u00e3o em dois pontos percentuais da derrama estadual do IRC e um aumento permanente das pens\u00f5es em 1,5 por cento<\/b>.&#13;\n<\/p>\n<p>&#13;<br \/>\nO Chega diz-se aberto a acertar com outros grupos parlamentares proposta de subida permanente.&#13;\n<\/p>\n<p>&#13;<br \/>\nJ\u00e1 o <b>PS<\/b> ainda n\u00e3o entregou quaisquer propostas de de altera\u00e7\u00e3o ao Or\u00e7amento do Estado do Governo de Lu\u00eds Montenegro, tendo aguardado pelo \u00faltimo dia. No entanto, <b>o secret\u00e1rio-geral socialista, Jos\u00e9 Lu\u00eds Carneiro, anunciou a inten\u00e7\u00e3o de ver aplicado o saldo extraordin\u00e1rio no or\u00e7amento da Seguran\u00e7a Social para o aumento permanente das pens\u00f5es mais baixas. Algo que o Executivo recusa<\/b>. <\/p>\n<p>Os socialistas pretendem tamb\u00e9m <b>empregar a receita do ISP, o imposto sobre produto petrol\u00edferos, se esta exceder a estimativa para 2026, numa redu\u00e7\u00e3o do IVA sobre os bens alimentares mais b\u00e1sicos<\/b>.<\/p>\n<p>\u00c0 direita, a <b>Iniciativa Liberal<\/b> submeteu 84 propostas. O partido de Mariana Leit\u00e3o d\u00e1 destaque \u00e0 mat\u00e9ria fiscal, propondo desde logo <b>a revoga\u00e7\u00e3o do adicional ao IMI, a redu\u00e7\u00e3o do IRC para 18 por cento e a redu\u00e7\u00e3o, para seis por cento, do IVA na constru\u00e7\u00e3o<\/b>.De 20 a 26 de novembro, decorrem a discuss\u00e3o no plen\u00e1rio, durante a manh\u00e3, e as vota\u00e7\u00f5es na Comiss\u00e3o de Or\u00e7amento, Finan\u00e7as e Administra\u00e7\u00e3o P\u00fablica, \u00e0 tarde. A vota\u00e7\u00e3o final global est\u00e1 agendada para dia 27.<\/p>\n<p>O <b>Livre<\/b>, \u00e0 esquerda, j\u00e1 entregou 140 propostas de altera\u00e7\u00e3o, entre as quais <b>a descida da taxa m\u00e1xima de IVA de 23 para 21 por cento, a subida do sal\u00e1rio m\u00ednimo para 1.250 euros, nos pr\u00f3ximos quatro anos, e a semana de trabalho de quatro dias<\/b>.&#13;\n<\/p>\n<p>&#13;<br \/>\nO <b>PCP<\/b> defende, por seu turno, um <b>aumento permanente das pens\u00f5es em cinco por cento, assim como a subida do sal\u00e1rio m\u00ednimo para 1.050 euros<\/b>. Os comunistas querem tamb\u00e9m <b>penalizar a tributa\u00e7\u00e3o de grupos econ\u00f3micos e favorecer micro e pequenas empresas, al\u00e9m de escal\u00f5es mais reduzidos em sede de IRS<\/b>. J\u00e1 apresentaram, ao todo, mais de 250 propostas.&#13;\n<\/p>\n<p>&#13;<br \/>\nO <b>Bloco de Esquerda<\/b> prop\u00f5e a <b>cria\u00e7\u00e3o de um fundo de apoio aos munic\u00edpios das seis barragens vendidas pela EDP, assente nos impostos a pagar pela empresa<\/b>. <\/p>\n<p>O <b>PAN defende um programa de cooperativas habitacionais e a redu\u00e7\u00e3o do IVA para a sa\u00fade e alimenta\u00e7\u00e3o animal<\/b> e o <b>JPP<\/b> limita, para j\u00e1, as suas iniciativas a uma \u00fanica: <b>a adapta\u00e7\u00e3o do regime de TVDE \u00e0s especificidades das regi\u00f5es aut\u00f3nomas<\/b>.&#13;\n<\/p>\n<p>&#13;<br \/>\nOs<b> tr\u00eas deputados do PSD da Madeira<\/b> submeteram tr\u00eas propostas, nomeadamente <b>a extens\u00e3o do regime fiscal da Zona Franca da Madeira at\u00e9 2033<\/b>. O <b>PSD e o CDS-PP<\/b>, parceiros no Governo, apresentaram um par de propostas para <b>emendar lapsos na vers\u00e3o do Or\u00e7amento aprovada na generalidade<\/b>.&#13;\n<\/p>\n<p>Em 2024, foi apresentado um total de 2.123 propostas de altera\u00e7\u00e3o ao Or\u00e7amento do Estado para 2025, um n\u00famero sem precedentes.<\/p>\n<p>c\/ Lusa<br \/>&#13;\n            <\/p>\n","protected":false},"excerpt":{"rendered":"&#13; Os partidos com assento parlamentar t\u00eam at\u00e9 \u00e0s 18h00 para submeter propostas de altera\u00e7\u00e3o ao Or\u00e7amento. \u00c9&hellip;\n","protected":false},"author":2,"featured_media":142740,"comment_status":"","ping_status":"","sticky":false,"template":"","format":"standard","meta":{"footnotes":""},"categories":[10],"tags":[29409,2030,27,28,15,16,301,14,26513,2502,25,26,21,22,12,13,19,20,28704,8497,4532,32,23,24,31540,33,17,18,29,30,31],"class_list":{"0":"post-142739","1":"post","2":"type-post","3":"status-publish","4":"format-standard","5":"has-post-thumbnail","7":"category-portugal","8":"tag-alteracao","9":"tag-assembleia-da-republica","10":"tag-breaking-news","11":"tag-breakingnews","12":"tag-featured-news","13":"tag-featurednews","14":"tag-governo","15":"tag-headlines","16":"tag-irc","17":"tag-iva","18":"tag-latest-news","19":"tag-latestnews","20":"tag-main-news","21":"tag-mainnews","22":"tag-news","23":"tag-noticias","24":"tag-noticias-principais","25":"tag-noticiasprincipais","26":"tag-oposicao","27":"tag-orcamento-do-estado","28":"tag-parlamento","29":"tag-portugal","30":"tag-principais-noticias","31":"tag-principaisnoticias","32":"tag-propostas","33":"tag-pt","34":"tag-top-stories","35":"tag-topstories","36":"tag-ultimas","37":"tag-ultimas-noticias","38":"tag-ultimasnoticias"},"share_on_mastodon":{"url":"https:\/\/pubeurope.com\/@pt\/115507982690782567","error":""},"_links":{"self":[{"href":"https:\/\/www.europesays.com\/pt\/wp-json\/wp\/v2\/posts\/142739","targetHints":{"allow":["GET"]}}],"collection":[{"href":"https:\/\/www.europesays.com\/pt\/wp-json\/wp\/v2\/posts"}],"about":[{"href":"https:\/\/www.europesays.com\/pt\/wp-json\/wp\/v2\/types\/post"}],"author":[{"embeddable":true,"href":"https:\/\/www.europesays.com\/pt\/wp-json\/wp\/v2\/users\/2"}],"replies":[{"embeddable":true,"href":"https:\/\/www.europesays.com\/pt\/wp-json\/wp\/v2\/comments?post=142739"}],"version-history":[{"count":0,"href":"https:\/\/www.europesays.com\/pt\/wp-json\/wp\/v2\/posts\/142739\/revisions"}],"wp:featuredmedia":[{"embeddable":true,"href":"https:\/\/www.europesays.com\/pt\/wp-json\/wp\/v2\/media\/142740"}],"wp:attachment":[{"href":"https:\/\/www.europesays.com\/pt\/wp-json\/wp\/v2\/media?parent=142739"}],"wp:term":[{"taxonomy":"category","embeddable":true,"href":"https:\/\/www.europesays.com\/pt\/wp-json\/wp\/v2\/categories?post=142739"},{"taxonomy":"post_tag","embeddable":true,"href":"https:\/\/www.europesays.com\/pt\/wp-json\/wp\/v2\/tags?post=142739"}],"curies":[{"name":"wp","href":"https:\/\/api.w.org\/{rel}","templated":true}]}}