{"id":142750,"date":"2025-11-07T10:47:21","date_gmt":"2025-11-07T10:47:21","guid":{"rendered":"https:\/\/www.europesays.com\/pt\/142750\/"},"modified":"2025-11-07T10:47:21","modified_gmt":"2025-11-07T10:47:21","slug":"juan-carlos-admite-sentir-se-abandonado-pelo-filho-e-nega-relacao-extraconjugal-com-princesa-diana","status":"publish","type":"post","link":"https:\/\/www.europesays.com\/pt\/142750\/","title":{"rendered":"Juan Carlos admite sentir-se abandonado pelo filho e nega rela\u00e7\u00e3o extraconjugal com princesa Diana"},"content":{"rendered":"\n<p>No livro de 512 p\u00e1ginas falou sobre a m\u00e3e dos seus tr\u00eas filhos, a rainha em\u00e9rita Sof\u00eda, descrevendo-a como uma mulher &#8220;excecional, \u00edntegra e bondosa&#8221;. Tamb\u00e9m no cap\u00edtulo amoroso, frisou que as rela\u00e7\u00f5es extraconjugais que lhe foram atribu\u00eddas pela imprensa eram na maioria falsas, incluindo a princesa de Gales, que descreve como &#8220;fria e distante&#8221;<\/p>\n<p>No cap\u00edtulo &#8220;A trag\u00e9dia&#8221;, revela que estava &#8220;a brincar&#8221; com o irm\u00e3o Alfonso, de apenas 14 anos, com uma pistola, na casa de fam\u00edlia em Portugal, no momento do acidente. &#8220;T\u00ednhamos retirado o cartucho. N\u00e3o faz\u00edamos ideia de que ainda havia uma bala na arma&#8221;, escreveu, acerca do tr\u00e1gico epis\u00f3dio ocorrido em 1956, do qual se lembra &#8220;todos os dias&#8221;.<\/p>\n<p>Juan Carlos, de 87 anos, revela ainda que gostaria de viver tranquilamente a reforma no seu pa\u00eds e ser sepultado com honras de Estado.<\/p>\n","protected":false},"excerpt":{"rendered":"No livro de 512 p\u00e1ginas falou sobre a m\u00e3e dos seus tr\u00eas filhos, a rainha em\u00e9rita Sof\u00eda, descrevendo-a&hellip;\n","protected":false},"author":2,"featured_media":142751,"comment_status":"","ping_status":"","sticky":false,"template":"","format":"standard","meta":{"footnotes":""},"categories":[85],"tags":[114,115,640,32,33,31541],"class_list":{"0":"post-142750","1":"post","2":"type-post","3":"status-publish","4":"format-standard","5":"has-post-thumbnail","7":"category-entretenimento","8":"tag-entertainment","9":"tag-entretenimento","10":"tag-espanha","11":"tag-portugal","12":"tag-pt","13":"tag-rei-juan-carlos"},"share_on_mastodon":{"url":"https:\/\/pubeurope.com\/@pt\/115508022063777341","error":""},"_links":{"self":[{"href":"https:\/\/www.europesays.com\/pt\/wp-json\/wp\/v2\/posts\/142750","targetHints":{"allow":["GET"]}}],"collection":[{"href":"https:\/\/www.europesays.com\/pt\/wp-json\/wp\/v2\/posts"}],"about":[{"href":"https:\/\/www.europesays.com\/pt\/wp-json\/wp\/v2\/types\/post"}],"author":[{"embeddable":true,"href":"https:\/\/www.europesays.com\/pt\/wp-json\/wp\/v2\/users\/2"}],"replies":[{"embeddable":true,"href":"https:\/\/www.europesays.com\/pt\/wp-json\/wp\/v2\/comments?post=142750"}],"version-history":[{"count":0,"href":"https:\/\/www.europesays.com\/pt\/wp-json\/wp\/v2\/posts\/142750\/revisions"}],"wp:featuredmedia":[{"embeddable":true,"href":"https:\/\/www.europesays.com\/pt\/wp-json\/wp\/v2\/media\/142751"}],"wp:attachment":[{"href":"https:\/\/www.europesays.com\/pt\/wp-json\/wp\/v2\/media?parent=142750"}],"wp:term":[{"taxonomy":"category","embeddable":true,"href":"https:\/\/www.europesays.com\/pt\/wp-json\/wp\/v2\/categories?post=142750"},{"taxonomy":"post_tag","embeddable":true,"href":"https:\/\/www.europesays.com\/pt\/wp-json\/wp\/v2\/tags?post=142750"}],"curies":[{"name":"wp","href":"https:\/\/api.w.org\/{rel}","templated":true}]}}