{"id":142765,"date":"2025-11-07T11:17:12","date_gmt":"2025-11-07T11:17:12","guid":{"rendered":"https:\/\/www.europesays.com\/pt\/142765\/"},"modified":"2025-11-07T11:17:12","modified_gmt":"2025-11-07T11:17:12","slug":"michael-jackson-trailer-de-filme-sobre-cantor-e-divulgado-06-11-2025-ilustrada","status":"publish","type":"post","link":"https:\/\/www.europesays.com\/pt\/142765\/","title":{"rendered":"Michael Jackson: Trailer de filme sobre cantor \u00e9 divulgado &#8211; 06\/11\/2025 &#8211; Ilustrada"},"content":{"rendered":"<p>&#8220;Michael&#8221;, cinebiografia do cantor <a href=\"https:\/\/www1.folha.uol.com.br\/folha-topicos\/michael-jackson\/\" rel=\"nofollow noopener\" target=\"\">Michael Jackson<\/a>, acaba de ganhar um trailer. O longa deve chegar aos cinemas em abril de 2026.<\/p>\n<p>O longa \u00e9 protagonizado por <a href=\"https:\/\/f5.folha.uol.com.br\/cinema-e-series\/2023\/01\/ator-escolhido-para-viver-michael-jackson-em-filme-e-filho-de-um-dos-irmaos-do-cantor.shtml\" rel=\"nofollow noopener\" target=\"_blank\">Jaafar Jackson<\/a>, sobrinho do rei do Pop, que ganhou o papel pela semelhan\u00e7a f\u00edsica e o jeito de dan\u00e7ar do tio.<\/p>\n<p>Ele \u00e9 filho de Jermaine Jackson, um dos irm\u00e3os de Michael, que tamb\u00e9m fazia parte do The Jackson 5. No trailer , vemos o ator interpretando o cantor em diferentes fases tendo como trilha sonora sucessos como &#8220;Wanna Be Startin\u2019 Somethin\u2019&#8221; e &#8220;Bellie Jean.&#8221;<\/p>\n<p>A produ\u00e7\u00e3o autobiogr\u00e1fica \u00e9 dirigida por Antoine Fuqua, de &#8220;Emancipation: uma Hist\u00f3ria de Liberdade&#8221;, com <a href=\"https:\/\/www1.folha.uol.com.br\/folha-topicos\/will-smith\/\" rel=\"nofollow noopener\" target=\"_blank\">Will Smith<\/a>. Deve abordar a carreira do cantor at\u00e9 a sua morte, em 2009, aos 50 anos, e n\u00e3o deve deixar de lado as controv\u00e9rsias na vida do astro, como as acusa\u00e7\u00f5es de pedofilia e o uso de sedativos.<\/p>\n<p>&#8220;Michael&#8221; foi feito em parceria com a fam\u00edlia de Jackson. O est\u00fadio tem direitos para usar todas as m\u00fasicas do cantor pop.<\/p>\n<p>O roteiro \u00e9 assinado por John Logan, indicado ao <a href=\"https:\/\/www1.folha.uol.com.br\/folha-topicos\/oscar\/\" rel=\"nofollow noopener\" target=\"_blank\">Oscar<\/a> por &#8220;Gladiador&#8221;, &#8220;O Aviador&#8221; e &#8220;Hugo&#8221;. A produ\u00e7\u00e3o \u00e9 de Graham King, respons\u00e1vel por transformar a hist\u00f3ria de Freddie Mercury no sucesso &#8220;Bohemian Rhapsody&#8221;.<\/p>\n","protected":false},"excerpt":{"rendered":"&#8220;Michael&#8221;, cinebiografia do cantor Michael Jackson, acaba de ganhar um trailer. O longa deve chegar aos cinemas em&hellip;\n","protected":false},"author":2,"featured_media":142766,"comment_status":"","ping_status":"","sticky":false,"template":"","format":"standard","meta":{"footnotes":""},"categories":[140],"tags":[114,115,147,471,148,236,6641,146,150,32,33,600],"class_list":{"0":"post-142765","1":"post","2":"type-post","3":"status-publish","4":"format-standard","5":"has-post-thumbnail","7":"category-filmes","8":"tag-entertainment","9":"tag-entretenimento","10":"tag-film","11":"tag-filme","12":"tag-filmes","13":"tag-folha","14":"tag-michael-jackson","15":"tag-movies","16":"tag-musica","17":"tag-portugal","18":"tag-pt","19":"tag-veja-video"},"share_on_mastodon":{"url":"https:\/\/pubeurope.com\/@pt\/115508140136609285","error":""},"_links":{"self":[{"href":"https:\/\/www.europesays.com\/pt\/wp-json\/wp\/v2\/posts\/142765","targetHints":{"allow":["GET"]}}],"collection":[{"href":"https:\/\/www.europesays.com\/pt\/wp-json\/wp\/v2\/posts"}],"about":[{"href":"https:\/\/www.europesays.com\/pt\/wp-json\/wp\/v2\/types\/post"}],"author":[{"embeddable":true,"href":"https:\/\/www.europesays.com\/pt\/wp-json\/wp\/v2\/users\/2"}],"replies":[{"embeddable":true,"href":"https:\/\/www.europesays.com\/pt\/wp-json\/wp\/v2\/comments?post=142765"}],"version-history":[{"count":0,"href":"https:\/\/www.europesays.com\/pt\/wp-json\/wp\/v2\/posts\/142765\/revisions"}],"wp:featuredmedia":[{"embeddable":true,"href":"https:\/\/www.europesays.com\/pt\/wp-json\/wp\/v2\/media\/142766"}],"wp:attachment":[{"href":"https:\/\/www.europesays.com\/pt\/wp-json\/wp\/v2\/media?parent=142765"}],"wp:term":[{"taxonomy":"category","embeddable":true,"href":"https:\/\/www.europesays.com\/pt\/wp-json\/wp\/v2\/categories?post=142765"},{"taxonomy":"post_tag","embeddable":true,"href":"https:\/\/www.europesays.com\/pt\/wp-json\/wp\/v2\/tags?post=142765"}],"curies":[{"name":"wp","href":"https:\/\/api.w.org\/{rel}","templated":true}]}}