{"id":142779,"date":"2025-11-07T11:31:26","date_gmt":"2025-11-07T11:31:26","guid":{"rendered":"https:\/\/www.europesays.com\/pt\/142779\/"},"modified":"2025-11-07T11:31:26","modified_gmt":"2025-11-07T11:31:26","slug":"channing-tatum-aposta-que-vingadores-apocalipse-sera-o-maior-filme-da-decada","status":"publish","type":"post","link":"https:\/\/www.europesays.com\/pt\/142779\/","title":{"rendered":"&#8216;Channing Tatum aposta que &#8216;Vingadores: Apocalipse&#8217; ser\u00e1 o maior filme da d\u00e9cada"},"content":{"rendered":"<p><strong><a href=\"https:\/\/cinepop.com.br\/tag\/channing-tatum\/\" title=\"Channing Tatum\" rel=\"nofollow noopener\" target=\"_blank\">Channing Tatum<\/a><\/strong>, o astro que dar\u00e1 vida a Gambit no Universo Cinematogr\u00e1fico <a href=\"https:\/\/cinepop.com.br\/tag\/marvel\/\" title=\"Marvel\" rel=\"nofollow noopener\" target=\"_blank\">Marvel<\/a> (UCM), voltou a falar sobre<strong> \u2018<a href=\"https:\/\/cinepop.com.br\/tag\/vingadores-apocalipse\/\" title=\"Vingadores: Apocalipse\" rel=\"nofollow noopener\" target=\"_blank\">Vingadores: Apocalipse<\/a>\u2019<\/strong>, o \u00e9pico da <a href=\"https:\/\/cinepop.com.br\/tag\/marvel\/\" title=\"Marvel\" rel=\"nofollow noopener\" target=\"_blank\">Marvel<\/a> que abordar\u00e1 a Guerra Multiversal e no qual ele reprisar\u00e1 seu papel como o mutante.<\/p>\n<p>Segundo o <a href=\"https:\/\/comicbookmovie.com\/avengers\/avengers-doomsday\/avengers-doomsday-star-channing-tatum-promises-so-much-gambit-action-everyone-is-going-to-see-this-movie-a224703\" rel=\"nofollow noopener\" target=\"_blank\">ComicBookMovie<\/a>, <strong>Tatum<\/strong> revelou acreditar que<strong> \u2018<a href=\"https:\/\/cinepop.com.br\/tag\/vingadores-apocalipse\/\" title=\"Vingadores: Apocalipse\" rel=\"nofollow noopener\" target=\"_blank\">Vingadores: Apocalipse<\/a>\u2019<\/strong> pode se tornar o maior filme da d\u00e9cada.<\/p>\n<p>\u201cOlha, todo mundo no mundo vai assistir a este filme. \u00c9 dif\u00edcil dizer isso, porque voc\u00ea ouve essas coisas e pensa: \u2018Claro\u2019. Mas eles superaram a si mesmos a cada vez. Este ser\u00e1 o maior filme do pr\u00f3ximo ano e talvez at\u00e9 dos pr\u00f3ximos 10 anos\u201d, afirmou.<\/p>\n<p><strong>Tatum<\/strong> tamb\u00e9m comentou sobre a escala da produ\u00e7\u00e3o: \u201cA escala disso, o que eles est\u00e3o tentando fazer\u2026 o que os Russos prepararam, quando li, fiquei tipo: \u2018Como eles v\u00e3o fazer isso?\u2019. Foi uma montanha Everest para escalar. Ainda estou impressionado. Fa\u00e7o muita a\u00e7\u00e3o neste filme, mas isso foi apenas uma pequena parte\u201d.<\/p>\n<p><strong>O filme, que faz parte da Saga do Multiverso do <a href=\"https:\/\/cinepop.com.br\/tag\/mcu\/\" title=\"MCU\" rel=\"nofollow noopener\" target=\"_blank\">MCU<\/a>, est\u00e1 previsto para estrear em dezembro de 2026.<\/strong><\/p>\n<p><a href=\"https:\/\/cinepop.com.br\/vingadores-apocalipse-channing-tatum-celebra-participacao-no-longa-alem-dos-meus-sonhos-mais-selvagens-697729\/\" rel=\"nofollow noopener\" target=\"_blank\">\u2018Vingadores: Apocalipse\u2019: Channing Tatum celebra participa\u00e7\u00e3o no longa \u201cal\u00e9m dos meus sonhos mais selvagens\u201d<\/a><\/p>\n<p><img fetchpriority=\"high\" decoding=\"async\" class=\"alignnone wp-image-258362 size-full\" src=\"https:\/\/www.europesays.com\/pt\/wp-content\/uploads\/2025\/11\/famke-janssen-x-men.jpg\" alt=\"\" width=\"800\" height=\"445\"  \/><\/p>\n<p><strong>Vale lembrar que o pr\u00f3ximo grande cap\u00edtulo do UCM ser\u00e1 \u2018<a href=\"https:\/\/cinepop.com.br\/tag\/vingadores-apocalipse\/\" title=\"Vingadores: Apocalipse\" rel=\"nofollow noopener\" target=\"_blank\">Vingadores: Apocalipse<\/a>\u2019.<\/strong><\/p>\n<p>O filme tem estreia marcada nos cinemas brasileiros para o dia <strong>17 de dezembro de 2026<\/strong>, um dia antes do lan\u00e7amento nos Estados Unidos.<\/p>\n<p>J\u00e1 a sequ\u00eancia,<strong> \u2018Vingadores: Guerras Secretas\u2019<\/strong>, est\u00e1 programada para chegar \u00e0s telonas exatamente um ano depois, em <strong>17 de dezembro de 2027.<\/strong><\/p>\n<p><a href=\"https:\/\/cinepop.com.br\/evan-peters-fala-sobre-possivel-retorno-como-mercurio-em-vingadores-doomsday-694623\/\" rel=\"nofollow noopener\" target=\"_blank\">Evan Peters fala sobre poss\u00edvel RETORNO como Merc\u00fario em \u2018Vingadores: Doomsday\u2019<\/a><\/p>\n<p><img loading=\"lazy\" decoding=\"async\" src=\"https:\/\/www.europesays.com\/pt\/wp-content\/uploads\/2025\/11\/robert-downer-jr-vingadores-1024x574.jpg.webp.webp\" alt=\"\" width=\"696\" height=\"390\"  \/><\/p>\n<p>Al\u00e9m de <strong><a href=\"https:\/\/cinepop.com.br\/tag\/robert-downey-jr\/\" title=\"Robert Downey Jr\" rel=\"nofollow noopener\" target=\"_blank\">Robert Downey Jr<\/a>.<\/strong> como Victor Von Doom\/Doutor Destino, o elenco contar\u00e1 com <strong><a href=\"https:\/\/cinepop.com.br\/tag\/tom-hiddleston\/\" title=\"Tom Hiddleston\" rel=\"nofollow noopener\" target=\"_blank\">Tom Hiddleston<\/a><\/strong> (<a href=\"https:\/\/cinepop.com.br\/tag\/loki\/\" title=\"Loki\" rel=\"nofollow noopener\" target=\"_blank\">Loki<\/a>), <strong><a href=\"https:\/\/cinepop.com.br\/tag\/anthony-mackie\/\" title=\"Anthony Mackie\" rel=\"nofollow noopener\" target=\"_blank\">Anthony Mackie<\/a><\/strong> (Capit\u00e3o Am\u00e9rica), <strong><a href=\"https:\/\/cinepop.com.br\/tag\/sebastian-stan\/\" title=\"Sebastian Stan\" rel=\"nofollow noopener\" target=\"_blank\">Sebastian Stan<\/a><\/strong> (Soldado Invernal), <strong><a href=\"https:\/\/cinepop.com.br\/tag\/letitia-wright\/\" title=\"Letitia Wright\" rel=\"nofollow noopener\" target=\"_blank\">Letitia Wright<\/a><\/strong> (Pantera Negra), <strong><a href=\"https:\/\/cinepop.com.br\/tag\/wyatt-russell\/\" title=\"Wyatt Russell\" rel=\"nofollow noopener\" target=\"_blank\">Wyatt Russell<\/a><\/strong> (Agente Americano) <strong><a href=\"https:\/\/cinepop.com.br\/tag\/simu-liu\/\" title=\"Simu Liu\" rel=\"nofollow noopener\" target=\"_blank\">Simu Liu<\/a><\/strong> (Shang-Chi), <strong><a href=\"https:\/\/cinepop.com.br\/tag\/florence-pugh\/\" title=\"Florence Pugh\" rel=\"nofollow noopener\" target=\"_blank\">Florence Pugh<\/a><\/strong> (Yelena Belova), <strong><a href=\"https:\/\/cinepop.com.br\/tag\/danny-ramirez\/\" title=\"Danny Ramirez\" rel=\"nofollow noopener\" target=\"_blank\">Danny Ramirez<\/a><\/strong> (Falc\u00e3o), <strong><a href=\"https:\/\/cinepop.com.br\/tag\/winston-duke\/\" title=\"Winston Duke\" rel=\"nofollow noopener\" target=\"_blank\">Winston Duke<\/a><\/strong> (M\u2019Baku), <strong><a href=\"https:\/\/cinepop.com.br\/tag\/vanessa-kirby\/\" title=\"Vanessa Kirby\" rel=\"nofollow noopener\" target=\"_blank\">Vanessa Kirby<\/a><\/strong> ( Mulher Invis\u00edvel), <strong><a href=\"https:\/\/cinepop.com.br\/tag\/ebon-moss-bachrach\/\" title=\"Ebon Moss-Bachrach\" rel=\"nofollow noopener\" target=\"_blank\">Ebon Moss-Bachrach<\/a><\/strong> (Coisa), <strong><a href=\"https:\/\/cinepop.com.br\/tag\/joseph-quinn\/\" title=\"Joseph Quinn\" rel=\"nofollow noopener\" target=\"_blank\">Joseph Quinn<\/a><\/strong> (Tocha Humana), <strong><a href=\"https:\/\/cinepop.com.br\/tag\/lewis-pullman\/\" title=\"Lewis Pullman\" rel=\"nofollow noopener\" target=\"_blank\">Lewis Pullman<\/a><\/strong> (Bob), <strong><a href=\"https:\/\/cinepop.com.br\/tag\/david-harbour\/\" title=\"David Harbour\" rel=\"nofollow noopener\" target=\"_blank\">David Harbour<\/a><\/strong> (Guardi\u00e3o Vermelho), <strong><a href=\"https:\/\/cinepop.com.br\/tag\/hannah-john-kamen\/\" title=\"Hannah John-Kamen\" rel=\"nofollow noopener\" target=\"_blank\">Hannah John-Kamen<\/a><\/strong> (Fantasma), <strong><a href=\"https:\/\/cinepop.com.br\/tag\/patrick-stewart\/\" title=\"Patrick Stewart\" rel=\"nofollow noopener\" target=\"_blank\">Patrick Stewart<\/a><\/strong> (Professor Xavier),<strong> <a href=\"https:\/\/cinepop.com.br\/tag\/alan-cumming\/\" title=\"Alan Cumming\" rel=\"nofollow noopener\" target=\"_blank\">Alan Cumming<\/a> <\/strong>(Noturno),\u00a0<strong><a href=\"https:\/\/cinepop.com.br\/tag\/ian-mckellen\/\" title=\"Ian McKellen\" rel=\"nofollow noopener\" target=\"_blank\">Ian McKellen<\/a>\u00a0<\/strong>(Magneto),\u00a0<strong><a href=\"https:\/\/cinepop.com.br\/tag\/rebecca-romijn\/\" title=\"Rebecca Romijn\" rel=\"nofollow noopener\" target=\"_blank\">Rebecca Romijn<\/a><\/strong> (M\u00edstica),\u00a0<strong><a href=\"https:\/\/cinepop.com.br\/tag\/james-marsden\/\" title=\"James Marsden\" rel=\"nofollow noopener\" target=\"_blank\">James Marsden<\/a><\/strong> (Ciclope), <strong><a href=\"https:\/\/cinepop.com.br\/tag\/kelsey-grammer\/\" title=\"Kelsey Grammer\" rel=\"nofollow noopener\" target=\"_blank\">Kelsey Grammer<\/a> <\/strong>(Fera), <strong><a href=\"https:\/\/cinepop.com.br\/tag\/channing-tatum\/\" title=\"Channing Tatum\" rel=\"nofollow noopener\" target=\"_blank\">Channing Tatum<\/a> <\/strong>(Gambit), <strong><a href=\"https:\/\/cinepop.com.br\/tag\/paul-rudd\/\" title=\"Paul Rudd\" rel=\"nofollow noopener\" target=\"_blank\">Paul Rudd<\/a> <\/strong>(Homem-Formiga), <strong><a href=\"https:\/\/cinepop.com.br\/tag\/chris-hemsworth\/\" title=\"Chris Hemsworth\" rel=\"nofollow noopener\" target=\"_blank\">Chris Hemsworth<\/a><\/strong> (Thor) e\u00a0<strong>Pedro Pascal<\/strong> (Sr. Fant\u00e1stico).<\/p>\n<p><a href=\"https:\/\/cinepop.com.br\/sinopse-de-vingadores-doomsday-revela-plano-maligno-do-doutor-destino-confira-692665\/\" rel=\"nofollow noopener\" target=\"_blank\">Jennifer Garner indica poss\u00edvel RETORNO como Elektra em \u2018Vingadores: Doomsday\u2019<\/a><\/p>\n","protected":false},"excerpt":{"rendered":"Channing Tatum, o astro que dar\u00e1 vida a Gambit no Universo Cinematogr\u00e1fico Marvel (UCM), voltou a falar sobre&hellip;\n","protected":false},"author":2,"featured_media":142780,"comment_status":"","ping_status":"","sticky":false,"template":"","format":"standard","meta":{"footnotes":""},"categories":[140],"tags":[23310,31544,16122,13291,13292,13293,31545,16993,23311,16123,6384,13294,13295,23312,31546,12726,114,115,3639,147,148,13296,9191,13297,24740,13298,13299,13300,31547,12730,13301,31548,13302,13303,10585,14103,792,12733,11189,15418,146,16994,13304,4420,32,33,13305,13306,13307,14131,13308,31549,16995,13309,13310,2149,13311,18015,13312,11192],"class_list":{"0":"post-142779","1":"post","2":"type-post","3":"status-publish","4":"format-standard","5":"has-post-thumbnail","7":"category-filmes","8":"tag-homem-de-ferro-3","9":"tag-agent-carter","10":"tag-agents-of-s-h-i-e-l-d","11":"tag-alan-cumming","12":"tag-anthony-e-joe-russo","13":"tag-anthony-mackie","14":"tag-capitao-america-o-primeiro-vingador","15":"tag-channing-tatum","16":"tag-charlie-cox","17":"tag-chloe-bennet","18":"tag-chris-hemsworth","19":"tag-danny-ramirez","20":"tag-david-harbour","21":"tag-demolidor-renascido","22":"tag-dominic-cooper","23":"tag-ebon-moss-bachrach","24":"tag-entertainment","25":"tag-entretenimento","26":"tag-featured","27":"tag-film","28":"tag-filmes","29":"tag-florence-pugh","30":"tag-halle-berry","31":"tag-hannah-john-kamen","32":"tag-hulk","33":"tag-ian-mckellen","34":"tag-irmaos-russo","35":"tag-james-marsden","36":"tag-jonathan-majors","37":"tag-joseph-quinn","38":"tag-kelsey-grammer","39":"tag-kid-loki","40":"tag-letitia-wright","41":"tag-lewis-pullman","42":"tag-loki","43":"tag-mark-ruffalo","44":"tag-marvel","45":"tag-marvel-studios","46":"tag-mcu","47":"tag-michael-waldron","48":"tag-movies","49":"tag-mulher-hulk-defensora-de-herois","50":"tag-patrick-stewart","51":"tag-paul-rudd","52":"tag-portugal","53":"tag-pt","54":"tag-rebecca-romijn","55":"tag-robert-downey-jr","56":"tag-sebastian-stan","57":"tag-shane-black","58":"tag-simu-liu","59":"tag-steve-mcfeely","60":"tag-tatiana-maslany","61":"tag-tom-hiddleston","62":"tag-universo-cinematico-marvel","63":"tag-vanessa-kirby","64":"tag-vingadores-apocalipse","65":"tag-vingadores-ultimato","66":"tag-winston-duke","67":"tag-wyatt-russell"},"share_on_mastodon":{"url":"","error":"Validation failed: Text character limit of 500 exceeded"},"_links":{"self":[{"href":"https:\/\/www.europesays.com\/pt\/wp-json\/wp\/v2\/posts\/142779","targetHints":{"allow":["GET"]}}],"collection":[{"href":"https:\/\/www.europesays.com\/pt\/wp-json\/wp\/v2\/posts"}],"about":[{"href":"https:\/\/www.europesays.com\/pt\/wp-json\/wp\/v2\/types\/post"}],"author":[{"embeddable":true,"href":"https:\/\/www.europesays.com\/pt\/wp-json\/wp\/v2\/users\/2"}],"replies":[{"embeddable":true,"href":"https:\/\/www.europesays.com\/pt\/wp-json\/wp\/v2\/comments?post=142779"}],"version-history":[{"count":0,"href":"https:\/\/www.europesays.com\/pt\/wp-json\/wp\/v2\/posts\/142779\/revisions"}],"wp:featuredmedia":[{"embeddable":true,"href":"https:\/\/www.europesays.com\/pt\/wp-json\/wp\/v2\/media\/142780"}],"wp:attachment":[{"href":"https:\/\/www.europesays.com\/pt\/wp-json\/wp\/v2\/media?parent=142779"}],"wp:term":[{"taxonomy":"category","embeddable":true,"href":"https:\/\/www.europesays.com\/pt\/wp-json\/wp\/v2\/categories?post=142779"},{"taxonomy":"post_tag","embeddable":true,"href":"https:\/\/www.europesays.com\/pt\/wp-json\/wp\/v2\/tags?post=142779"}],"curies":[{"name":"wp","href":"https:\/\/api.w.org\/{rel}","templated":true}]}}