{"id":142781,"date":"2025-11-07T11:32:11","date_gmt":"2025-11-07T11:32:11","guid":{"rendered":"https:\/\/www.europesays.com\/pt\/142781\/"},"modified":"2025-11-07T11:32:11","modified_gmt":"2025-11-07T11:32:11","slug":"ja-sao-conhecidos-os-convocados-de-portugal","status":"publish","type":"post","link":"https:\/\/www.europesays.com\/pt\/142781\/","title":{"rendered":"J\u00e1 s\u00e3o conhecidos os convocados de Portugal"},"content":{"rendered":"<p>&#8211; Advertisement &#8211;<\/p>\n<p><strong>Jorge Braz deu a conhecer esta quinta-feira a lista de convocados para os pr\u00f3ximos jogos da Sele\u00e7\u00e3o Nacional de Futsal. <\/strong><\/p>\n<p>Jorge Braz divulgou a lista de convocados para os pr\u00f3ximos jogos de Portugal, que continua a preparar-se para o Euro 2026 de <a href=\"https:\/\/bolanarede.pt\/categoria\/modalidades\/futsal\/\" target=\"_blank\" rel=\"noreferrer noopener nofollow\">Futsal<\/a>. A Sele\u00e7\u00e3o Nacional vai jogar um duplo particular contra a Eslov\u00e9nia nos dias 11 e 12 de novembro, em Braga. <\/p>\n<p>Os jogos est\u00e3o marcados para as 20h00 e 19h00 (respetivamente) no AMCO Arena, o que ser\u00e1 uma estreia da Sele\u00e7\u00e3o Nacional no recinto desportivo. Tem lota\u00e7\u00e3o de 1116 pessoas e \u00e9 a casa das modalidades de pavilh\u00e3o do Braga. <\/p>\n<p>O Euro 2026 decorrer\u00e1 entre 21 de janeiro e 7 de fevereiro, sendo que Portugal est\u00e1 inserido no Grupo D, com a It\u00e1lia, Pol\u00f3nia e Hungria.<\/p>\n<p><strong>Eis a lista de convocados:<\/strong><\/p>\n<p><strong>Guarda-redes<\/strong>:\u00a0Edu (El Pozo Murcia, Espanha), Andr\u00e9 Correia (SL Benfica) e Bernardo Pa\u00e7\u00f3 (Sporting CP);<\/p>\n<p><strong>Fixos<\/strong>: Andr\u00e9 Coelho (SL Benfica) e Tom\u00e1s Pa\u00e7\u00f3 (Sporting CP);<\/p>\n<p><strong>Fixo\/Ala<\/strong>: Afonso (SL Benfica) e Bruno Maior (Sporting CP);<\/p>\n<p><strong>Universal<\/strong>: Erick (FC Barcelona, Espanha)<\/p>\n<p><strong>Alas<\/strong>: Tiago Brito (SC Braga), Diogo Santos (Sporting CP), Pany Varela\u00a0(SL Benfica),\u00a0Kutchy (SL Benfica), Carlos Monteiro (SL Benfica) e\u00a0Bruno Coelho (Riga Futsal, Let\u00f3nia);<\/p>\n<p><strong>Piv\u00f4:<\/strong>\u00a0R\u00faben G\u00f3is (Rio Ave FC)<\/p>\n","protected":false},"excerpt":{"rendered":"&#8211; Advertisement &#8211; Jorge Braz deu a conhecer esta quinta-feira a lista de convocados para os pr\u00f3ximos jogos&hellip;\n","protected":false},"author":2,"featured_media":142782,"comment_status":"","ping_status":"","sticky":false,"template":"","format":"standard","meta":{"footnotes":""},"categories":[87],"tags":[260,135,31550,18154,32,33,134],"class_list":{"0":"post-142781","1":"post","2":"type-post","3":"status-publish","4":"format-standard","5":"has-post-thumbnail","7":"category-desporto","8":"tag-atualidade","9":"tag-desporto","10":"tag-euro-2026","11":"tag-jorge-braz","12":"tag-portugal","13":"tag-pt","14":"tag-sports"},"share_on_mastodon":{"url":"https:\/\/pubeurope.com\/@pt\/115508199204952054","error":""},"_links":{"self":[{"href":"https:\/\/www.europesays.com\/pt\/wp-json\/wp\/v2\/posts\/142781","targetHints":{"allow":["GET"]}}],"collection":[{"href":"https:\/\/www.europesays.com\/pt\/wp-json\/wp\/v2\/posts"}],"about":[{"href":"https:\/\/www.europesays.com\/pt\/wp-json\/wp\/v2\/types\/post"}],"author":[{"embeddable":true,"href":"https:\/\/www.europesays.com\/pt\/wp-json\/wp\/v2\/users\/2"}],"replies":[{"embeddable":true,"href":"https:\/\/www.europesays.com\/pt\/wp-json\/wp\/v2\/comments?post=142781"}],"version-history":[{"count":0,"href":"https:\/\/www.europesays.com\/pt\/wp-json\/wp\/v2\/posts\/142781\/revisions"}],"wp:featuredmedia":[{"embeddable":true,"href":"https:\/\/www.europesays.com\/pt\/wp-json\/wp\/v2\/media\/142782"}],"wp:attachment":[{"href":"https:\/\/www.europesays.com\/pt\/wp-json\/wp\/v2\/media?parent=142781"}],"wp:term":[{"taxonomy":"category","embeddable":true,"href":"https:\/\/www.europesays.com\/pt\/wp-json\/wp\/v2\/categories?post=142781"},{"taxonomy":"post_tag","embeddable":true,"href":"https:\/\/www.europesays.com\/pt\/wp-json\/wp\/v2\/tags?post=142781"}],"curies":[{"name":"wp","href":"https:\/\/api.w.org\/{rel}","templated":true}]}}