{"id":142795,"date":"2025-11-07T11:45:25","date_gmt":"2025-11-07T11:45:25","guid":{"rendered":"https:\/\/www.europesays.com\/pt\/142795\/"},"modified":"2025-11-07T11:45:25","modified_gmt":"2025-11-07T11:45:25","slug":"o-agente-secreto-de-kleber-mendonca-filho-e-o-novo-fenomeno-do-cinema-brasileiro-jornal-de-noticias","status":"publish","type":"post","link":"https:\/\/www.europesays.com\/pt\/142795\/","title":{"rendered":"&quot;O Agente Secreto&quot; de Kl\u00e9ber Mendon\u00e7a Filho \u00e9 o novo fen\u00f3meno do cinema brasileiro &#8211; Jornal de Not\u00edcias"},"content":{"rendered":"<ol>\n<li><a href=\"https:\/\/news.google.com\/rss\/articles\/CBMiwgFBVV95cUxPay1lMmFueHY5eHlyblRhQ0dncnB5ZE1DZUx3RURkZ1hhcUNWalprRzF5WUJaZFdHQWl3WnBtNEQ1bWM5c2tWOTR3Qjd3OEZ1YWR3ZnV3ZFNjY1VuZkhMWXFwVl93d25SZnpvUkhRU1ZNcUdJWkUyczIyQS1PZC1mT0FHSlFxaXFpTlhpbWZDYU0wMnRwWURZYkkwSlZudzc5RDBTcVFFQTBxLU1YSXJCdXY3RnZ0dnh2cTF3aEJ3ekVPUdIBsAFBVV95cUxNME5HZVhMcFVZY29Rd2FPc0pPWUJPWjBzZ256QXVleFFrY25zWUF1STVVVm5VSGRLUzJsQ05zbmJIazVnYXRPWVI2N0l0MVZXWXM5RGtqcTVmdWx1T0FQUTBkd3lYOWdadl83MjluS1loMXU2RWxQTUFMYzI3ZUViQ3Z6WklzY2ZHWnZUMGNsbmZobWZNbTRlT2VTUXFEUDdSdm96QTdEWjRRWGgzcE5XVA?oc=5\" target=\"_blank\" rel=\"nofollow noopener\">&#8220;O Agente Secreto&#8221; de Kl\u00e9ber Mendon\u00e7a Filho \u00e9 o novo fen\u00f3meno do cinema brasileiro<\/a>&nbsp;&nbsp;Jornal de Not\u00edcias<\/li>\n<li><a href=\"https:\/\/news.google.com\/rss\/articles\/CBMi8AFBVV95cUxNMzRmRmYtSVdOVWEtQXdXbVZyQ05wdHFqV3RhUXFnNnlOVjVKb3VvQ1FNNndtNWQyWW16UGVCOTNzRzFZSEdncVNpQkY4eDJWQWM4WlZiZWNJVnJ6LUFGWklJVTlRczRyX2tib1F6NWN6Vl81OFZQR09kV0hXcTFHUG91ZkJXX1h3S0s4YWNTVjE3b1gtVWVKVzg4WlJiOFpYMHJlWDVpQ1ZhT0d0OFR4WTJzZ2FwUFZ5ZnlsZUxMMTZwSmc1M2tlUHpoOGNabkk0d1JDNFRNYjZ2b2lMazQ2SVAyZ3NTRzlDRU42MW5VbXnSAf8BQVVfeXFMTVdYbmxZTkdSNFlDMHNQNkhsYzk2a210UmVnXzZfRWJsRnVZT0dnb2UyUGRWTlRIS0VXaS1aMGk2MnEzVzhPczltbnpoRl9rWlFZT2wxcjlWYVk5aTZzRUxsTWZTX1pISEIzWnNucFZ3NjNVN3Y4Z2hPTzJHNzBNU2tBU1NxaGVBMXBlR0pFRXJSU01tUjZSQVYwZ1pLVTRFekVGSHdzd2hnUVlFajc5SUtLU0N4cklHWDY5RDZPSnNmZUJySVhTM2JXWmZsSjYtUzhkVkxiaFhxVFdNN0docldUV2JDQnFnRVVFcHk0aWtUR3ZUQkpQTUppMmx6T0RJ?oc=5\" target=\"_blank\" rel=\"nofollow noopener\">&#8216;O Agente Secreto&#8217; estreia hoje e tem participa\u00e7\u00e3o de ex-BBB, que celebra: &#8216;Experi\u00eancia fant\u00e1stica&#8217;<\/a>&nbsp;&nbsp;Gshow<\/li>\n<li><a href=\"https:\/\/news.google.com\/rss\/articles\/CBMi1wFBVV95cUxNbXhZVmlqZ2J5Sy14TlFzSTNLZEY1TURRendJNjdxeXBfNDJSMUtHOHlRbUJqaU93dllxdVFNY2lTbGlCdjRUTmVadlpPTHVHOVJPOU1zWW1EeDdTZmQ0d1lKdlpaTklkX2hmcE9RblBKTUFXZERPLUl6M0IyWEFkWlV5VVUxOFJOVEE0dDU0el9yLThBVERPaVcyU1pWV210WVZTT01GQ016RXpoYXg0UXhOV1h6enl2WWdydVM1MWtsTWt5OTBsaW9VWHhzWWY1aGx4LU9Ja9IB3AFBVV95cUxPOTg2bDg1dWdmME92c0hDWXhtOE02bWw0VEpzZE42ejhsdFlsckZ0ZEhqenFDRWl3aUV4ZjlGYndXRjdlQk52RWhXenRjRGliR08tNVVyNTAzQzFXZkpZZWJKZzFqSkJqNDBFdTJOZlNSWDFHZzRRTUhMd2NYa2RRVDZpR29EU3NKRzBCOXV6My02QlNhOF9uYVd0Uk1GTzdtMXdNTF84dmNwRElGbkNpS25TaDJLd1Exa3VYNWhPcmtfem80MjFLQWZCQ19rRHF1dUdzdVY4T1hMNk9t?oc=5\" target=\"_blank\" rel=\"nofollow noopener\">Por que O Agente Secreto \u00e9 diferente de todos os filmes sobre a ditadura militar<\/a>&nbsp;&nbsp;NaTelinha<\/li>\n<li><a href=\"https:\/\/news.google.com\/rss\/articles\/CBMia0FVX3lxTE9Bd2NxQ1FxcTZGUDZ3dkFZQzJPdUx4YjlmbVFRUktEQm5iQWpCNzE1d1NXTXR4Vk1QMkN0MFNfUzhlb0ZwR0t3dEVNaGI1MEJlYVNjQUxtekM2N3pyelVmUExWRDhqSlVCS1pv?oc=5\" target=\"_blank\" rel=\"nofollow noopener\">Um ator no espelho<\/a>&nbsp;&nbsp;CartaCapital<\/li>\n<li><a href=\"https:\/\/news.google.com\/rss\/articles\/CBMi_wFBVV95cUxQM3RhMmdVUUFITHI3SzUweHdSeWM2ZlNPdjlxMmxRY2ZySllxMXZNVHVsUGxqQ0FybG9OcWpzXzUtUUZGNnJhSjhvbmxFN2lMY3VtMTh2Wjd0RjRCdG9xWS1fV1lOQ1BzZ1RBU1VoeTI5YTNjeXJYZ21ZS0tWX25IVVFDZ2tSbGxkS1RJNVBZRkExR2F3dlBYZVZVbmtnRUtxYUU3MEl6SHZid0dBa19ITUFyRHcyaTRQa2NlQUM2UG84V3hKMTdOM1hKRDJhSlRGMi1SS2EtUVQ5a0lrdXRIbTU4ZlpNR1BjbnJ5bkYxMTE5Z0dqZlpSdWFVRlJIbnc?oc=5\" target=\"_blank\" rel=\"nofollow noopener\">A atriz que tem uma cena pequena mas poderosa em &#8220;O Agente Secreto&#8221;<\/a>&nbsp;&nbsp;GZH<\/li>\n<\/ol>\n","protected":false},"excerpt":{"rendered":"&#8220;O Agente Secreto&#8221; de Kl\u00e9ber Mendon\u00e7a Filho \u00e9 o novo fen\u00f3meno do cinema brasileiro&nbsp;&nbsp;Jornal de Not\u00edcias &#8216;O Agente&hellip;\n","protected":false},"author":2,"featured_media":142796,"comment_status":"","ping_status":"","sticky":false,"template":"","format":"standard","meta":{"footnotes":""},"categories":[140],"tags":[726,470,3615,114,115,147,148,146,32,33],"class_list":{"0":"post-142795","1":"post","2":"type-post","3":"status-publish","4":"format-standard","5":"has-post-thumbnail","7":"category-filmes","8":"tag-brasil","9":"tag-cinema","10":"tag-close-up","11":"tag-entertainment","12":"tag-entretenimento","13":"tag-film","14":"tag-filmes","15":"tag-movies","16":"tag-portugal","17":"tag-pt"},"share_on_mastodon":{"url":"https:\/\/pubeurope.com\/@pt\/115508250204397710","error":""},"_links":{"self":[{"href":"https:\/\/www.europesays.com\/pt\/wp-json\/wp\/v2\/posts\/142795","targetHints":{"allow":["GET"]}}],"collection":[{"href":"https:\/\/www.europesays.com\/pt\/wp-json\/wp\/v2\/posts"}],"about":[{"href":"https:\/\/www.europesays.com\/pt\/wp-json\/wp\/v2\/types\/post"}],"author":[{"embeddable":true,"href":"https:\/\/www.europesays.com\/pt\/wp-json\/wp\/v2\/users\/2"}],"replies":[{"embeddable":true,"href":"https:\/\/www.europesays.com\/pt\/wp-json\/wp\/v2\/comments?post=142795"}],"version-history":[{"count":0,"href":"https:\/\/www.europesays.com\/pt\/wp-json\/wp\/v2\/posts\/142795\/revisions"}],"wp:featuredmedia":[{"embeddable":true,"href":"https:\/\/www.europesays.com\/pt\/wp-json\/wp\/v2\/media\/142796"}],"wp:attachment":[{"href":"https:\/\/www.europesays.com\/pt\/wp-json\/wp\/v2\/media?parent=142795"}],"wp:term":[{"taxonomy":"category","embeddable":true,"href":"https:\/\/www.europesays.com\/pt\/wp-json\/wp\/v2\/categories?post=142795"},{"taxonomy":"post_tag","embeddable":true,"href":"https:\/\/www.europesays.com\/pt\/wp-json\/wp\/v2\/tags?post=142795"}],"curies":[{"name":"wp","href":"https:\/\/api.w.org\/{rel}","templated":true}]}}