{"id":142817,"date":"2025-11-07T12:01:09","date_gmt":"2025-11-07T12:01:09","guid":{"rendered":"https:\/\/www.europesays.com\/pt\/142817\/"},"modified":"2025-11-07T12:01:09","modified_gmt":"2025-11-07T12:01:09","slug":"danos-no-coracao-na-meia-idade-podem-aumentar-riscos-de-demencia-alerta-estudo","status":"publish","type":"post","link":"https:\/\/www.europesays.com\/pt\/142817\/","title":{"rendered":"Danos no cora\u00e7\u00e3o na meia-idade podem aumentar riscos de dem\u00eancia, alerta estudo"},"content":{"rendered":"<p>\n         Publicado a<br \/>\n            07\/11\/2025 &#8211; 12:31 GMT+1\n            <\/p>\n<p>Pessoas com sinais de les\u00e3o card\u00edaca na meia-idade t\u00eam maior probabilidade de vir a desenvolver dem\u00eancia, indica uma nova investiga\u00e7\u00e3o.<\/p>\n<p>O sinal principal foi n\u00edveis mais elevados de troponina I card\u00edaca, uma prote\u00edna libertada para a corrente sangu\u00ednea quando o m\u00fasculo card\u00edaco \u00e9 danificado. N\u00edveis elevados podem indicar que algu\u00e9m est\u00e1 a ter um enfarte, o que pode afetar a sa\u00fade do c\u00e9rebro.<\/p>\n<p>Mas, mesmo entre pessoas sem sintomas de problemas card\u00edacos, n\u00edveis mais elevados de troponina na meia-idade previram o in\u00edcio da dem\u00eancia at\u00e9 25 anos antes do diagn\u00f3stico, segundo o estudo, publicado no <a href=\"https:\/\/academic.oup.com\/eurheartj\/advance-article\/doi\/10.1093\/eurheartj\/ehaf834\/8307234?searchresult=1\" target=\"_blank\" rel=\"noreferrer nofollow noopener\"><strong>European Heart Journal<\/strong><\/a>.<\/p>\n<p>Os investigadores referem que n\u00edveis mais elevados de troponina sem sintomas podem indicar les\u00e3o card\u00edaca persistente. Isto pode ter efeitos em cadeia na sa\u00fade, por exemplo ao perturbar o fluxo sangu\u00edneo para o c\u00e9rebro e aumentar o risco de dem\u00eancia.<\/p>\n<p>\u201cOs danos no c\u00e9rebro observados em pessoas com dem\u00eancia acumulam\u2011se lentamente ao longo de d\u00e9cadas antes de surgirem sintomas\u201d, disse em comunicado Eric Brunner, um dos autores do estudo e professor de epidemiologia social e biol\u00f3gica no University College London.<\/p>\n<p>\u201cAgora \u00e9 preciso realizar estudos para avaliar at\u00e9 que ponto os n\u00edveis de troponina no sangue conseguem prever o risco futuro de dem\u00eancia\u201d.<\/p>\n<p>O estudo incluiu cerca de 6.000 pessoas no Reino Unido sem dem\u00eancia nem doen\u00e7a card\u00edaca. Foram submetidas a testes de troponina de alta sensibilidade entre os 45 e os 69 anos e depois acompanhadas, em m\u00e9dia, durante 25 anos.<\/p>\n<p>Nesse per\u00edodo, 695 pessoas foram diagnosticadas com dem\u00eancia. Comparadas com as que n\u00e3o desenvolveram dem\u00eancia, apresentavam n\u00edveis de troponina consistentemente mais elevados no sangue entre sete e 25 anos antes do diagn\u00f3stico.<\/p>\n<p>As pessoas com n\u00edveis de troponina mais elevados tinham uma probabilidade 38 por cento maior de desenvolver dem\u00eancia do que aquelas com n\u00edveis mais baixos, concluiu o estudo.<\/p>\n<p>Tamb\u00e9m apresentaram decl\u00ednio mais r\u00e1pido nas capacidades de pensamento, mem\u00f3ria e resolu\u00e7\u00e3o de problemas.<\/p>\n<p>Os resultados mantiveram\u2011se ap\u00f3s os investigadores considerarem fatores como sexo, etnia e escolaridade.<\/p>\n<p>Os investigadores admitem que n\u00edveis elevados de troponina poder\u00e3o, um dia, servir de sinal de alerta precoce de maior risco de desenvolver dem\u00eancia.<\/p>\n<p>\u201cOs nossos resultados iniciais sugerem que a troponina poder\u00e1 tornar\u2011se um elemento importante numa escala de risco para prever a probabilidade futura de dem\u00eancia\u201d, disse Brunner.<\/p>\n","protected":false},"excerpt":{"rendered":"Publicado a 07\/11\/2025 &#8211; 12:31 GMT+1 Pessoas com sinais de les\u00e3o card\u00edaca na meia-idade t\u00eam maior probabilidade de&hellip;\n","protected":false},"author":2,"featured_media":142818,"comment_status":"","ping_status":"","sticky":false,"template":"","format":"standard","meta":{"footnotes":""},"categories":[86],"tags":[14887,4288,15544,116,32,33,117],"class_list":{"0":"post-142817","1":"post","2":"type-post","3":"status-publish","4":"format-standard","5":"has-post-thumbnail","7":"category-saude","8":"tag-ataque-cardiaco","9":"tag-cerebro","10":"tag-doenca-cardiaca","11":"tag-health","12":"tag-portugal","13":"tag-pt","14":"tag-saude"},"share_on_mastodon":{"url":"https:\/\/pubeurope.com\/@pt\/115508313022479768","error":""},"_links":{"self":[{"href":"https:\/\/www.europesays.com\/pt\/wp-json\/wp\/v2\/posts\/142817","targetHints":{"allow":["GET"]}}],"collection":[{"href":"https:\/\/www.europesays.com\/pt\/wp-json\/wp\/v2\/posts"}],"about":[{"href":"https:\/\/www.europesays.com\/pt\/wp-json\/wp\/v2\/types\/post"}],"author":[{"embeddable":true,"href":"https:\/\/www.europesays.com\/pt\/wp-json\/wp\/v2\/users\/2"}],"replies":[{"embeddable":true,"href":"https:\/\/www.europesays.com\/pt\/wp-json\/wp\/v2\/comments?post=142817"}],"version-history":[{"count":0,"href":"https:\/\/www.europesays.com\/pt\/wp-json\/wp\/v2\/posts\/142817\/revisions"}],"wp:featuredmedia":[{"embeddable":true,"href":"https:\/\/www.europesays.com\/pt\/wp-json\/wp\/v2\/media\/142818"}],"wp:attachment":[{"href":"https:\/\/www.europesays.com\/pt\/wp-json\/wp\/v2\/media?parent=142817"}],"wp:term":[{"taxonomy":"category","embeddable":true,"href":"https:\/\/www.europesays.com\/pt\/wp-json\/wp\/v2\/categories?post=142817"},{"taxonomy":"post_tag","embeddable":true,"href":"https:\/\/www.europesays.com\/pt\/wp-json\/wp\/v2\/tags?post=142817"}],"curies":[{"name":"wp","href":"https:\/\/api.w.org\/{rel}","templated":true}]}}