{"id":142819,"date":"2025-11-07T12:03:23","date_gmt":"2025-11-07T12:03:23","guid":{"rendered":"https:\/\/www.europesays.com\/pt\/142819\/"},"modified":"2025-11-07T12:03:23","modified_gmt":"2025-11-07T12:03:23","slug":"luisa-castel-branco-confronta-cristina-ferreira-em-direto-estou-um-bocadinho-zangada","status":"publish","type":"post","link":"https:\/\/www.europesays.com\/pt\/142819\/","title":{"rendered":"Lu\u00edsa Castel-Branco confronta Cristina Ferreira em direto: \u201cEstou um bocadinho zangada\u201d"},"content":{"rendered":"<p>Lu\u00edsa Castel-Branco confronta Cristina Ferreira em direto: \u201cEstou um bocadinho zangada\u201d, assinalou hoje na <a href=\"https:\/\/tvi.iol.pt\/\" rel=\"nofollow noopener\" target=\"_blank\">TVI<\/a>.<\/p>\n<p>Momento tenso no \u201cDois \u00e0s 10\u201d<\/p>\n<p>A manh\u00e3 desta <strong>quinta-feira, 6 de novembro<\/strong>, ficou marcada por um momento inesperado no programa <strong>\u201cDois \u00e0s 10\u201d<\/strong>, conduzido por <strong>Cristina Ferreira<\/strong> e <strong>Cl\u00e1udio Ramos<\/strong>, na <strong>TVI<\/strong>.<\/p>\n<p>Durante a rubrica <strong>\u201cConversas de Caf\u00e9\u201d<\/strong>, os comentadores <strong>Cinha Jardim<\/strong>, <strong>Gon\u00e7alo Quinaz<\/strong> e <strong>Lu\u00edsa Castel-Branco<\/strong> juntaram-se aos apresentadores para comentar as \u00faltimas not\u00edcias do mundo dos famosos. No entanto, antes mesmo do in\u00edcio do segmento, <strong>Lu\u00edsa Castel-Branco<\/strong> decidiu <strong>deixar um desabafo em direto<\/strong>, surpreendendo todos em est\u00fadio.<\/p>\n<p>\u201cEu agora j\u00e1 n\u00e3o comento o Secret Story\u201d<\/p>\n<p>A conversa come\u00e7ou de forma descontra\u00edda, mas rapidamente ganhou outro tom quando Lu\u00edsa Castel-Branco <strong>recordou que j\u00e1 n\u00e3o faz parte dos comentadores do \u201cSecret Story 9\u201d<\/strong>.<\/p>\n<p>Ap\u00f3s perguntar <strong>\u201cquem era a Marisa\u201d<\/strong>, um dos nomes mais falados do reality show da TVI, <strong>Gon\u00e7alo Quinaz<\/strong> esclareceu a quest\u00e3o. Foi ent\u00e3o que a comentadora respondeu, com alguma ironia:<br \/><strong>\u201cEu agora j\u00e1 n\u00e3o comento o Secret Story.\u201d<\/strong><\/p>\n<p>De imediato, <strong>Cristina Ferreira<\/strong> respondeu com uma observa\u00e7\u00e3o que arrancou risos no est\u00fadio:<br \/><strong>\u201cN\u00e3o interessa, mas v\u00eas, eu tamb\u00e9m n\u00e3o comento a guerra na Ucr\u00e2nia e sei o que \u00e9 que se passa.\u201d<\/strong><\/p>\n<p>A troca de palavras gerou boa disposi\u00e7\u00e3o entre os presentes, mas o ambiente mudou momentos depois.<\/p>\n<p>\u201cTu \u00e9s maldosa\u2026 estou um bocadinho zangada\u201d<\/p>\n<p>Pouco tempo depois, <strong>Lu\u00edsa Castel-Branco<\/strong> voltou a dirigir-se \u00e0 apresentadora para <strong>expressar a sua indigna\u00e7\u00e3o<\/strong> com algo que, segundo revelou, teria acontecido antes da emiss\u00e3o come\u00e7ar.<\/p>\n<p><strong>\u201cOlha e tu \u00e9s maldosa, come\u00e7aste aqui antes de estarmos em direto a gozar comigo. Estou um bocadinho zangada.\u201d<\/strong>, disse, visivelmente incomodada.<\/p>\n<p>Perante o desabafo, <strong>Cristina Ferreira<\/strong> optou por desvalorizar o momento e seguir o programa normalmente, reagindo apenas com um breve coment\u00e1rio:<br \/><strong>\u201cBem, isso n\u00e3o interessa nada.\u201d<\/strong><\/p>\n<p>De seguida, a apresentadora deu in\u00edcio ao primeiro tema da rubrica, retomando o ritmo habitual do programa matinal.<\/p>\n<p><a href=\"https:\/\/news.google.com\/publications\/CAAqBwgKMKfIoAswtNK4Aw\" target=\"_blank\" rel=\"noopener noreferrer nofollow\"><img loading=\"lazy\" data-lazyloaded=\"1\" width=\"481\" height=\"161\" decoding=\"async\" src=\"\/wp-content\/uploads\/2024\/02\/GN_siganos.png\" alt=\"Siga-nos no Google News\" style=\"margin-top:20px;\"\/><\/a><\/p>\n","protected":false},"excerpt":{"rendered":"Lu\u00edsa Castel-Branco confronta Cristina Ferreira em direto: \u201cEstou um bocadinho zangada\u201d, assinalou hoje na TVI. Momento tenso no&hellip;\n","protected":false},"author":2,"featured_media":142820,"comment_status":"","ping_status":"","sticky":false,"template":"","format":"standard","meta":{"footnotes":""},"categories":[85],"tags":[166,801,114,115,18269,32,33],"class_list":{"0":"post-142819","1":"post","2":"type-post","3":"status-publish","4":"format-standard","5":"has-post-thumbnail","7":"category-entretenimento","8":"tag-cristina-ferreira","9":"tag-dois-as-10","10":"tag-entertainment","11":"tag-entretenimento","12":"tag-luisa-castel-branco","13":"tag-portugal","14":"tag-pt"},"share_on_mastodon":{"url":"https:\/\/pubeurope.com\/@pt\/115508321036530248","error":""},"_links":{"self":[{"href":"https:\/\/www.europesays.com\/pt\/wp-json\/wp\/v2\/posts\/142819","targetHints":{"allow":["GET"]}}],"collection":[{"href":"https:\/\/www.europesays.com\/pt\/wp-json\/wp\/v2\/posts"}],"about":[{"href":"https:\/\/www.europesays.com\/pt\/wp-json\/wp\/v2\/types\/post"}],"author":[{"embeddable":true,"href":"https:\/\/www.europesays.com\/pt\/wp-json\/wp\/v2\/users\/2"}],"replies":[{"embeddable":true,"href":"https:\/\/www.europesays.com\/pt\/wp-json\/wp\/v2\/comments?post=142819"}],"version-history":[{"count":0,"href":"https:\/\/www.europesays.com\/pt\/wp-json\/wp\/v2\/posts\/142819\/revisions"}],"wp:featuredmedia":[{"embeddable":true,"href":"https:\/\/www.europesays.com\/pt\/wp-json\/wp\/v2\/media\/142820"}],"wp:attachment":[{"href":"https:\/\/www.europesays.com\/pt\/wp-json\/wp\/v2\/media?parent=142819"}],"wp:term":[{"taxonomy":"category","embeddable":true,"href":"https:\/\/www.europesays.com\/pt\/wp-json\/wp\/v2\/categories?post=142819"},{"taxonomy":"post_tag","embeddable":true,"href":"https:\/\/www.europesays.com\/pt\/wp-json\/wp\/v2\/tags?post=142819"}],"curies":[{"name":"wp","href":"https:\/\/api.w.org\/{rel}","templated":true}]}}