{"id":142823,"date":"2025-11-07T12:07:06","date_gmt":"2025-11-07T12:07:06","guid":{"rendered":"https:\/\/www.europesays.com\/pt\/142823\/"},"modified":"2025-11-07T12:07:06","modified_gmt":"2025-11-07T12:07:06","slug":"cavaco-apoia-marques-mendes-e-diz-que-gouveia-e-melo-nao-tem-qualificacoes-para-belem-presidenciais-2026","status":"publish","type":"post","link":"https:\/\/www.europesays.com\/pt\/142823\/","title":{"rendered":"Cavaco apoia Marques Mendes e diz que Gouveia e Melo n\u00e3o tem qualifica\u00e7\u00f5es para Bel\u00e9m | Presidenciais 2026"},"content":{"rendered":"<p>O antigo Presidente da Rep\u00fablica An\u00edbal Cavaco Silva declarou esta sexta-feira apoio a Lu\u00eds Marques Mendes nas elei\u00e7\u00f5es presidenciais de 18 de Janeiro de 2026. Num artigo publicado no <a href=\"https:\/\/observador.pt\/opiniao\/por-que-voto-em-luis-marques-mendes-para-presidente-da-republica\/\" rel=\"nofollow noopener\" target=\"_blank\">Observador<\/a>, o ex-chefe de Estado justifica a escolha com a \u201cexperi\u00eancia pol\u00edtica\u201d e o \u201cbom senso\u201d do antigo ministro, ao mesmo tempo que critica de forma directa o almirante Henrique Gouveia e Melo, que considera \u201csem as compet\u00eancias e as qualifica\u00e7\u00f5es\u201d necess\u00e1rias para o cargo.<\/p>\n<p data-end=\"1440\" data-start=\"1059\">\u201cQuero dizer aos portugueses que votarei em Lu\u00eds Marques Mendes\u201d, anunciou Cavaco Silva, que descreve o social-democrata como algu\u00e9m que \u201ctem experi\u00eancia pol\u00edtica, conhece o funcionamento e as especificidades das institui\u00e7\u00f5es da nossa democracia, da governa\u00e7\u00e3o do pa\u00eds e da pol\u00edtica externa. E \u00e9 uma pessoa de bom senso, qualidade muito importante para um Presidente da Rep\u00fablica.\u201d<\/p>\n<p>No texto, o antigo Presidente centra apenas a sua an\u00e1lise em Marques Mendes e em Gouveia e Melo, deixando de fora os restantes candidatos. E n\u00e3o poupa nas cr\u00edticas a Gouveia e Melo, afirmando que \u201cas atitudes, afirma\u00e7\u00f5es e posi\u00e7\u00f5es assumidas depois de desempenhar a tarefa de coordenador da distribui\u00e7\u00e3o das vacinas, em particular durante a sua campanha para a elei\u00e7\u00e3o presidencial, foram esclarecedoras.\u201d<\/p>\n<p>O ex-chefe de Estado considera que, apesar de Gouveia e Melo poder ter \u201cmuitos predicados\u201d, \u201cn\u00e3o possui as compet\u00eancias e qualifica\u00e7\u00f5es para exercer as fun\u00e7\u00f5es de Presidente da Rep\u00fablica no quadro internacional incerto e complexo que se perspectiva para os pr\u00f3ximos cinco anos\u201d.<\/p>\n<p>\u201cNestes tempos de incerteza e amea\u00e7as, \u00e9 fundamental que o futuro Presidente da Rep\u00fablica conhe\u00e7a bem o funcionamento das institui\u00e7\u00f5es do nosso sistema pol\u00edtico, construa pontes e facilite entendimentos entre os partidos pol\u00edticos, as for\u00e7as econ\u00f3micas e sociais, o Governo e a oposi\u00e7\u00e3o e seja capaz de actuar como reserva de \u00faltimo recurso se o pa\u00eds for atingido por uma crise grave\u201d, escreve o antigo chefe de Estado.<\/p>\n<p>        &#13;<\/p>\n<p>&#13;<br \/>\n                &#13;\n            <\/p>\n<p>&#13;<\/p>\n<p>Cavaco Silva reconhece o trabalho do almirante durante a pandemia, mas desvaloriza o feito de Gouveia e Melo e lembra que o candidato n\u00e3o esteve sozinho nessa tarefa. \u201cSei que fez um bom trabalho como coordenador da distribui\u00e7\u00e3o das vacinas covid-19 durante oito meses, tal como o fez o oficial das For\u00e7as Armadas que lhe sucedeu\u201d, escreve, referindo-se a Carlos Penha Gon\u00e7alves.<\/p>\n<p>\u201cPrestei servi\u00e7o militar durante tr\u00eas anos e meio e sei que existem muitos oficiais das nossas For\u00e7as Armadas com conhecimentos de log\u00edstica que seriam capazes de desempenhar igualmente bem a tarefa das vacinas. Como \u00e9 \u00f3bvio, n\u00e3o \u00e9 esse tipo de conhecimento que qualifica um qualquer portugu\u00eas para exercer as fun\u00e7\u00f5es de Presidente da Rep\u00fablica.\u201d<\/p>\n<p>Al\u00e9m disso, Cavaco Silva alerta para as consequ\u00eancias de uma eventual elei\u00e7\u00e3o de um Presidente \u201csem as compet\u00eancias e qualifica\u00e7\u00f5es para lidar com as situa\u00e7\u00f5es dif\u00edceis, incertas e complexas com que o pa\u00eds pode ser confrontado e para defender os superiores interesses nacionais\u201d.<\/p>\n<p>O apoio agora declarado surge ap\u00f3s meses de sinais p\u00fablicos. Em Setembro, <a href=\"https:\/\/www.publico.pt\/2025\/09\/19\/politica\/noticia\/cavaco-silva-entra-campanha-belem-listar-qualidades-presidente-2147790\" rel=\"nofollow noopener\" target=\"_blank\">Cavaco Silva j\u00e1 tinha deixado pistas <\/a>num artigo publicado no <a href=\"https:\/\/expresso.pt\/opiniao\/2025-09-18-a-escolha-do-proximo-presidente-da-republica-395dbb5b\" rel=\"nofollow noopener\" target=\"_blank\">Expresso<\/a>, onde defendia que o Presidente deve conhecer \u201co funcionamento das institui\u00e7\u00f5es da nossa democracia\u201d e ter \u201cexperi\u00eancia sobre as especificidades da vida partid\u00e1ria e das tarefas da governa\u00e7\u00e3o\u201d.<\/p>\n<p>A declara\u00e7\u00e3o de apoio de Cavaco Silva a Lu\u00eds Marques Mendes n\u00e3o surpreende. O candidato social-democrata foi ministro de Cavaco e mant\u00e9m com o antigo Presidente uma rela\u00e7\u00e3o pr\u00f3xima.<a href=\"https:\/\/www.publico.pt\/2025\/11\/05\/politica\/noticia\/ha-portugal-elogios-recados-homenagem-cavaco-silva-2153470\" rel=\"nofollow noopener\" target=\"_blank\"> Ambos participaram nas comemora\u00e7\u00f5es dos 40 anos do primeiro Governo<\/a> de Cavaco, e Mendes chegou a apresentar um dos livros do ex-primeiro-ministro, em 2020. Cavaco admitiu mesmo que costumava acompanhar os coment\u00e1rios televisivos do seu antigo ministro aos domingos.<\/p>\n","protected":false},"excerpt":{"rendered":"O antigo Presidente da Rep\u00fablica An\u00edbal Cavaco Silva declarou esta sexta-feira apoio a Lu\u00eds Marques Mendes nas elei\u00e7\u00f5es&hellip;\n","protected":false},"author":2,"featured_media":142824,"comment_status":"","ping_status":"","sticky":false,"template":"","format":"standard","meta":{"footnotes":""},"categories":[10],"tags":[27,28,29297,15,16,14,9705,25,26,17461,21,22,12,13,19,20,52,32,1076,1963,23,24,33,17,18,29,30,31],"class_list":{"0":"post-142823","1":"post","2":"type-post","3":"status-publish","4":"format-standard","5":"has-post-thumbnail","7":"category-portugal","8":"tag-breaking-news","9":"tag-breakingnews","10":"tag-cavaco-silva","11":"tag-featured-news","12":"tag-featurednews","13":"tag-headlines","14":"tag-henrique-gouveia-e-melo","15":"tag-latest-news","16":"tag-latestnews","17":"tag-luis-marques-mendes","18":"tag-main-news","19":"tag-mainnews","20":"tag-news","21":"tag-noticias","22":"tag-noticias-principais","23":"tag-noticiasprincipais","24":"tag-politica","25":"tag-portugal","26":"tag-presidenciais-2026","27":"tag-presidente-da-republica","28":"tag-principais-noticias","29":"tag-principaisnoticias","30":"tag-pt","31":"tag-top-stories","32":"tag-topstories","33":"tag-ultimas","34":"tag-ultimas-noticias","35":"tag-ultimasnoticias"},"share_on_mastodon":{"url":"","error":"Validation failed: Text character limit of 500 exceeded"},"_links":{"self":[{"href":"https:\/\/www.europesays.com\/pt\/wp-json\/wp\/v2\/posts\/142823","targetHints":{"allow":["GET"]}}],"collection":[{"href":"https:\/\/www.europesays.com\/pt\/wp-json\/wp\/v2\/posts"}],"about":[{"href":"https:\/\/www.europesays.com\/pt\/wp-json\/wp\/v2\/types\/post"}],"author":[{"embeddable":true,"href":"https:\/\/www.europesays.com\/pt\/wp-json\/wp\/v2\/users\/2"}],"replies":[{"embeddable":true,"href":"https:\/\/www.europesays.com\/pt\/wp-json\/wp\/v2\/comments?post=142823"}],"version-history":[{"count":0,"href":"https:\/\/www.europesays.com\/pt\/wp-json\/wp\/v2\/posts\/142823\/revisions"}],"wp:featuredmedia":[{"embeddable":true,"href":"https:\/\/www.europesays.com\/pt\/wp-json\/wp\/v2\/media\/142824"}],"wp:attachment":[{"href":"https:\/\/www.europesays.com\/pt\/wp-json\/wp\/v2\/media?parent=142823"}],"wp:term":[{"taxonomy":"category","embeddable":true,"href":"https:\/\/www.europesays.com\/pt\/wp-json\/wp\/v2\/categories?post=142823"},{"taxonomy":"post_tag","embeddable":true,"href":"https:\/\/www.europesays.com\/pt\/wp-json\/wp\/v2\/tags?post=142823"}],"curies":[{"name":"wp","href":"https:\/\/api.w.org\/{rel}","templated":true}]}}