{"id":142842,"date":"2025-11-07T12:23:18","date_gmt":"2025-11-07T12:23:18","guid":{"rendered":"https:\/\/www.europesays.com\/pt\/142842\/"},"modified":"2025-11-07T12:23:18","modified_gmt":"2025-11-07T12:23:18","slug":"luana-piovani-surpreende-apos-perder-acao-para-neymar-na-justica","status":"publish","type":"post","link":"https:\/\/www.europesays.com\/pt\/142842\/","title":{"rendered":"Luana Piovani surpreende ap\u00f3s perder a\u00e7\u00e3o para Neymar na Justi\u00e7a:"},"content":{"rendered":"<p>A atriz <a href=\"https:\/\/www.otempo.com.br\/entretenimento\/2025\/11\/5\/solteira-luana-piovani-rebate-cobrancas-e-manda-recado\" rel=\"nofollow noopener\" target=\"_blank\"><strong>Luana Piovani<\/strong><\/a>, de 49 anos, falou sobre a a\u00e7\u00e3o perdida para <a href=\"https:\/\/www.otempo.com.br\/entretenimento\/2025\/11\/3\/dado-dolabella-admite-ter-agredido-luana-piovani-veja\" rel=\"nofollow noopener\" target=\"_blank\"><strong>Neymar Jr.<\/strong><\/a> na Justi\u00e7a, mas disse se considerar &#8216;vitoriosa&#8217;. Em conversa com o <strong>&#8216;Ambulat\u00f3rio da Moda&#8217;<\/strong> a artista declarou que s\u00f3 teve vit\u00f3rias em sua vida e que continuar\u00e1 dando a sua opini\u00e3o \u00e1cida sobre determinados assuntos.<\/p>\n<p>&#8220;Eles t\u00eam raiva que eu s\u00f3 tenho vit\u00f3ria na vida pra contar. Eu nunca tive rabo preso e nunca precisei. Essa m\u00eddia da fofoca diz o que me diz, gosta dos shades. Ent\u00e3o, eles t\u00eam raiva que eu s\u00f3 tenho vit\u00f3ria na vida pra contar. Quando tem uma derrota, eles contam como se fosse o Papa vindo visitar o Brasil&#8221;, disparou a famosa.<\/p>\n<p><strong>Luana Piovani<\/strong> tamb\u00e9m reconheceu ter insultado Neymar, mas ressaltou que n\u00e3o o difamou. &#8220;Da\u00ed eu peguei e falei: &#8216;Pai, calma, porque s\u00e3o dois processos que eu perdi um, justamente. Inj\u00faria \u00e9 xingar, e eu xinguei tipo uns quinze nomes. Mas o outro, o da difama\u00e7\u00e3o, eu n\u00e3o perdi, eu ganhei. Eu n\u00e3o difamei ningu\u00e9m. Isso n\u00e3o aconteceu porque n\u00e3o havia honra para denegrir, para manchar, porque ela j\u00e1 havia sido manchada'&#8221;, afirmou.<\/p>\n<p>Por fim, a atriz criticou a imprensa pela cobertura do processo e destacou que se sentiu &#8216;vitoriosa&#8217;. &#8220;A m\u00eddia conta de um jeito ruim, \u00e9 assim que chega. Mas eu me sinto super vitoriosa, porque aconteceu uma coisa importante: a justi\u00e7a foi feita&#8221;, concluiu <strong>Luana Piovani.<\/strong><\/p>\n","protected":false},"excerpt":{"rendered":"A atriz Luana Piovani, de 49 anos, falou sobre a a\u00e7\u00e3o perdida para Neymar Jr. na Justi\u00e7a, mas&hellip;\n","protected":false},"author":2,"featured_media":142843,"comment_status":"","ping_status":"","sticky":false,"template":"","format":"standard","meta":{"footnotes":""},"categories":[145],"tags":[211,210,114,115,4585,1996,32,33],"class_list":{"0":"post-142842","1":"post","2":"type-post","3":"status-publish","4":"format-standard","5":"has-post-thumbnail","7":"category-celebridades","8":"tag-celebridades","9":"tag-celebrities","10":"tag-entertainment","11":"tag-entretenimento","12":"tag-luana-piovani","13":"tag-neymar","14":"tag-portugal","15":"tag-pt"},"share_on_mastodon":{"url":"https:\/\/pubeurope.com\/@pt\/115508399529070974","error":""},"_links":{"self":[{"href":"https:\/\/www.europesays.com\/pt\/wp-json\/wp\/v2\/posts\/142842","targetHints":{"allow":["GET"]}}],"collection":[{"href":"https:\/\/www.europesays.com\/pt\/wp-json\/wp\/v2\/posts"}],"about":[{"href":"https:\/\/www.europesays.com\/pt\/wp-json\/wp\/v2\/types\/post"}],"author":[{"embeddable":true,"href":"https:\/\/www.europesays.com\/pt\/wp-json\/wp\/v2\/users\/2"}],"replies":[{"embeddable":true,"href":"https:\/\/www.europesays.com\/pt\/wp-json\/wp\/v2\/comments?post=142842"}],"version-history":[{"count":0,"href":"https:\/\/www.europesays.com\/pt\/wp-json\/wp\/v2\/posts\/142842\/revisions"}],"wp:featuredmedia":[{"embeddable":true,"href":"https:\/\/www.europesays.com\/pt\/wp-json\/wp\/v2\/media\/142843"}],"wp:attachment":[{"href":"https:\/\/www.europesays.com\/pt\/wp-json\/wp\/v2\/media?parent=142842"}],"wp:term":[{"taxonomy":"category","embeddable":true,"href":"https:\/\/www.europesays.com\/pt\/wp-json\/wp\/v2\/categories?post=142842"},{"taxonomy":"post_tag","embeddable":true,"href":"https:\/\/www.europesays.com\/pt\/wp-json\/wp\/v2\/tags?post=142842"}],"curies":[{"name":"wp","href":"https:\/\/api.w.org\/{rel}","templated":true}]}}