{"id":142856,"date":"2025-11-07T12:42:15","date_gmt":"2025-11-07T12:42:15","guid":{"rendered":"https:\/\/www.europesays.com\/pt\/142856\/"},"modified":"2025-11-07T12:42:15","modified_gmt":"2025-11-07T12:42:15","slug":"lusitania-de-lourosa-considera-pouco-digna-a-decisao-de-ir-jogar-ao-algarve","status":"publish","type":"post","link":"https:\/\/www.europesays.com\/pt\/142856\/","title":{"rendered":"Lusit\u00e2nia de Lourosa considera \u00abpouco digna\u00bb a decis\u00e3o de ir jogar ao Algarve"},"content":{"rendered":"<p>O Lusit\u00e2nia de Lourosa reagiu pela primeira vez \u00e0 decis\u00e3o da Liga em <a href=\"https:\/\/maisfutebol.iol.pt\/futebol\/ii-liga\/ii-liga-lusitania-de-lourosa-recebe-a-uniao-de-leiria-no-algarve\" target=\"_blank\" rel=\"nofollow noopener\">transferir o encontro diante da U. Leiria para o Est\u00e1dio Algarve<\/a>, considerando que transmite uma \u00abimagem pouco digna\u00bb.<\/p>\n<p>Atrav\u00e9s de um comunicado, o clube rec\u00e9m-promovido \u00e0 II Liga destacou o facto de, \u00e0s 15h30 do mesmo dia, se realizar o Damaiense-Rio Ave, a contar para a Liga Feminina, e que isso constitui uma \u00absobreposi\u00e7\u00e3o\u00bb, tendo em conta que \u00abos meios necessitam de iniciar a sua prepara\u00e7\u00e3o com algumas horas de anteced\u00eancia\u00bb. O jogo entre Lusit\u00e2nia de Lourosa e U. Leiria est\u00e1 marcado para as 20h30 de domingo, recorde-se.<\/p>\n<p>\u00abNum momento particularmente desafiante, todos os envolvidos na decis\u00e3o de nos colocar a jogar no Est\u00e1dio do Algarve, tudo parece fazerem para n\u00e3o dignificar o futebol profissional, a justi\u00e7a desportiva, e sobretudo o t\u00e3o anunciado fair play, estando bem mais empenhados em transmitir uma imagem pouco digna, mais condizente com o paradigma vigente que anunciam, aos setes ventos, tanto quererem mudar\u00bb, pode ler-se.<\/p>\n<p>\u00abO impasse gerado levou a que o local indigitado para a realiza\u00e7\u00e3o do referido jogo fosse o Est\u00e1dio Algarve espante-se, a mais de 500 quil\u00f3metros de Lourosa. Refira-se ainda que, por sua vez, esse mesmo est\u00e1dio estar\u00e1 a ser utilizado a partir das 15:00 no \u00e2mbito do Damaiense-Rio Ave, a contar para a Liga feminina o que, t\u00e9cnica e logisticamente, constitui uma sobreposi\u00e7\u00e3o, j\u00e1 que os meios necessitam de iniciar a sua prepara\u00e7\u00e3o com algumas horas de anteced\u00eancia\u00bb, acrescenta o clube.<\/p>\n<p><strong>Leia aqui o comunicado do clube na \u00edntegra:<\/strong>\u00a0<\/p>\n<blockquote class=\"instagram-media\" data-instgrm-captioned=\"\" data-instgrm-permalink=\"https:\/\/www.instagram.com\/p\/DQu0heDDB3O\/?utm_source=ig_embed&amp;utm_campaign=loading\" data-instgrm-version=\"14\" style=\" background:#FFF; border:0; border-radius:3px; box-shadow:0 0 1px 0 rgba(0,0,0,0.5),0 1px 10px 0 rgba(0,0,0,0.15); margin: 1px; max-width:540px; min-width:326px; padding:0; width:99.375%; width:-webkit-calc(100% - 2px); width:calc(100% - 2px);\">\n<\/blockquote>\n<p>                                <script async src=\"\/\/www.instagram.com\/embed.js\"><\/script><\/p>\n","protected":false},"excerpt":{"rendered":"O Lusit\u00e2nia de Lourosa reagiu pela primeira vez \u00e0 decis\u00e3o da Liga em transferir o encontro diante da&hellip;\n","protected":false},"author":2,"featured_media":142857,"comment_status":"","ping_status":"","sticky":false,"template":"","format":"standard","meta":{"footnotes":""},"categories":[8],"tags":[2569,27,28,31564,15,16,14,5919,25,26,17554,21,22,46,12,13,19,20,32,23,24,33,47,17,18,31563,29,30,31],"class_list":{"0":"post-142856","1":"post","2":"type-post","3":"status-publish","4":"format-standard","5":"has-post-thumbnail","7":"category-principais-noticias","8":"tag-algarve","9":"tag-breaking-news","10":"tag-breakingnews","11":"tag-estadio-algarve","12":"tag-featured-news","13":"tag-featurednews","14":"tag-headlines","15":"tag-ii-liga","16":"tag-latest-news","17":"tag-latestnews","18":"tag-lusitania-de-lourosa","19":"tag-main-news","20":"tag-mainnews","21":"tag-maisfutebol","22":"tag-news","23":"tag-noticias","24":"tag-noticias-principais","25":"tag-noticiasprincipais","26":"tag-portugal","27":"tag-principais-noticias","28":"tag-principaisnoticias","29":"tag-pt","30":"tag-pura-paixao","31":"tag-top-stories","32":"tag-topstories","33":"tag-u-leiria","34":"tag-ultimas","35":"tag-ultimas-noticias","36":"tag-ultimasnoticias"},"share_on_mastodon":{"url":"https:\/\/pubeurope.com\/@pt\/115508474376544991","error":""},"_links":{"self":[{"href":"https:\/\/www.europesays.com\/pt\/wp-json\/wp\/v2\/posts\/142856","targetHints":{"allow":["GET"]}}],"collection":[{"href":"https:\/\/www.europesays.com\/pt\/wp-json\/wp\/v2\/posts"}],"about":[{"href":"https:\/\/www.europesays.com\/pt\/wp-json\/wp\/v2\/types\/post"}],"author":[{"embeddable":true,"href":"https:\/\/www.europesays.com\/pt\/wp-json\/wp\/v2\/users\/2"}],"replies":[{"embeddable":true,"href":"https:\/\/www.europesays.com\/pt\/wp-json\/wp\/v2\/comments?post=142856"}],"version-history":[{"count":0,"href":"https:\/\/www.europesays.com\/pt\/wp-json\/wp\/v2\/posts\/142856\/revisions"}],"wp:featuredmedia":[{"embeddable":true,"href":"https:\/\/www.europesays.com\/pt\/wp-json\/wp\/v2\/media\/142857"}],"wp:attachment":[{"href":"https:\/\/www.europesays.com\/pt\/wp-json\/wp\/v2\/media?parent=142856"}],"wp:term":[{"taxonomy":"category","embeddable":true,"href":"https:\/\/www.europesays.com\/pt\/wp-json\/wp\/v2\/categories?post=142856"},{"taxonomy":"post_tag","embeddable":true,"href":"https:\/\/www.europesays.com\/pt\/wp-json\/wp\/v2\/tags?post=142856"}],"curies":[{"name":"wp","href":"https:\/\/api.w.org\/{rel}","templated":true}]}}