{"id":142866,"date":"2025-11-07T12:50:12","date_gmt":"2025-11-07T12:50:12","guid":{"rendered":"https:\/\/www.europesays.com\/pt\/142866\/"},"modified":"2025-11-07T12:50:12","modified_gmt":"2025-11-07T12:50:12","slug":"cientistas-brasileiros-desenvolvem-composto-com-potencial-e-baixo-custo-contra-a-doenca","status":"publish","type":"post","link":"https:\/\/www.europesays.com\/pt\/142866\/","title":{"rendered":"cientistas brasileiros desenvolvem composto com potencial e baixo custo contra a doen\u00e7a"},"content":{"rendered":"\n<p class=\" content-text__container theme-color-primary-first-letter\" data-track-category=\"Link no Texto\" data-track-links=\"\"> Cientistas brasileiros da Universidade Federal do ABC (UFABC), em S\u00e3o Paulo, desenvolveram um composto com potencial para tratamento da doen\u00e7a de <a class=\"\" href=\"https:\/\/oglobo.globo.com\/tudo-sobre\/assunto\/alzheimer\" rel=\"nofollow noopener\" target=\"_blank\">Alzheimer<\/a>. Testes pr\u00e9-cl\u00ednicos conduzidos em laborat\u00f3rio e com camundongos tiveram resultados promissores, que foram publicados em um estudo na revista cient\u00edfica ACS Chemical Neuroscience. <\/p>\n<ul class=\"content-unordered-list\">\n<li><strong>Veja quais s\u00e3o: <\/strong><a class=\"\" href=\"https:\/\/oglobo.globo.com\/saude\/noticia\/2025\/11\/07\/novo-estudo-mostra-racas-de-caes-com-maior-risco-de-cancer-canino-agressivo-veja-quais-sao.ghtml?mrfhud=true\" rel=\"nofollow noopener\" target=\"_blank\"><strong>Novo estudo mostra ra\u00e7as de c\u00e3es com maior risco de c\u00e2ncer canino agressivo<\/strong><\/a><\/li>\n<li><strong>Tem mais de 50 anos? <\/strong><a class=\"\" href=\"https:\/\/oglobo.globo.com\/saude\/bem-estar\/noticia\/2025\/11\/05\/tem-mais-de-50-anos-3-fontes-de-proteina-de-alta-qualidade-que-voce-pode-adicionar-a-dieta.ghtml\" rel=\"nofollow noopener\" target=\"_blank\"><strong>3 fontes de prote\u00edna de alta qualidade que voc\u00ea pode adicionar \u00e0 dieta<\/strong><\/a><\/li>\n<\/ul>\n<p class=\" content-text__container \" data-track-category=\"Link no Texto\" data-track-links=\"\"> Os pesquisadores solicitaram a patente da mol\u00e9cula e agora buscam uma parceria com empresas farmac\u00eauticas para transformar a subst\u00e2ncia em um medicamento e lev\u00e1-lo aos ensaios cl\u00ednicos, feitos com humanos. Os testes s\u00e3o necess\u00e1rios para avaliar a seguran\u00e7a e efic\u00e1cia e, caso os resultados sejam positivos, receber aprova\u00e7\u00e3o para uso pelas ag\u00eancias reguladoras. <\/p>\n<p class=\" content-text__container \" data-track-category=\"Link no Texto\" data-track-links=\"\"> \u2014 \u00c9 uma mol\u00e9cula extremamente simples, segura e eficaz. O composto que desenvolvemos tem um custo baix\u00edssimo em compara\u00e7\u00e3o com os medicamentos dispon\u00edveis. Portanto, mesmo que funcione apenas para uma parte da popula\u00e7\u00e3o, pois a doen\u00e7a de Alzheimer tem causa multifatorial, j\u00e1 representaria um avan\u00e7o imenso frente \u00e0s op\u00e7\u00f5es atuais \u2014 comemora Giselle Cerchiaro, professora do Centro de Ci\u00eancias Naturais e Humanas da UFABC que coordenou o estudo, em entrevista \u00e0 Ag\u00eancia Fapesp. <\/p>\n<ul class=\"content-unordered-list\">\n<li><strong>\u00c9 perigoso tomar banho com a m\u00e1quina de lavar ligada? <\/strong><a class=\"\" href=\"https:\/\/oglobo.globo.com\/saude\/noticia\/2025\/11\/06\/e-perigoso-tomar-banho-com-a-maquina-de-lavar-ligada-veja-o-que-esta-por-tras-dessa-crenca.ghtml\" rel=\"nofollow noopener\" target=\"_blank\"><strong>Veja o que est\u00e1 por tr\u00e1s dessa cren\u00e7a <\/strong><\/a><\/li>\n<\/ul>\n<p class=\" content-text__container \" data-track-category=\"Link no Texto\" data-track-links=\"\"> De acordo com os respons\u00e1veis pelo trabalho, o composto \u00e9 simples de ser fabricado, o que \u00e9 um benef\u00edcio frente aos tratamentos atuais. Hoje, as alternativas dispon\u00edveis mais avan\u00e7adas conseguem intervir na evolu\u00e7\u00e3o do Alzheimer, por\u00e9m de maneira limitada, apenas retardando a perda cognitiva modestamente, e com altos custos e riscos de efeitos colaterais graves. <\/p>\n<p class=\" content-text__container \" data-track-category=\"Link no Texto\" data-track-links=\"\"> As terapias t\u00eam como objetivo eliminar as placas de beta-amiloide, uma prote\u00edna que se acumula ao redor dos neur\u00f4nios no c\u00e9rebro de pessoas com Alzheimer. Geralmente, s\u00e3o usados anticorpos que se ligam \u00e0s prote\u00ednas para descart\u00e1-las. O novo composto, por\u00e9m, tem uma atua\u00e7\u00e3o diferente. Ele age como um quelante de cobre, uma subst\u00e2ncia que se liga ao elemento met\u00e1lico presente em excesso nas placas beta-amiloide promovendo a sua degrada\u00e7\u00e3o. <\/p>\n<p class=\" content-text__container \" data-track-category=\"Link no Texto\" data-track-links=\"\"> \u2014 H\u00e1 cerca de uma d\u00e9cada, estudos internacionais come\u00e7aram a apontar a influ\u00eancia dos \u00edons de cobre como um agregador das placas de beta-amiloide. Descobriu-se que muta\u00e7\u00f5es gen\u00e9ticas e altera\u00e7\u00f5es em enzimas que atuam no transporte do cobre nas c\u00e9lulas poderiam levar ao ac\u00famulo do elemento no c\u00e9rebro, favorecendo a agrega\u00e7\u00e3o dessas placas. Dessa forma, a regula\u00e7\u00e3o da homeostase (equil\u00edbrio) do cobre tem se tornado um dos focos para o tratamento do Alzheimer \u2014 explica Cerchiaro. <\/p>\n<ul class=\"content-unordered-list\">\n<li><strong>Conhe\u00e7a: <\/strong><a class=\"\" href=\"https:\/\/oglobo.globo.com\/saude\/noticia\/2025\/11\/06\/o-alimento-que-contem-os-9-aminoacidos-essenciais-e-como-cozinha-lo-para-que-nao-perca-nutrientes.ghtml\" rel=\"nofollow noopener\" target=\"_blank\"><strong>O alimento que cont\u00e9m os 9 amino\u00e1cidos essenciais e como cozinh\u00e1-lo para que n\u00e3o perca nutrientes<\/strong><\/a><\/li>\n<\/ul>\n<p class=\" content-text__container \" data-track-category=\"Link no Texto\" data-track-links=\"\"> Por isso, o grupo de cientistas produziu uma s\u00e9rie de mol\u00e9culas capazes de atravessar a barreira hematoencef\u00e1lica, que protege o c\u00e9rebro, e remover o cobre das placas beta-amiloides. Das 10 mol\u00e9culas desenvolvidas, tr\u00eas foram selecionadas para testes em ratos com Alzheimer, e uma delas se destacou por sua efic\u00e1cia e seguran\u00e7a. <\/p>\n<p class=\" content-text__container \" data-track-category=\"Link no Texto\" data-track-links=\"\"> Nos testes, a mol\u00e9cula removeu as placas beta-amiloide e diminuiu a neuroinflama\u00e7\u00e3o e o estresse oxidativo do c\u00e9rebro dos animais. Al\u00e9m disso, restaurou o equil\u00edbrio de cobre no hipocampo, regi\u00e3o associada \u00e0 mem\u00f3ria. Na avalia\u00e7\u00e3o comportamental dos camundongos, os cientistas observaram que o tratamento reduziu a perda da mem\u00f3ria, a dificuldade de no\u00e7\u00e3o espacial e de aprendizado dos roedores. <\/p>\n<p class=\" content-text__container \" data-track-category=\"Link no Texto\" data-track-links=\"\"> A pesquisa tamb\u00e9m mostrou que o composto n\u00e3o foi considerado t\u00f3xico nem nos testes em laborat\u00f3rio com c\u00e9lulas do hipocampo, nem ao ser administrado aos animais, que tiveram seus sinais vitais monitorados ao longo do experimento. <\/p>\n","protected":false},"excerpt":{"rendered":"Cientistas brasileiros da Universidade Federal do ABC (UFABC), em S\u00e3o Paulo, desenvolveram um composto com potencial para tratamento&hellip;\n","protected":false},"author":2,"featured_media":142867,"comment_status":"","ping_status":"","sticky":false,"template":"","format":"standard","meta":{"footnotes":""},"categories":[86],"tags":[314,319,116,32,33,117],"class_list":{"0":"post-142866","1":"post","2":"type-post","3":"status-publish","4":"format-standard","5":"has-post-thumbnail","7":"category-saude","8":"tag-alzheimer","9":"tag-hard-news","10":"tag-health","11":"tag-portugal","12":"tag-pt","13":"tag-saude"},"share_on_mastodon":{"url":"https:\/\/pubeurope.com\/@pt\/115508505672742433","error":""},"_links":{"self":[{"href":"https:\/\/www.europesays.com\/pt\/wp-json\/wp\/v2\/posts\/142866","targetHints":{"allow":["GET"]}}],"collection":[{"href":"https:\/\/www.europesays.com\/pt\/wp-json\/wp\/v2\/posts"}],"about":[{"href":"https:\/\/www.europesays.com\/pt\/wp-json\/wp\/v2\/types\/post"}],"author":[{"embeddable":true,"href":"https:\/\/www.europesays.com\/pt\/wp-json\/wp\/v2\/users\/2"}],"replies":[{"embeddable":true,"href":"https:\/\/www.europesays.com\/pt\/wp-json\/wp\/v2\/comments?post=142866"}],"version-history":[{"count":0,"href":"https:\/\/www.europesays.com\/pt\/wp-json\/wp\/v2\/posts\/142866\/revisions"}],"wp:featuredmedia":[{"embeddable":true,"href":"https:\/\/www.europesays.com\/pt\/wp-json\/wp\/v2\/media\/142867"}],"wp:attachment":[{"href":"https:\/\/www.europesays.com\/pt\/wp-json\/wp\/v2\/media?parent=142866"}],"wp:term":[{"taxonomy":"category","embeddable":true,"href":"https:\/\/www.europesays.com\/pt\/wp-json\/wp\/v2\/categories?post=142866"},{"taxonomy":"post_tag","embeddable":true,"href":"https:\/\/www.europesays.com\/pt\/wp-json\/wp\/v2\/tags?post=142866"}],"curies":[{"name":"wp","href":"https:\/\/api.w.org\/{rel}","templated":true}]}}