{"id":142904,"date":"2025-11-07T13:22:12","date_gmt":"2025-11-07T13:22:12","guid":{"rendered":"https:\/\/www.europesays.com\/pt\/142904\/"},"modified":"2025-11-07T13:22:12","modified_gmt":"2025-11-07T13:22:12","slug":"larvas-do-aedes-aegypti-em-06-dos-imoveis","status":"publish","type":"post","link":"https:\/\/www.europesays.com\/pt\/142904\/","title":{"rendered":"larvas do Aedes aegypti em 0,6% dos im\u00f3veis"},"content":{"rendered":"<p>Resultados mais recentes do Levantamento R\u00e1pido de \u00cdndices para Aedes aegypti (LIRAa) de 2025 indicam que Belo Horizonte est\u00e1 com risco baixo para incid\u00eancia do Aedes aegypti na cidade. Ou seja, apenas 0,6% dos 53 mil im\u00f3veis visitados pela Prefeitura de Belo Horizonte apresentaram presen\u00e7a de larvas do mosquito transmissor da dengue, zika e Chikungunya. O resultado classifica a capital como \u00e1rea de baixo risco.<\/p>\n<p>As regionais Noroeste e Norte s\u00e3o as com menor incid\u00eancia, conforme o estudo, com 0,3%. Na sequ\u00eancia, com 0,4%, as regionais Barreiro, Centro-Sul (incluindo a Hipercentro) e Oeste: 0,4%. Com 0,8%, est\u00e3o as regi\u00f5es Nordeste, Pampulha e Leste, e Venda Nova, com 1,0% , \u00e9 a \u00fanica regi\u00e3o com indicador m\u00e9dio.<\/p>\n<p>O estudo, que \u00e9 feito anualmente pela PBH, visa identificar as \u00e1reas com maior concentra\u00e7\u00e3o de focos e os tipos de criadouros mais comuns. Os padr\u00f5es estipulados pelo Minist\u00e9rio da Sa\u00fade indicam que \u00edndices iguais ou superiores a 4,0% indicam risco alto; entre 1,0% e 3,9%, risco m\u00e9dio; e inferiores a 1,0%, risco baixo.\u00a0<\/p>\n<p>Ainda segundo a PBH, o estudo mostrou tamb\u00e9m que 88,8% dos focos do mosquito est\u00e3o em ambientes dom\u00e9sticos, sendo a maioria localizada em pratinhos de plantas (40,8%), ralos e canaletas (9,9%), inserv\u00edveis e recipientes dom\u00e9sticos (7,7%) e caixas d\u2019\u00e1gua (7,4%).<\/p>\n<p>De acordo com a subsecret\u00e1ria de Promo\u00e7\u00e3o e Vigil\u00e2ncia em Sa\u00fade, Thaysa Drummond, a conscientiza\u00e7\u00e3o das pessoas \u00e9 a maneira mais eficaz de combater o mosquito.<\/p>\n<p>\u201cMais do que a atua\u00e7\u00e3o dos agentes de Combate a Endemias, precisamos da conscientiza\u00e7\u00e3o e colabora\u00e7\u00e3o da popula\u00e7\u00e3o na tarefa di\u00e1ria de eliminar poss\u00edveis criadouros. Uma vistoria r\u00e1pida, de cerca de dez minutos por semana, j\u00e1 faz diferen\u00e7a na preven\u00e7\u00e3o\u201d, completa a subsecret\u00e1ria.<\/p>\n<p>Preven\u00e7\u00e3o e combate de arboviroses<\/p>\n<p>Durante todo o ano, segundo a PBH, agentes realizam a\u00e7\u00f5es de vigil\u00e2ncia e combate \u00e0s doen\u00e7as transmitidas pelo mosquito. Em 2025, foram realizadas cerca de 3,7 milh\u00f5es de visitas na capital. Os moradores s\u00e3o orientados sobre os riscos do ac\u00famulo de \u00e1gua \u2013 que pode se tornar criadouro \u2013, como eliminar focos e, quando necess\u00e1rio, os agentes aplicam biolarvicidas.\u00a0<\/p>\n<p>A PBH tamb\u00e9m realiza a\u00e7\u00f5es com inseticida a Ultra Baixo Volume (UBV) para o combate aos mosquitos adultos, alcan\u00e7ando cerca de 21 mil im\u00f3veis em 2025. O munic\u00edpio utiliza ainda drones para captar imagens e identificar poss\u00edveis focos, al\u00e9m de aplicar larvicida em locais de dif\u00edcil acesso dos profissionais que atuam na preven\u00e7\u00e3o. Neste ano, foram 54 sobrevoos, com a identifica\u00e7\u00e3o de quase 7 mil potenciais criadouros.<\/p>\n<p>Belo Horizonte conta ainda com mais de 1,7 mil ovitrampas, que s\u00e3o armadilhas que simulam o ambiente ideal para a reprodu\u00e7\u00e3o do Aedes aegypti e cont\u00eam subst\u00e2ncias que atraem as f\u00eameas. Instaladas em pontos estrat\u00e9gicos das regionais, elas permitem o monitoramento da circula\u00e7\u00e3o do mosquito. Somente em 2025, foram realizadas mais de 59 mil visitas para acompanhamento.<\/p>\n<p>Outra a\u00e7\u00e3o em andamento \u00e9 a soltura de Aedes aegypti com Wolbachia. Os mosquitos que carregam esse microrganismo t\u00eam capacidade reduzida de transmitir dengue, zika e chikungunya, o que ajuda a diminuir o risco dessas doen\u00e7as. Vale destacar que esse m\u00e9todo n\u00e3o envolve modifica\u00e7\u00e3o gen\u00e9tica.<\/p>\n<p>\u00a0<\/p>\n","protected":false},"excerpt":{"rendered":"Resultados mais recentes do Levantamento R\u00e1pido de \u00cdndices para Aedes aegypti (LIRAa) de 2025 indicam que Belo Horizonte&hellip;\n","protected":false},"author":2,"featured_media":142905,"comment_status":"","ping_status":"","sticky":false,"template":"","format":"standard","meta":{"footnotes":""},"categories":[86],"tags":[1896,5725,1891,116,32,33,117,1892],"class_list":{"0":"post-142904","1":"post","2":"type-post","3":"status-publish","4":"format-standard","5":"has-post-thumbnail","7":"category-saude","8":"tag-aedes-aegypti","9":"tag-chikungunya","10":"tag-dengue","11":"tag-health","12":"tag-portugal","13":"tag-pt","14":"tag-saude","15":"tag-zika"},"share_on_mastodon":{"url":"https:\/\/pubeurope.com\/@pt\/115508631657608402","error":""},"_links":{"self":[{"href":"https:\/\/www.europesays.com\/pt\/wp-json\/wp\/v2\/posts\/142904","targetHints":{"allow":["GET"]}}],"collection":[{"href":"https:\/\/www.europesays.com\/pt\/wp-json\/wp\/v2\/posts"}],"about":[{"href":"https:\/\/www.europesays.com\/pt\/wp-json\/wp\/v2\/types\/post"}],"author":[{"embeddable":true,"href":"https:\/\/www.europesays.com\/pt\/wp-json\/wp\/v2\/users\/2"}],"replies":[{"embeddable":true,"href":"https:\/\/www.europesays.com\/pt\/wp-json\/wp\/v2\/comments?post=142904"}],"version-history":[{"count":0,"href":"https:\/\/www.europesays.com\/pt\/wp-json\/wp\/v2\/posts\/142904\/revisions"}],"wp:featuredmedia":[{"embeddable":true,"href":"https:\/\/www.europesays.com\/pt\/wp-json\/wp\/v2\/media\/142905"}],"wp:attachment":[{"href":"https:\/\/www.europesays.com\/pt\/wp-json\/wp\/v2\/media?parent=142904"}],"wp:term":[{"taxonomy":"category","embeddable":true,"href":"https:\/\/www.europesays.com\/pt\/wp-json\/wp\/v2\/categories?post=142904"},{"taxonomy":"post_tag","embeddable":true,"href":"https:\/\/www.europesays.com\/pt\/wp-json\/wp\/v2\/tags?post=142904"}],"curies":[{"name":"wp","href":"https:\/\/api.w.org\/{rel}","templated":true}]}}