{"id":142916,"date":"2025-11-07T13:37:08","date_gmt":"2025-11-07T13:37:08","guid":{"rendered":"https:\/\/www.europesays.com\/pt\/142916\/"},"modified":"2025-11-07T13:37:08","modified_gmt":"2025-11-07T13:37:08","slug":"apos-conselho-marisa-e-pedro-jorge-arriscam-e-beijam-se-em-zona-desprotegida","status":"publish","type":"post","link":"https:\/\/www.europesays.com\/pt\/142916\/","title":{"rendered":"Ap\u00f3s conselho, Marisa e Pedro Jorge arriscam e beijam-se em zona desprotegida"},"content":{"rendered":"<p>Numa altura em que o segredo est\u00e1 muito perto de ser descoberto, Marisa e Pedro Jorge voltaram a arriscar na casa do Secret Story 9 e a demonstrar uma vez mais que a paix\u00e3o que sentem \u00e9 mais forte do que qualquer jogo.<\/p>\n<p>Pedro e Marisa voltaram a beijar-se, mas escolheram uma zona desprotegida para tal acontecer. Os dois estavam no quarto, mas deixaram a porta aberta e dispon\u00edvel para algu\u00e9m aparecer e apanh\u00e1-los em flagrante. Apesar do risco, n\u00e3o foi isso que aconteceu.<\/p>\n<p>Nas imagens emitidas no \u2018Extra\u2019 desta quinta-feira, 6 de novembro, foi tamb\u00e9m poss\u00edvel perceber que este momento aconteceu imediatamente ap\u00f3s uma conversa em que Marisa aconselhou o companheiro e pai dos filhos a \u201c<strong>n\u00e3o dar tanta cana<\/strong>\u201d quanto ao segredo que os dois guardam.<\/p>\n<p><a href=\"https:\/\/tvi.iol.pt\/secretstory\/videos\/nao-se-resistem-e-correm-risco-pedro-e-marisa-dao-beijo-apaixonado-no-quarto-de-porta-aberta\/690db24f0cf2559133760685\" target=\"_blank\" rel=\"noopener nofollow\">Veja o v\u00eddeo aqui<\/a>.<\/p>\n<blockquote class=\"instagram-media\" style=\"background: #FFF; border: 0; border-radius: 3px; box-shadow: 0 0 1px 0 rgba(0,0,0,0.5),0 1px 10px 0 rgba(0,0,0,0.15); margin: 1px; max-width: 540px; min-width: 326px; padding: 0; width: calc(100% - 2px);\" data-instgrm-captioned=\"\" data-instgrm-permalink=\"https:\/\/www.instagram.com\/reel\/DQwKtjQDDnX\/?utm_source=ig_embed&amp;utm_campaign=loading\" data-instgrm-version=\"14\">\n<\/blockquote>\n<p>\t\t\t\t\t\t\t\t\t\t\t\t\t\t\t\t\t\t\t\t\t\t\t\t\t\t\t<script async src=\"\/\/www.instagram.com\/embed.js\"><\/script><\/p>\n","protected":false},"excerpt":{"rendered":"Numa altura em que o segredo est\u00e1 muito perto de ser descoberto, Marisa e Pedro Jorge voltaram a&hellip;\n","protected":false},"author":2,"featured_media":142917,"comment_status":"","ping_status":"","sticky":false,"template":"","format":"standard","meta":{"footnotes":""},"categories":[142],"tags":[31571,11830,31572,1661,114,115,19184,21416,32,33,151,11178],"class_list":{"0":"post-142916","1":"post","2":"type-post","3":"status-publish","4":"format-standard","5":"has-post-thumbnail","7":"category-tv","8":"tag-beijam-se","9":"tag-conselho","10":"tag-desprotegida","11":"tag-destaque","12":"tag-entertainment","13":"tag-entretenimento","14":"tag-marisa","15":"tag-pedro-jorge","16":"tag-portugal","17":"tag-pt","18":"tag-tv","19":"tag-zona"},"share_on_mastodon":{"url":"https:\/\/pubeurope.com\/@pt\/115508690659464658","error":""},"_links":{"self":[{"href":"https:\/\/www.europesays.com\/pt\/wp-json\/wp\/v2\/posts\/142916","targetHints":{"allow":["GET"]}}],"collection":[{"href":"https:\/\/www.europesays.com\/pt\/wp-json\/wp\/v2\/posts"}],"about":[{"href":"https:\/\/www.europesays.com\/pt\/wp-json\/wp\/v2\/types\/post"}],"author":[{"embeddable":true,"href":"https:\/\/www.europesays.com\/pt\/wp-json\/wp\/v2\/users\/2"}],"replies":[{"embeddable":true,"href":"https:\/\/www.europesays.com\/pt\/wp-json\/wp\/v2\/comments?post=142916"}],"version-history":[{"count":0,"href":"https:\/\/www.europesays.com\/pt\/wp-json\/wp\/v2\/posts\/142916\/revisions"}],"wp:featuredmedia":[{"embeddable":true,"href":"https:\/\/www.europesays.com\/pt\/wp-json\/wp\/v2\/media\/142917"}],"wp:attachment":[{"href":"https:\/\/www.europesays.com\/pt\/wp-json\/wp\/v2\/media?parent=142916"}],"wp:term":[{"taxonomy":"category","embeddable":true,"href":"https:\/\/www.europesays.com\/pt\/wp-json\/wp\/v2\/categories?post=142916"},{"taxonomy":"post_tag","embeddable":true,"href":"https:\/\/www.europesays.com\/pt\/wp-json\/wp\/v2\/tags?post=142916"}],"curies":[{"name":"wp","href":"https:\/\/api.w.org\/{rel}","templated":true}]}}