{"id":142927,"date":"2025-11-07T13:47:23","date_gmt":"2025-11-07T13:47:23","guid":{"rendered":"https:\/\/www.europesays.com\/pt\/142927\/"},"modified":"2025-11-07T13:47:23","modified_gmt":"2025-11-07T13:47:23","slug":"clima-a-escolha-e-entre-liderar-ou-sermos-levados-a-ruina-diz-guterres-cop30","status":"publish","type":"post","link":"https:\/\/www.europesays.com\/pt\/142927\/","title":{"rendered":"Clima: \u201cA escolha \u00e9 entre liderar ou sermos levados \u00e0 ru\u00edna\u201d, diz Guterres | COP30"},"content":{"rendered":"<p>N\u00e3o se pode discutir com as leis da f\u00edsica, disse o secret\u00e1rio-geral das Na\u00e7\u00f5es Unidas, na abertura da cimeira de l\u00edderes que antecede a Confer\u00eancia do Clima das Na\u00e7\u00f5es Unidas, no Brasil (COP30). &#8220;Mas podemos escolher entre liderar ou sermos levados \u00e0 ru\u00edna&#8221;, afirmou Ant\u00f3nio Guterres, apelando \u00e0 ac\u00e7\u00e3o contra as altera\u00e7\u00f5es clim\u00e1ticas.<\/p>\n<p>As leis da f\u00edsica fazem com que o di\u00f3xido de carbono lan\u00e7ado para a atmosfera potencie o efeito de estufa, retendo o calor do Sol aqui na Terra, mas o l\u00edder das Na\u00e7\u00f5es Unidas refor\u00e7a: est\u00e1 nas nossas m\u00e3os limitar as emiss\u00f5es dos gases com efeito de estufa e reduzir o aquecimento global.<\/p>\n<p>&#8220;Demasiadas empresas est\u00e3o a ter lucros recorde com a devasta\u00e7\u00e3o clim\u00e1tica, e milhares de milh\u00f5es de euros s\u00e3o gostos em lobbies, da ind\u00fastria petrol\u00edfera, que enganam os cidad\u00e3os e obstruem o progresso&#8221;, afirmou Guterres, perante os mais de 60 l\u00edderes mundiais que se reuniram esta quinta e sexta-feira em Bel\u00e9m, na Amaz\u00f3nia brasileira.<\/p>\n<p>&#8220;Muitos l\u00edderes continuam cativos destes interesses instalados&#8221;, continuou, frisando que governos de todo o mundo gastam um bili\u00e3o (milh\u00e3o de milh\u00f5es) de d\u00f3lares todos os anos em subs\u00eddios para os combust\u00edveis f\u00f3sseis.<\/p>\n<p>A queima de g\u00e1s, petr\u00f3leo e carv\u00e3o, para produzir energia, movimentar autom\u00f3veis ou at\u00e9 produzir pl\u00e1sticos, \u00e9 a principal fonte de emiss\u00e3o dos gases de estufa que provocam o aquecimento global e as altera\u00e7\u00f5es clim\u00e1ticas.<\/p>\n<p>&#8220;Caminho justo&#8221;, diz Lula<\/p>\n<p>O Presidente Lula da Silva, anfitri\u00e3o da COP30 no Brasil, avisou que &#8220;for\u00e7as extremistas&#8221; est\u00e3o a espalhar mentiras sobre as altera\u00e7\u00f5es clim\u00e1ticas para obter ganhos pol\u00edticos. &#8220;Num cen\u00e1rio de inseguran\u00e7a e desconfian\u00e7a m\u00fatua, interesses ego\u00edstas imediatos preponderam sobre o bem comum de longo prazo&#8221;, declarou.<\/p>\n<p>J\u00e1 o Presidente chileno, Gabriel Boric, mencionou pelo nome Donald Trump, dizendo que o Presidente dos EUA tinha mentido \u00e0 Assembleia Geral das Na\u00e7\u00f5es Unidas, em Setembro, quando afirmou que as altera\u00e7\u00f5es clim\u00e1ticas s\u00e3o &#8220;a maior vigarice do mundo&#8221;.<\/p>\n<p>        &#13;<\/p>\n<blockquote><p>&#13;<\/p>\n<p>Os Yanomai, povos ind\u00edgenas da Amaz\u00f3nia, acreditam que cabe aos seres humanos sustentar o c\u00e9u, para que n\u00e3o caia sobre a Terra. Espero que esta cimeira contribua para empurrar o c\u00e9u para cima e ampliar nossa vis\u00e3o para al\u00e9m do que enxergamos hoje<\/p>\n<p>&#13;<br \/>\n                &#13;<br \/>\nLula da Silva                &#13;\n            <\/p><\/blockquote>\n<p>&#13;<br \/>\n&#13;<br \/>\n            &#13;<\/p>\n<p>Houve um apelo a que n\u00e3o se perca mais tempo. &#8220;Agora \u00e9 o tempo da implementa\u00e7\u00e3o&#8221;, afirmou Guterres, repetindo tr\u00eas vezes esta palavra, que \u00e9 o lema da COP30. &#8220;\u00c9 uma falha moral e uma neglig\u00eancia mortal se n\u00e3o limitarmos a subida da temperatura global&#8221;, declarou, num discurso que apelava \u00e0 indigna\u00e7\u00e3o.<\/p>\n<p>&#8220;Precisamos de um mapa para planear um caminho justo para acabar com a desfloresta\u00e7\u00e3o, ultrapassar os combust\u00edveis f\u00f3sseis e mobilizar os recursos para atingir estes objectivos&#8221;, afirmou Lula, num apelo aos l\u00edderes para uma ac\u00e7\u00e3o comum contra o aquecimento global. Ainda que o Brasil n\u00e3o tenha planos para parar a explora\u00e7\u00e3o de petr\u00f3leo, at\u00e9 na foz do Amazonas.<\/p>\n<p>O Presidente franc\u00eas, Emmanuel Macron, o primeiro-ministro brit\u00e2nico, Keir Starmer, a presidente da Comiss\u00e3o Europeia, Ursula von der Leyen, e o primeiro-ministro portugu\u00eas, Lu\u00eds Montenegro, est\u00e3o entre os l\u00edderes presentes nesta cimeira.<\/p>\n<p>Lula despediu-se recordando uma cren\u00e7a dos Yanomami, povos ind\u00edgenas que vivem na Amaz\u00f3nia. &#8220;Acreditam que cabe aos seres humanos sustentar o c\u00e9u, para que n\u00e3o caia sobre a Terra&#8221;, contou. &#8220;Essa perspectiva d\u00e1 a medida da nossa responsabilidade perante o planeta. Mas tamb\u00e9m reconhece que o poder de expandir horizontes est\u00e1 nas nossas m\u00e3os&#8221;, frisou o Presidente brasileiro. &#8220;Espero que esta cimeira contribua para empurrar o c\u00e9u para cima e ampliar nossa vis\u00e3o para al\u00e9m do que enxergamos hoje&#8221;.<\/p>\n","protected":false},"excerpt":{"rendered":"N\u00e3o se pode discutir com as leis da f\u00edsica, disse o secret\u00e1rio-geral das Na\u00e7\u00f5es Unidas, na abertura da&hellip;\n","protected":false},"author":2,"featured_media":142928,"comment_status":"","ping_status":"","sticky":false,"template":"","format":"standard","meta":{"footnotes":""},"categories":[8],"tags":[2335,5465,5291,785,726,27,28,2271,6391,15,16,14,25,26,6662,21,22,911,12,13,19,20,32,23,24,33,17,18,29,30,31],"class_list":{"0":"post-142927","1":"post","2":"type-post","3":"status-publish","4":"format-standard","5":"has-post-thumbnail","7":"category-principais-noticias","8":"tag-alteracoes-climaticas","9":"tag-antonio-guterres","10":"tag-aquecimento-global","11":"tag-azul","12":"tag-brasil","13":"tag-breaking-news","14":"tag-breakingnews","15":"tag-clima","16":"tag-cop30","17":"tag-featured-news","18":"tag-featurednews","19":"tag-headlines","20":"tag-latest-news","21":"tag-latestnews","22":"tag-lula-da-silva","23":"tag-main-news","24":"tag-mainnews","25":"tag-nacoes-unidas","26":"tag-news","27":"tag-noticias","28":"tag-noticias-principais","29":"tag-noticiasprincipais","30":"tag-portugal","31":"tag-principais-noticias","32":"tag-principaisnoticias","33":"tag-pt","34":"tag-top-stories","35":"tag-topstories","36":"tag-ultimas","37":"tag-ultimas-noticias","38":"tag-ultimasnoticias"},"share_on_mastodon":{"url":"","error":"Validation failed: Text character limit of 500 exceeded"},"_links":{"self":[{"href":"https:\/\/www.europesays.com\/pt\/wp-json\/wp\/v2\/posts\/142927","targetHints":{"allow":["GET"]}}],"collection":[{"href":"https:\/\/www.europesays.com\/pt\/wp-json\/wp\/v2\/posts"}],"about":[{"href":"https:\/\/www.europesays.com\/pt\/wp-json\/wp\/v2\/types\/post"}],"author":[{"embeddable":true,"href":"https:\/\/www.europesays.com\/pt\/wp-json\/wp\/v2\/users\/2"}],"replies":[{"embeddable":true,"href":"https:\/\/www.europesays.com\/pt\/wp-json\/wp\/v2\/comments?post=142927"}],"version-history":[{"count":0,"href":"https:\/\/www.europesays.com\/pt\/wp-json\/wp\/v2\/posts\/142927\/revisions"}],"wp:featuredmedia":[{"embeddable":true,"href":"https:\/\/www.europesays.com\/pt\/wp-json\/wp\/v2\/media\/142928"}],"wp:attachment":[{"href":"https:\/\/www.europesays.com\/pt\/wp-json\/wp\/v2\/media?parent=142927"}],"wp:term":[{"taxonomy":"category","embeddable":true,"href":"https:\/\/www.europesays.com\/pt\/wp-json\/wp\/v2\/categories?post=142927"},{"taxonomy":"post_tag","embeddable":true,"href":"https:\/\/www.europesays.com\/pt\/wp-json\/wp\/v2\/tags?post=142927"}],"curies":[{"name":"wp","href":"https:\/\/api.w.org\/{rel}","templated":true}]}}