{"id":142939,"date":"2025-11-07T13:59:11","date_gmt":"2025-11-07T13:59:11","guid":{"rendered":"https:\/\/www.europesays.com\/pt\/142939\/"},"modified":"2025-11-07T13:59:11","modified_gmt":"2025-11-07T13:59:11","slug":"corte-nos-voos-dos-eua-comeca-de-forma-faseada-esta-sexta-feira-aviacao","status":"publish","type":"post","link":"https:\/\/www.europesays.com\/pt\/142939\/","title":{"rendered":"Corte nos voos dos EUA come\u00e7a de forma faseada esta sexta-feira | Avia\u00e7\u00e3o"},"content":{"rendered":"<p>A decis\u00e3o das autoridades norte-americanas de <a href=\"https:\/\/www.publico.pt\/2025\/11\/06\/economia\/noticia\/governo-eua-decide-deixar-milhares-avioes-chao-pressiona-democratas-2153579\" rel=\"nofollow noopener\" target=\"_blank\">reduzir o n\u00famero de voos <\/a>nos principais aeroportos do pa\u00eds come\u00e7a esta sexta-feira a ter efeitos no terreno, com a diminui\u00e7\u00e3o de 4% das opera\u00e7\u00f5es programadas.<\/p>\n<p>De acordo com o departamento federal de avia\u00e7\u00e3o (FAA, na sigla em ingl\u00eas), a redu\u00e7\u00e3o ser\u00e1 feita de forma faseada, e, depois dos 4%, ir\u00e1 subir para 6% no dia 11 e para 8% no dia 13, chegando depois aos 10% no dia 14 de Novembro.<\/p>\n<p>O Financial Times cita dados das tr\u00eas principais companhias a\u00e9reas, afirmando a United Airlines que vai hoje cortar quase 200 voos, n\u00famero que passa para cerca de 220 no caso da American Airlines e para cerca de 170 no caso da Delta.<\/p>\n<p>A FAA afirma que a medida n\u00e3o exige uma redu\u00e7\u00e3o nos voos internacionais, e que as companhias a\u00e9reas \u201cpodem decidir que voos s\u00e3o cancelados de modo a atingir o objectivo final\u201d. Mesmo assim, poder\u00e1 haver uma redu\u00e7\u00e3o do fluxo de passageiros para os voos internacionais.<\/p>\n<p>A United, por exemplo, j\u00e1 garantiu em comunicado que os voos internacionais n\u00e3o v\u00e3o ser afectados pelos cortes. Do lado europeu, o presidente da Air France \u2013 KLM afirmou que as liga\u00e7\u00f5es entre os dois continentes dever\u00e3o manter-se sem altera\u00e7\u00f5es.<\/p>\n<p>Em comunicado, a FAA explica que as companhias t\u00eam de fazer o reembolso integral das passagens a\u00e9reas em causa, mas sem qualquer tipo de indemniza\u00e7\u00e3o associado por se tratar de um evento externo \u00e0 actua\u00e7\u00e3o das empresas.<\/p>\n<p>A decis\u00e3o foi justificada pelas autoridades norte-americanas pelo desgaste dos controladores a\u00e9reos, que, al\u00e9m das press\u00f5es j\u00e1 existentes, est\u00e3o a trabalhar sem receber desde que a falta de acordo entre republicanos e democratas levou \u00e0 <a href=\"https:\/\/www.publico.pt\/2025\/11\/05\/mundo\/noticia\/shutdown-governo-norteamericano-ja-longo-historia-2153512\" rel=\"nofollow noopener\" target=\"_blank\">paralisa\u00e7\u00e3o<\/a><a href=\"https:\/\/www.publico.pt\/2025\/11\/05\/mundo\/noticia\/shutdown-governo-norteamericano-ja-longo-historia-2153512\" rel=\"nofollow noopener\" target=\"_blank\"> do Governo.<\/a><\/p>\n<p>Esta \u00e9, ali\u00e1s, uma das poucas profiss\u00f5es que tem de continuar a trabalhar mesmo na actual conjuntura. A paralisa\u00e7\u00e3o das entidades federais chega hoje ao seu 38\u00ba dia, um recorde na hist\u00f3ria dos EUA. Depois desta medida, h\u00e1 um aumento da press\u00e3o da administra\u00e7\u00e3o de Trump para que os democratas cedam na sua posi\u00e7\u00e3o.<\/p>\n","protected":false},"excerpt":{"rendered":"A decis\u00e3o das autoridades norte-americanas de reduzir o n\u00famero de voos nos principais aeroportos do pa\u00eds come\u00e7a esta&hellip;\n","protected":false},"author":2,"featured_media":142940,"comment_status":"","ping_status":"","sticky":false,"template":"","format":"standard","meta":{"footnotes":""},"categories":[50],"tags":[1310,27,28,476,413,15,16,14,25,26,21,22,62,12,13,19,20,23,24,17,18,1456,29,30,31,63,64,65],"class_list":{"0":"post-142939","1":"post","2":"type-post","3":"status-publish","4":"format-standard","5":"has-post-thumbnail","7":"category-mundo","8":"tag-aviacao","9":"tag-breaking-news","10":"tag-breakingnews","11":"tag-economia","12":"tag-eua","13":"tag-featured-news","14":"tag-featurednews","15":"tag-headlines","16":"tag-latest-news","17":"tag-latestnews","18":"tag-main-news","19":"tag-mainnews","20":"tag-mundo","21":"tag-news","22":"tag-noticias","23":"tag-noticias-principais","24":"tag-noticiasprincipais","25":"tag-principais-noticias","26":"tag-principaisnoticias","27":"tag-top-stories","28":"tag-topstories","29":"tag-turismo","30":"tag-ultimas","31":"tag-ultimas-noticias","32":"tag-ultimasnoticias","33":"tag-world","34":"tag-world-news","35":"tag-worldnews"},"share_on_mastodon":{"url":"https:\/\/pubeurope.com\/@pt\/115508777027789134","error":""},"_links":{"self":[{"href":"https:\/\/www.europesays.com\/pt\/wp-json\/wp\/v2\/posts\/142939","targetHints":{"allow":["GET"]}}],"collection":[{"href":"https:\/\/www.europesays.com\/pt\/wp-json\/wp\/v2\/posts"}],"about":[{"href":"https:\/\/www.europesays.com\/pt\/wp-json\/wp\/v2\/types\/post"}],"author":[{"embeddable":true,"href":"https:\/\/www.europesays.com\/pt\/wp-json\/wp\/v2\/users\/2"}],"replies":[{"embeddable":true,"href":"https:\/\/www.europesays.com\/pt\/wp-json\/wp\/v2\/comments?post=142939"}],"version-history":[{"count":0,"href":"https:\/\/www.europesays.com\/pt\/wp-json\/wp\/v2\/posts\/142939\/revisions"}],"wp:featuredmedia":[{"embeddable":true,"href":"https:\/\/www.europesays.com\/pt\/wp-json\/wp\/v2\/media\/142940"}],"wp:attachment":[{"href":"https:\/\/www.europesays.com\/pt\/wp-json\/wp\/v2\/media?parent=142939"}],"wp:term":[{"taxonomy":"category","embeddable":true,"href":"https:\/\/www.europesays.com\/pt\/wp-json\/wp\/v2\/categories?post=142939"},{"taxonomy":"post_tag","embeddable":true,"href":"https:\/\/www.europesays.com\/pt\/wp-json\/wp\/v2\/tags?post=142939"}],"curies":[{"name":"wp","href":"https:\/\/api.w.org\/{rel}","templated":true}]}}