{"id":142943,"date":"2025-11-07T14:11:15","date_gmt":"2025-11-07T14:11:15","guid":{"rendered":"https:\/\/www.europesays.com\/pt\/142943\/"},"modified":"2025-11-07T14:11:15","modified_gmt":"2025-11-07T14:11:15","slug":"cha-eunwoo-qual-a-tracklist-de-else-novo-album-solo-do-idol","status":"publish","type":"post","link":"https:\/\/www.europesays.com\/pt\/142943\/","title":{"rendered":"Cha Eunwoo: Qual a tracklist de \u201cElse\u201d, novo \u00e1lbum solo do idol?"},"content":{"rendered":"<p>Para os f\u00e3s de <a href=\"https:\/\/www.instagram.com\/eunwo.o_c\/?hl=pt\" target=\"_blank\" rel=\"noopener nofollow\"><strong>Cha Eunwoo<\/strong><\/a>, membro do grupo de k-pop <a href=\"https:\/\/recreio.com.br\/tags\/astro\" rel=\"nofollow noopener\" target=\"_blank\">ASTRO<\/a>, que est\u00e3o ansiosos para o lan\u00e7amento de \u201c<a href=\"https:\/\/www.fantagio.kr\/\" target=\"_blank\" rel=\"noopener nofollow\">Else<\/a>\u201d, novo \u00e1lbum solo do idol, a not\u00edcia \u00e9 mais que positiva: nesta quinta-feira, 06, foi revelada a tracklist do lan\u00e7amento musical.<\/p>\n<p>A lista de faixas do segundo mini-\u00e1lbum solo da carreira do idol foi revelada por meio de uma publica\u00e7\u00e3o nas redes sociais, em que uma arte promocional revela que o disco cont\u00e9m um total de 4 faixas; s\u00e3o elas:<\/p>\n<ul>\n<li>\u201cSaturday Preacher\u201d<\/li>\n<li>\u201cSweet Papaya\u201d<\/li>\n<li>\u201cSelfish\u201d<\/li>\n<li>\u201cThinkin\u2019 Bout U\u201d<\/li>\n<\/ul>\n<p>Vale lembrar que a faixa-t\u00edtulo \u00e9 \u201cSaturday Preacher\u201d, enquanto as demais can\u00e7\u00f5es ocupam o posto de b-sides no disco. Al\u00e9m disso, a faixa-t\u00edtulo e \u201cSweet Papaya\u201d contam com um nome especial nos cr\u00e9ditos: <a href=\"https:\/\/en.wikipedia.org\/wiki\/Lim_Seul-ong\" target=\"_blank\" rel=\"noopener nofollow\"><strong>Seulong<\/strong><\/a>, do 2AM, que \u00e9 letrista das can\u00e7\u00f5es.<\/p>\n<p>Veja a publica\u00e7\u00e3o:<\/p>\n<blockquote class=\"twitter-tweet\">\n<p dir=\"ltr\" lang=\"ko\">[<a href=\"https:\/\/twitter.com\/hashtag\/%EC%B0%A8%EC%9D%80%EC%9A%B0?src=hash&amp;ref_src=twsrc%5Etfw\" rel=\"nofollow noopener\" target=\"_blank\">#\ucc28\uc740\uc6b0<\/a>] \ucc28\uc740\uc6b0, \uc194\ub85c 2\uc9d1 \u2018ELSE\u2019 \ud2b8\ub799\ub9ac\uc2a4\ud2b8 \uc624\ud508..\ud0c0\uc774\ud2c0\uace1\uc740 \u2018SATURDAY PREACHER\u2019<br \/>\u25b6\ufe0f <a href=\"https:\/\/t.co\/s2EDsrWsPx\" rel=\"nofollow\">https:\/\/t.co\/s2EDsrWsPx<\/a><a href=\"https:\/\/twitter.com\/hashtag\/NEWS?src=hash&amp;ref_src=twsrc%5Etfw\" rel=\"nofollow noopener\" target=\"_blank\">#NEWS<\/a> <a href=\"https:\/\/twitter.com\/hashtag\/CHAEUNWOO?src=hash&amp;ref_src=twsrc%5Etfw\" rel=\"nofollow noopener\" target=\"_blank\">#CHAEUNWOO<\/a><a href=\"https:\/\/twitter.com\/hashtag\/ELSE?src=hash&amp;ref_src=twsrc%5Etfw\" rel=\"nofollow noopener\" target=\"_blank\">#ELSE<\/a> <a href=\"https:\/\/t.co\/2P5nMHLyAM\" rel=\"nofollow\">pic.twitter.com\/2P5nMHLyAM<\/a><\/p>\n<p>\u2014 CHA EUN-WOO OFFICIAL (@CHAEUNWOO_offcl) <a href=\"https:\/\/twitter.com\/CHAEUNWOO_offcl\/status\/1986351035213095093?ref_src=twsrc%5Etfw\" rel=\"nofollow noopener\" target=\"_blank\">November 6, 2025<\/a><\/p>\n<\/blockquote>\n<p>Para promover o lan\u00e7amento, uma a\u00e7\u00e3o especial foi lan\u00e7ada na \u00faltima ter\u00e7a-feira, 4, onde os f\u00e3s t\u00eam a chance de falar com <strong>Cha Eunwoo<\/strong> por meio de uma liga\u00e7\u00e3o. Acontece que um n\u00famero de telefone foi divulgado e, ao discar, uma chamada se inicia com uma mensagem pr\u00e9-gravada do idol, a qual tem a seguinte tradu\u00e7\u00e3o:<\/p>\n<blockquote>\n<p>\u201cOl\u00e1? Sou o Eunwoo. Como voc\u00ea tem estado? Liguei porque senti sua falta. Voc\u00ea estava esperando minha liga\u00e7\u00e3o, certo? Eu sei. Voc\u00ea ouviu as not\u00edcias? Pode se surpreender, mas quem sou eu? Sou o Cha Eunwoo. Preparei tudo com anteced\u00eancia. O que voc\u00ea acha do meu \u00e1lbum? Voc\u00ea est\u00e1 esperando por ele, n\u00e3o \u00e9? Eu tamb\u00e9m estou esperando. Vou te ligar de novo na pr\u00f3xima semana, ent\u00e3o se alimente bem e pense bastante em mim. Sinto sua falta. Tchau!\u201d<\/p>\n<\/blockquote>\n<p>Um detalhe importante sobre o lan\u00e7amento, \u00e9 que \u201cElse\u201d chega em um momento especial, pois o artista est\u00e1 cumprindo o servi\u00e7o militar obrigat\u00f3rio na Coreia do Sul desde julho de 2025, como membro da banda militar do ex\u00e9rcito. A data prevista para a dispensa do idol \u00e9 27 de janeiro de 2027.<\/p>\n<p>A estreia de \u201cElse\u201d est\u00e1 marcada para o dia 21 de novembro, data em que o disco ser\u00e1 disponibilizado nas plataformas de streaming de m\u00fasica.<\/p>\n<p>        <a href=\"https:\/\/recreio.com.br\/noticias\/author\/izabela-queiroz\" rel=\"nofollow noopener\" target=\"_blank\">&#13;<br \/>\n          <img loading=\"lazy\" alt=\"Izabela Queiroz\" src=\"https:\/\/www.europesays.com\/pt\/wp-content\/uploads\/2025\/11\/1762524675_784_73c0b9c1056486c3f0ac887fc031213cdd608512c3b419d28e1ba5da81c3eb12\"  class=\"avatar avatar-115 photo rounded-circle mr-3\" height=\"115\" width=\"115\" decoding=\"async\"\/>        <\/a><\/p>\n<p>Izabela Queiroz, jornalista por paix\u00e3o e cin\u00e9fila de carteirinha. Formada pela UNINOVE, encontrou na escrita o lugar ideal para unir tudo o que mais gosta: filmes, s\u00e9ries e m\u00fasica. Nos textos, h\u00e1 quase sempre refer\u00eancias a algo relacionado \u00e0 cultura pop que a marcou. Fora deles, a encontrar\u00e1 assistindo hist\u00f3rias com reviravoltas chocantes, romances cativantes e dramas que a fazem chorar.<\/p>\n<p>\t                                            <script async src=\"https:\/\/platform.twitter.com\/widgets.js\" charset=\"utf-8\"><\/script><script async src=\"\/\/www.instagram.com\/embed.js\"><\/script><\/p>\n","protected":false},"excerpt":{"rendered":"Para os f\u00e3s de Cha Eunwoo, membro do grupo de k-pop ASTRO, que est\u00e3o ansiosos para o lan\u00e7amento&hellip;\n","protected":false},"author":2,"featured_media":142944,"comment_status":"","ping_status":"","sticky":false,"template":"","format":"standard","meta":{"footnotes":""},"categories":[141],"tags":[1721,6762,31575,114,115,1688,149,150,32,33,16409],"class_list":{"0":"post-142943","1":"post","2":"type-post","3":"status-publish","4":"format-standard","5":"has-post-thumbnail","7":"category-musica","8":"tag-album","9":"tag-astro","10":"tag-cha-eunwoo","11":"tag-entertainment","12":"tag-entretenimento","13":"tag-k-pop","14":"tag-music","15":"tag-musica","16":"tag-portugal","17":"tag-pt","18":"tag-solo"},"share_on_mastodon":{"url":"https:\/\/pubeurope.com\/@pt\/115508824322301599","error":""},"_links":{"self":[{"href":"https:\/\/www.europesays.com\/pt\/wp-json\/wp\/v2\/posts\/142943","targetHints":{"allow":["GET"]}}],"collection":[{"href":"https:\/\/www.europesays.com\/pt\/wp-json\/wp\/v2\/posts"}],"about":[{"href":"https:\/\/www.europesays.com\/pt\/wp-json\/wp\/v2\/types\/post"}],"author":[{"embeddable":true,"href":"https:\/\/www.europesays.com\/pt\/wp-json\/wp\/v2\/users\/2"}],"replies":[{"embeddable":true,"href":"https:\/\/www.europesays.com\/pt\/wp-json\/wp\/v2\/comments?post=142943"}],"version-history":[{"count":0,"href":"https:\/\/www.europesays.com\/pt\/wp-json\/wp\/v2\/posts\/142943\/revisions"}],"wp:featuredmedia":[{"embeddable":true,"href":"https:\/\/www.europesays.com\/pt\/wp-json\/wp\/v2\/media\/142944"}],"wp:attachment":[{"href":"https:\/\/www.europesays.com\/pt\/wp-json\/wp\/v2\/media?parent=142943"}],"wp:term":[{"taxonomy":"category","embeddable":true,"href":"https:\/\/www.europesays.com\/pt\/wp-json\/wp\/v2\/categories?post=142943"},{"taxonomy":"post_tag","embeddable":true,"href":"https:\/\/www.europesays.com\/pt\/wp-json\/wp\/v2\/tags?post=142943"}],"curies":[{"name":"wp","href":"https:\/\/api.w.org\/{rel}","templated":true}]}}