{"id":142949,"date":"2025-11-07T14:17:13","date_gmt":"2025-11-07T14:17:13","guid":{"rendered":"https:\/\/www.europesays.com\/pt\/142949\/"},"modified":"2025-11-07T14:17:13","modified_gmt":"2025-11-07T14:17:13","slug":"ps-quer-que-bonus-se-torne-permanente-pensoes-mais-baixas-devem-subir-279-em-2026","status":"publish","type":"post","link":"https:\/\/www.europesays.com\/pt\/142949\/","title":{"rendered":"PS quer que &#8220;b\u00f3nus&#8221; se torne permanente. Pens\u00f5es mais baixas devem subir 2,79% em 2026"},"content":{"rendered":"<p>&#13;<br \/>\nA ministra do Trabalho, Solidariedade e Seguran\u00e7a Social indicou esta sexta-feira, na Assembleia da Rep\u00fablica, que as pens\u00f5es mais reduzidas dever\u00e3o sofrer um aumento de 2,79 por cento em 2026. <b>Maria do Ros\u00e1rio Palma Ramalho condicionou, por outro lado, a atribui\u00e7\u00e3o de um suplemento extraordin\u00e1rio \u00e0 folga or\u00e7amental<\/b>.A governante fala durante a sua audi\u00e7\u00e3o, em sede de especialidade, a prop\u00f3sito da proposta de Or\u00e7amento do Estado para o pr\u00f3ximo ano. <br \/>&#13;\n<\/p>\n<p>A ministra reafirmou que <b>o Executivo vai &#8220;proceder ao aumento das pens\u00f5es \u00e0 taxa legal&#8221;<\/b>. <b>&#8220;Havendo folga or\u00e7amental&#8221;, haver\u00e1 novo suplemento extraordin\u00e1rio<\/b> para os pensionistas com reformas mais baixas.&#13;\n<\/p>\n<p>&#13;<br \/>\nAinda segundo Palma Ramalho, a partir dos &#8220;dados mais recentes&#8221; do INE, <b>as pens\u00f5es mais baixas, <\/b>isto \u00e9, at\u00e9 dois IAS (o equivalente a 1.045 euros) <b>dever\u00e3o assim aumentar &#8220;0,5 pontos acima da infla\u00e7\u00e3o de 2025&#8221;<\/b>. O que ir\u00e1 abarcar, nas contas da tutela, <b>perto de 90 por cento dos pensionistas<\/b>.&#13;\n<\/p>\n<p>&#13;<br \/>\n&#8220;No total, a despesa com o aumento das pens\u00f5es dever\u00e1 ser de <b>640 milh\u00f5es de euros<\/b>&#8220;. A este valor devem juntar-se, segundo a governante, &#8220;<b>300 milh\u00f5es de euros<\/b> que correspondem ao aumento das pens\u00f5es da Caixa Geral de Aposenta\u00e7\u00f5es, <b>o que perfaz 940 milh\u00f5es de euros de aumento permanente<\/b>&#8220;.<\/p>\n<p>          <img decoding=\"async\" itemprop=\"image\" class=\"img-fluid\"   src=\"https:\/\/www.europesays.com\/pt\/wp-content\/uploads\/2025\/11\/de0c919c8527389d35fc835558daef21_N.jpg\"\/><\/p>\n<p>Jornal da Tarde | 7 de novembro<\/p>\n<p>Maria do Ros\u00e1rio Palma Ramalho lembrou ainda que <b>a estes valores acresce a despesa com o aumento do complemento solid\u00e1rio para idosos, no valor de 120 milh\u00f5es de euros<\/b>, o que se traduz num <b>aumento permanente superior a mil milh\u00f5es de euros em 2026<\/b>.&#13;\n<\/p>\n<p>&#13;<br \/>\nEm resposta ao deputado socialista Miguel Cabrita, a governante disse ainda que o <b>aumento das pens\u00f5es entre 2 e 6 IAS (entre 1.045 euros e a 3.135 euros) &#8220;dever\u00e3o ter um aumento de 2,29 por cento<\/b>, ou seja, igual \u00e0 infla\u00e7\u00e3o&#8221;, pelo que a atualiza\u00e7\u00e3o \u00e9 &#8220;neutra em termos de poder de contra&#8221;.<\/p>\n<p>&#8220;<b>S\u00f3 as pens\u00f5es acima de 6 IAS \u00e9 que dever\u00e3o ficar 0,25 por cento abaixo da infla\u00e7\u00e3o&#8221;<\/b>, isto \u00e9, perdendo poder de compra, admitiu a ministra, sublinhando, no entanto, que &#8220;estas pens\u00f5es s\u00e3o um por cento das pens\u00f5es em Portugal&#8221;.<\/p>\n<p>Questionada pelo mesmo deputado sobre <b>o parecer do CES, que defende um aumento permanente das pens\u00f5es em vez de medidas pontuais<\/b>, Palma Ramalho disse que <b>o Governo est\u00e1 &#8220;em desacordo com o princ\u00edpio&#8221;<\/b> e insistiu numa atualiza\u00e7\u00e3o das pens\u00f5es seguindo a f\u00f3rmula legal.<\/p>\n<p>&#8220;N\u00f3s <b>temos que proteger todas as pens\u00f5es<\/b>. [&#8230;] Isso significa que o or\u00e7amento tem que ser, desse ponto de vista, um or\u00e7amento cuidadoso que n\u00e3o ponha em causa a sustentabilidade das contas p\u00fablicas e, nomeadamente, n\u00e3o ponha em causa a sustentabilidade de todas as pens\u00f5es, incluindo as pens\u00f5es futuras dos trabalhadores&#8221;, apontou.&#13;\n<\/p>\n<p>&#13;<br \/>\nNa mesma audi\u00e7\u00e3o parlamentar, a ministra do Trabalho salientou ent\u00e3o que, caso haja margem or\u00e7amental, o Governo voltar\u00e1 a atribuir um suplemento extraordin\u00e1rio aos reformados com rendimentos mais baixos, \u00e0 semelhan\u00e7a do que fez em 2024 e 2025.&#13;\n<\/p>\n<p>&#13;<br \/>\nO mecanismo previsto na lei para a atualiza\u00e7\u00e3o das pens\u00f5es tem por base dois indicadores: a m\u00e9dia do crescimento real do Produto Interno Bruto (PIB) dos \u00faltimos dois anos e a varia\u00e7\u00e3o m\u00e9dia dos \u00faltimos 12 meses do \u00cdndice de Pre\u00e7os no Consumidor sem habita\u00e7\u00e3o, dispon\u00edvel a 30 de novembro do ano anterior a que reporta a atualiza\u00e7\u00e3o.<br \/>&#13;<br \/>\n&#8220;B\u00f3nus pontual&#8221; na mira do PS<br \/>&#13;<br \/>\nOs socialistas vieram entretanto defender que <b>um eventual &#8220;b\u00f3nus pontual&#8221; seja transformado em aumento permanente das pens\u00f5es<\/b>.Esta \u00e9 uma das quase 100 propostas de altera\u00e7\u00e3o ao Or\u00e7amento do Estado para 2026 na especialidade agora apresentadas.<br \/>&#13;\n<\/p>\n<p>Em confer\u00eancia de imprensa no Parlamento, o l\u00edder parlamentar do PS, Eurico Brilhante Dias, deu \u00eanfase ao &#8220;aumento estrutural das pens\u00f5es de reforma&#8221;, em caso de aumento extraordin\u00e1rio pela m\u00e3o do Governo, &#8220;fazendo a convers\u00e3o do b\u00f3nus pontual num aumento permanente das pens\u00f5es&#8221;.<\/p>\n<p><b>&#8220;N\u00e3o ser\u00e1 o PS que dar\u00e1 ao Governo um \u00e1libi para ter d\u00e9fice&#8221;<\/b>, frisou o dirigente socialista, insistindo na ideia de que, ao abrigo das propostas apresentadas pelo partido, \u00e9 conservado &#8220;o excedente or\u00e7amental tal como o Governo o apresentou&#8221;.<\/p>\n<p>J\u00e1 no que toca ao ISP, caso este Imposto sobre os Produtos Petrol\u00edferos e Energ\u00e9ticos seja agravado por portaria, o Partido Socialista entende que o Governo ter\u00e1 &#8220;de vir \u00e0 Assembleia da Rep\u00fablica para que essa margem or\u00e7amental seja nomeadamente utilizada para baixar o IVA dos bens alimentares&#8221;.<br \/>&#13;\n<\/p>\n<p>&#13;<br \/>\nc\/ Lusa&#13;<\/p>\n","protected":false},"excerpt":{"rendered":"&#13; A ministra do Trabalho, Solidariedade e Seguran\u00e7a Social indicou esta sexta-feira, na Assembleia da Rep\u00fablica, que as&hellip;\n","protected":false},"author":2,"featured_media":142950,"comment_status":"","ping_status":"","sticky":false,"template":"","format":"standard","meta":{"footnotes":""},"categories":[83],"tags":[88,89,90,20153,5609,8497,4532,7707,32,33,6543,849],"class_list":{"0":"post-142949","1":"post","2":"type-post","3":"status-publish","4":"format-standard","5":"has-post-thumbnail","7":"category-empresas","8":"tag-business","9":"tag-economy","10":"tag-empresas","11":"tag-folga","12":"tag-ministra","13":"tag-orcamento-do-estado","14":"tag-parlamento","15":"tag-pensoes","16":"tag-portugal","17":"tag-pt","18":"tag-solidariedade","19":"tag-trabalho"},"share_on_mastodon":{"url":"https:\/\/pubeurope.com\/@pt\/115508848079012630","error":""},"_links":{"self":[{"href":"https:\/\/www.europesays.com\/pt\/wp-json\/wp\/v2\/posts\/142949","targetHints":{"allow":["GET"]}}],"collection":[{"href":"https:\/\/www.europesays.com\/pt\/wp-json\/wp\/v2\/posts"}],"about":[{"href":"https:\/\/www.europesays.com\/pt\/wp-json\/wp\/v2\/types\/post"}],"author":[{"embeddable":true,"href":"https:\/\/www.europesays.com\/pt\/wp-json\/wp\/v2\/users\/2"}],"replies":[{"embeddable":true,"href":"https:\/\/www.europesays.com\/pt\/wp-json\/wp\/v2\/comments?post=142949"}],"version-history":[{"count":0,"href":"https:\/\/www.europesays.com\/pt\/wp-json\/wp\/v2\/posts\/142949\/revisions"}],"wp:featuredmedia":[{"embeddable":true,"href":"https:\/\/www.europesays.com\/pt\/wp-json\/wp\/v2\/media\/142950"}],"wp:attachment":[{"href":"https:\/\/www.europesays.com\/pt\/wp-json\/wp\/v2\/media?parent=142949"}],"wp:term":[{"taxonomy":"category","embeddable":true,"href":"https:\/\/www.europesays.com\/pt\/wp-json\/wp\/v2\/categories?post=142949"},{"taxonomy":"post_tag","embeddable":true,"href":"https:\/\/www.europesays.com\/pt\/wp-json\/wp\/v2\/tags?post=142949"}],"curies":[{"name":"wp","href":"https:\/\/api.w.org\/{rel}","templated":true}]}}