{"id":142951,"date":"2025-11-07T14:18:17","date_gmt":"2025-11-07T14:18:17","guid":{"rendered":"https:\/\/www.europesays.com\/pt\/142951\/"},"modified":"2025-11-07T14:18:17","modified_gmt":"2025-11-07T14:18:17","slug":"ataque-selvagem-no-libano-israel-alega-desarmamento-do-hezbollah","status":"publish","type":"post","link":"https:\/\/www.europesays.com\/pt\/142951\/","title":{"rendered":"Ataque &#8220;selvagem&#8221; no L\u00edbano. Israel alega desarmamento do Hezbollah"},"content":{"rendered":"<p>                As for\u00e7as israelitas confirmaram ter bombardeado tr\u00eas cidades no sul do L\u00edbano, na quinta-feira, atacando dep\u00f3sitos de armas e instala\u00e7\u00f5es da For\u00e7a Radwan, a unidade de elite do grupo xiita Hezbollah.<b> Ataques que o Ir\u00e3o, que apoia o movimento armado liban\u00eas, condenou e descreveu como \u201cselvagens\u201d.<\/b><\/p>\n<p>O Minist\u00e9rio iraniano dos Neg\u00f3cios Estrangeiros <b>apelou \u00e0 \u201cNa\u00e7\u00f5es Unidas, \u00e0 comunidade internacional e aos pa\u00edses da regi\u00e3o que confrontem a beliger\u00e2ncia de Israel\u201d.<\/b><\/p>\n<p>Com avi\u00f5es de guerra, Israel atacou as cidades libanesas de Kfar Dounime, Tayr Debba e Zawtar al-Sharquiya, apesar do acordo de cessar-fogo com o Hezbollah que est\u00e1 em vigor h\u00e1 quase um ano. As for\u00e7as israelitas alertaram, horas antes, as popula\u00e7\u00f5es dessas regi\u00f5es do sul do L\u00edbano para que se retirassem.<\/p>\n<p><b>\u201cAs instala\u00e7\u00f5es estavam localizadas em bairros residenciais, mais um exemplo do Hezbollah a colocar civis libaneses em risco ao us\u00e1-los como escudos humanos\u201d<\/b>, acusaram os militares israelitas na rede social X, acrescentando que foram tomadas medidas para mitigar os danos para as popula\u00e7\u00f5es.<\/p>\n<p>Na mesma mensagem, o ex\u00e9rcito israelita justifica que <b>\u201cas infraestruturas terroristas e os dep\u00f3sitos de armas atingidos violam os entendimentos entre Israel e o L\u00edbano\u201d, referindo-se ao cessar-fogo em vigor desde novembro de 2024.<\/b><\/p>\n<p>As for\u00e7as israelitas tinham anunciado anteriormente que estavam a preparar ataques contra alvos do Hezbollah no sul do L\u00edbano, ap\u00f3s o grupo xiita reivindicar o direito \u00e0 defesa e rejeitar negocia\u00e7\u00f5es entre Beirute e Telavive. <b>Israel reivindicou os bombardeamentos \u201cem resposta \u00e0s tentativas proibidas da organiza\u00e7\u00e3o de retomar as opera\u00e7\u00f5es na regi\u00e3o\u201d.<\/b><\/p>\n<p>O Centro de Opera\u00e7\u00f5es de Emerg\u00eancia do Minist\u00e9rio da Sa\u00fade P\u00fablica do L\u00edbano confirmou que uma pessoa ficou ferida em Tayr Debba, sem confirma\u00e7\u00e3o de v\u00edtimas mortais.<br \/>&#13;<br \/>\nIsrael responde com agress\u00e3o \u00e0 oferta de di\u00e1logo<br \/>&#13;<br \/>\nO ex\u00e9rcito liban\u00eas considerou que<b> os ataques israelitas visavam &#8220;impedir a conclus\u00e3o&#8221; do destacamento na regi\u00e3o, em conformidade com o acordo de cessar-fogo que p\u00f4s fim \u00e0 guerra entre o Hezbollah e Israel a 27 de novembro de 2024.<\/b><\/p>\n<p>O Hezbollah, que afirma respeitar o acordo, foi severamente enfraquecido pela guerra. Israel intensificou seus ataques no L\u00edbano nas \u00faltimas semanas, alegando que deseja impedir o movimento isl\u00e2mico de reconstruir sua infraestrutura.<\/p>\n<p>O presidente liban\u00eas acusou Israel de responder com agress\u00e3o \u00e0 disponibilidade para negocia\u00e7\u00f5es.<\/p>\n<p><b>&#8220;Quanto mais o L\u00edbano expressa a sua disponibilidade para negocia\u00e7\u00f5es pac\u00edficas, a fim de resolver as quest\u00f5es pendentes com Israel, mais Israel continua a sua agress\u00e3o contra a soberania libanesa\u201d<\/b>, criticou Joseph Aoun.<\/p>\n<p>Em comunicado, <b>o l\u00edder liban\u00eas lamentou que Israel mant\u00e9m \u201cdesprezo pela resolu\u00e7\u00e3o 1701 do Conselho de Seguran\u00e7a\u201d da ONU e \u201ccontinua a violar as suas obriga\u00e7\u00f5es ao abrigo do acordo de cessar-fogo\u201d, em vigor desde novembro de 2024 e que suspendeu as hostilidades entre as for\u00e7as israelitas e o grupo xiita liban\u00eas apoiado pelo Ir\u00e3o.<\/b><\/p>\n<p>Ainda segundo Aoun, <b>estes bombardeamentos s\u00e3o um &#8220;crime total&#8221;, tanto ao n\u00edvel pol\u00edtico como em rela\u00e7\u00e3o ao direito internacional humanit\u00e1rio, que pro\u00edbe causar o p\u00e2nico entre a popula\u00e7\u00e3o civil e obrig\u00e1-la a abandonar as suas casas.<\/b><\/p>\n<p>Numa carta aberta \u00e0 popula\u00e7\u00e3o e aos l\u00edderes libaneses, o Hezbollah justificou a recusa do di\u00e1logo com a alegada tentativa de Israel de arrastar o L\u00edbano para um acordo que \u201cn\u00e3o serve o interesse nacional\u201d.<br \/>&#13;<br \/>\nONU pede respeito por tr\u00e9guas<br \/>&#13;<br \/>\n<b>Nos termos do acordo de tr\u00e9guas assinado no ano passado, o Hezbollah deve desarmar-se, ambas as partes devem cessar os ataques m\u00fatuos e Israel deve retirar-se do territ\u00f3rio liban\u00eas. Contudo, Israel ainda mant\u00e9m cinco posi\u00e7\u00f5es no L\u00edbano.<\/b><\/p>\n<p>O secret\u00e1rio-geral das Na\u00e7\u00f5es Unidas (ONU) apelou ao respeito pelo cessar-fogo no L\u00edbano, ap\u00f3s as for\u00e7as de Israel terem bombardeado alegados alvos do grupo xiita Hezbollah no sul do pa\u00eds.<\/p>\n<p><b>&#8220;Instamos mais uma vez as partes a respeitarem a cessa\u00e7\u00e3o das hostilidades e a absterem-se de qualquer ato ou atividade que possa p\u00f4r em risco a popula\u00e7\u00e3o civil<\/b>&#8220;, disse ainda na quinta-feira Farhan Haq, porta-voz de Ant\u00f3nio Guterres.<\/p>\n<p>O porta-voz confirmou que a ONU recebeu &#8220;relatos de ataques a\u00e9reos israelitas no sul do L\u00edbano, incluindo na \u00e1rea de opera\u00e7\u00f5es&#8221; da For\u00e7a Interina das Na\u00e7\u00f5es Unidas no L\u00edbano (FINUL).<\/p>\n<p>Do M\u00e9dio Oriente surgem rea\u00e7\u00f5es de rep\u00fadio destes ataques. <b>Tanto o movimento islamita palestiniano Hamas e a Jihad Isl\u00e2mica condenaram a vaga de ataques israelitas no sul do L\u00edbano pelo ex\u00e9rcito israelita. <\/b><\/p>\n<p>Em comunicado, <b>o Hamas condenou os ataques e declarou &#8220;total solidariedade para com o L\u00edbano, o seu Estado, o seu povo e a resist\u00eancia\u201d, <\/b>numa refer\u00eancia ao Hezbollah, que tal como o movimento palestiniano \u00e9 apoiado militar e financeiramente pelo Ir\u00e3o.<\/p>\n<p><b>&#8220;O inimigo n\u00e3o conseguir\u00e1 quebrar a vontade da resist\u00eancia nem impor o seu projeto expansionista face \u00e0 firmeza dos povos da regi\u00e3o&#8221;<\/b>, proclama o movimento, considerado terrorista por Israel e grande parte dos pa\u00edses ocidentais.<\/p>\n<p>Tamb\u00e9m envolvida nos ataques de outubro de 2023 contra Israel, <b>a Jihad Isl\u00e2mica enfatizou que os ataques violam o direito internacional e o acordo de cessar-fogo no L\u00edbano, e &#8220;representam uma continua\u00e7\u00e3o da pol\u00edtica sistem\u00e1tica de opress\u00e3o que a ocupa\u00e7\u00e3o [israelita] aplica\u201d contra o pa\u00eds-vizinho.<\/b><\/p>\n<p>&#13;<br \/>\nO Hezbollah integra o chamado eixo da resist\u00eancia apoiado por Teer\u00e3o e envolveu-se em hostilidades militares com Israel, logo ap\u00f3s o in\u00edcio da guerra na Faixa de Gaza, em outubro de 2023, em apoio do aliado palestiniano Hamas.&#13;\n<\/p>\n<p>&#13;<br \/>\nc\/ ag\u00eancias&#13;<\/p>\n","protected":false},"excerpt":{"rendered":"As for\u00e7as israelitas confirmaram ter bombardeado tr\u00eas cidades no sul do L\u00edbano, na quinta-feira, atacando dep\u00f3sitos de armas&hellip;\n","protected":false},"author":2,"featured_media":142952,"comment_status":"","ping_status":"","sticky":false,"template":"","format":"standard","meta":{"footnotes":""},"categories":[50],"tags":[27,28,15,16,14,25,26,21,22,62,12,13,19,20,23,24,420,421,17,18,29,30,31,63,64,65],"class_list":{"0":"post-142951","1":"post","2":"type-post","3":"status-publish","4":"format-standard","5":"has-post-thumbnail","7":"category-mundo","8":"tag-breaking-news","9":"tag-breakingnews","10":"tag-featured-news","11":"tag-featurednews","12":"tag-headlines","13":"tag-latest-news","14":"tag-latestnews","15":"tag-main-news","16":"tag-mainnews","17":"tag-mundo","18":"tag-news","19":"tag-noticias","20":"tag-noticias-principais","21":"tag-noticiasprincipais","22":"tag-principais-noticias","23":"tag-principaisnoticias","24":"tag-rtp","25":"tag-rtp-noticias","26":"tag-top-stories","27":"tag-topstories","28":"tag-ultimas","29":"tag-ultimas-noticias","30":"tag-ultimasnoticias","31":"tag-world","32":"tag-world-news","33":"tag-worldnews"},"share_on_mastodon":{"url":"https:\/\/pubeurope.com\/@pt\/115508851863328204","error":""},"_links":{"self":[{"href":"https:\/\/www.europesays.com\/pt\/wp-json\/wp\/v2\/posts\/142951","targetHints":{"allow":["GET"]}}],"collection":[{"href":"https:\/\/www.europesays.com\/pt\/wp-json\/wp\/v2\/posts"}],"about":[{"href":"https:\/\/www.europesays.com\/pt\/wp-json\/wp\/v2\/types\/post"}],"author":[{"embeddable":true,"href":"https:\/\/www.europesays.com\/pt\/wp-json\/wp\/v2\/users\/2"}],"replies":[{"embeddable":true,"href":"https:\/\/www.europesays.com\/pt\/wp-json\/wp\/v2\/comments?post=142951"}],"version-history":[{"count":0,"href":"https:\/\/www.europesays.com\/pt\/wp-json\/wp\/v2\/posts\/142951\/revisions"}],"wp:featuredmedia":[{"embeddable":true,"href":"https:\/\/www.europesays.com\/pt\/wp-json\/wp\/v2\/media\/142952"}],"wp:attachment":[{"href":"https:\/\/www.europesays.com\/pt\/wp-json\/wp\/v2\/media?parent=142951"}],"wp:term":[{"taxonomy":"category","embeddable":true,"href":"https:\/\/www.europesays.com\/pt\/wp-json\/wp\/v2\/categories?post=142951"},{"taxonomy":"post_tag","embeddable":true,"href":"https:\/\/www.europesays.com\/pt\/wp-json\/wp\/v2\/tags?post=142951"}],"curies":[{"name":"wp","href":"https:\/\/api.w.org\/{rel}","templated":true}]}}