{"id":142955,"date":"2025-11-07T14:20:35","date_gmt":"2025-11-07T14:20:35","guid":{"rendered":"https:\/\/www.europesays.com\/pt\/142955\/"},"modified":"2025-11-07T14:20:35","modified_gmt":"2025-11-07T14:20:35","slug":"partidos-aceleram-e-propostas-de-alteracao-ao-orcamento-do-estado-2026-ja-ultrapassam-as-mil-diario-de-noticias","status":"publish","type":"post","link":"https:\/\/www.europesays.com\/pt\/142955\/","title":{"rendered":"Partidos aceleram e propostas de altera\u00e7\u00e3o ao Or\u00e7amento do Estado 2026 j\u00e1 ultrapassam as mil &#8211; Di\u00e1rio de Not\u00edcias"},"content":{"rendered":"<ol>\n<li><a href=\"https:\/\/news.google.com\/rss\/articles\/CBMivAFBVV95cUxQZ2ZfNlMyYkpnckM5bWxCVDRtOGVkRjNFenRWVG1wYWUzRm9ZcDctMGtHcmpZY1RfU1VkMlNxR19ERkR2YkpmX2V3NWhscGhhLS1WdTZRLUhIcDJ3SGkxT3RIcTZUcTQ1Tnhpdll1bFJzUkZXUnAxZ2FGUkc4dldnNFRZNmdoell2NVlRVVVLRktBaHJUOTlyaUlERlpmR2lSU0pEc1lRQU83eDlQRGp2a0ZCODZBUjJiLWtuVA?oc=5\" target=\"_blank\" rel=\"nofollow noopener\">Partidos aceleram e propostas de altera\u00e7\u00e3o ao Or\u00e7amento do Estado 2026 j\u00e1 ultrapassam as mil<\/a>&nbsp;&nbsp;Di\u00e1rio de Not\u00edcias<\/li>\n<li><a href=\"https:\/\/news.google.com\/rss\/articles\/CBMixgFBVV95cUxPUk5ib0t1d0pmbmwweXFJUXoyTjc4aGVaWUpoZzFNakZXRTU3WjFrT2JhTjRMTUR3eVJVMmN1SWJrd1ctWDVtUGpaNEwwYllpRHgzc2tyaUZfZGRrMGN0VzFqQnpLdHpIdHZzMlN6LTFNZDhvV3NKQXVkcFpsREJMbHQ1YkRoLTZzV1hBdGRiQVctYTh2QTZXUW44ZmhoRjkxdUNFVlB6bFVQQUZndUhRdFRBby0weVNnaFFFSmRHY3RfcjJfOFE?oc=5\" target=\"_blank\" rel=\"nofollow noopener\">Quase 1.100 sobre a mesa. Prazo para propostas de altera\u00e7\u00e3o ao Or\u00e7amento a terminar<\/a>&nbsp;&nbsp;RTP<\/li>\n<li><a href=\"https:\/\/news.google.com\/rss\/articles\/CBMirAFBVV95cUxQblRDa1V1c3N5amExc2ZEdXRILWlnNWVXVkJCN1RqeG12OThYVlVJWHQ1ekcxN0d1bExiMk5Ic3FoelU3T1NCTG8wNGZOREh6SVRVd3c5U0RaRU5rUW9BVnFodUt2QjFtdTN2TFdNTkN2a2FKUU9jWU1QRzNGcG52VVV4YWgyMEI4YWd5UUVhQVlJNUh5RHNVMUNfQjVnTFFaX0tNeTR5NFZKaWt6?oc=5\" target=\"_blank\" rel=\"nofollow noopener\">OE2026. PCP prop\u00f5e sal\u00e1rio m\u00ednimo de 1.050 euros e aumento de 5% das pens\u00f5es<\/a>&nbsp;&nbsp;Observador<\/li>\n<li><a href=\"https:\/\/news.google.com\/rss\/articles\/CBMikAJBVV95cUxNNHdQRnJOSm1CLWJ4TXpnVkhnZjNWUW5waXJiN09fM3FWQk9iS3FYUFlCQzlLYjE3TFRyVVdrYnJNYlZ4M0RiQnJfNTlpXzhTbTVoNnR2YURUWFNCbG9Dd0wxQ1JDR1ZNODBjb2JPdDNSNWdGUDg2SVhpRGpWcXFGM2JpMnRKZHhhWkhHajZoejJzclRTdDRMaV9SVUpFbl90cDhtRHdLcHVBWmNYVWh1WXhVWDlHTEF2c0R0U3JIb0tJQUtKdHdobGpjNFRvOWtPUlJET3RQbWVKZHVIc3BEZFZYWnJJcWNyMkhlUF9YOHJuRjREdVFnYndaQnNVMmdGMkVUY3FBSlkzRzNocVlpdA?oc=5\" target=\"_blank\" rel=\"nofollow noopener\">Aumentos de pens\u00f5es e descidas de impostos: o que querem os partidos mudar no Or\u00e7amento do Estado?<\/a>&nbsp;&nbsp;Expresso<\/li>\n<li><a href=\"https:\/\/news.google.com\/rss\/articles\/CBMiSEFVX3lxTE51UGIzZUh3QkhFUFYzOXdVLUxXb2h1dUZGcURwekJNT0ZUWC1PUF9YWlkxd2RGdEoyT29kNGZEelc2Z1NqNHBpUA?oc=5\" target=\"_blank\" rel=\"nofollow noopener\">PCP apresenta 15 propostas para a justi\u00e7a fiscal e o interesse nacional<\/a>&nbsp;&nbsp;Partido Comunista Portugu\u00eas<\/li>\n<\/ol>\n","protected":false},"excerpt":{"rendered":"Partidos aceleram e propostas de altera\u00e7\u00e3o ao Or\u00e7amento do Estado 2026 j\u00e1 ultrapassam as mil&nbsp;&nbsp;Di\u00e1rio de Not\u00edcias Quase&hellip;\n","protected":false},"author":2,"featured_media":142956,"comment_status":"","ping_status":"","sticky":false,"template":"","format":"standard","meta":{"footnotes":""},"categories":[8],"tags":[454,27,28,1736,31577,306,15,16,14,26513,12380,25,26,453,21,22,12,13,19,20,25282,31578,452,15086,3596,32,23,24,33,117,17,18,29,30,31],"class_list":{"0":"post-142955","1":"post","2":"type-post","3":"status-publish","4":"format-standard","5":"has-post-thumbnail","7":"category-principais-noticias","8":"tag-bloco-de-esquerda","9":"tag-breaking-news","10":"tag-breakingnews","11":"tag-chega","12":"tag-cooperativas-de-habitacao","13":"tag-edicao-impressa","14":"tag-featured-news","15":"tag-featurednews","16":"tag-headlines","17":"tag-irc","18":"tag-jpp","19":"tag-latest-news","20":"tag-latestnews","21":"tag-livre","22":"tag-main-news","23":"tag-mainnews","24":"tag-news","25":"tag-noticias","26":"tag-noticias-principais","27":"tag-noticiasprincipais","28":"tag-oe-2026","29":"tag-orcamento-de-estado-2026","30":"tag-pan","31":"tag-partido-socialista","32":"tag-pcp","33":"tag-portugal","34":"tag-principais-noticias","35":"tag-principaisnoticias","36":"tag-pt","37":"tag-saude","38":"tag-top-stories","39":"tag-topstories","40":"tag-ultimas","41":"tag-ultimas-noticias","42":"tag-ultimasnoticias"},"share_on_mastodon":{"url":"","error":"Validation failed: Text character limit of 500 exceeded"},"_links":{"self":[{"href":"https:\/\/www.europesays.com\/pt\/wp-json\/wp\/v2\/posts\/142955","targetHints":{"allow":["GET"]}}],"collection":[{"href":"https:\/\/www.europesays.com\/pt\/wp-json\/wp\/v2\/posts"}],"about":[{"href":"https:\/\/www.europesays.com\/pt\/wp-json\/wp\/v2\/types\/post"}],"author":[{"embeddable":true,"href":"https:\/\/www.europesays.com\/pt\/wp-json\/wp\/v2\/users\/2"}],"replies":[{"embeddable":true,"href":"https:\/\/www.europesays.com\/pt\/wp-json\/wp\/v2\/comments?post=142955"}],"version-history":[{"count":0,"href":"https:\/\/www.europesays.com\/pt\/wp-json\/wp\/v2\/posts\/142955\/revisions"}],"wp:featuredmedia":[{"embeddable":true,"href":"https:\/\/www.europesays.com\/pt\/wp-json\/wp\/v2\/media\/142956"}],"wp:attachment":[{"href":"https:\/\/www.europesays.com\/pt\/wp-json\/wp\/v2\/media?parent=142955"}],"wp:term":[{"taxonomy":"category","embeddable":true,"href":"https:\/\/www.europesays.com\/pt\/wp-json\/wp\/v2\/categories?post=142955"},{"taxonomy":"post_tag","embeddable":true,"href":"https:\/\/www.europesays.com\/pt\/wp-json\/wp\/v2\/tags?post=142955"}],"curies":[{"name":"wp","href":"https:\/\/api.w.org\/{rel}","templated":true}]}}