{"id":142959,"date":"2025-11-07T14:24:12","date_gmt":"2025-11-07T14:24:12","guid":{"rendered":"https:\/\/www.europesays.com\/pt\/142959\/"},"modified":"2025-11-07T14:24:12","modified_gmt":"2025-11-07T14:24:12","slug":"marisa-susana-apanha-detalhe-que-pode-revelar-o-grande-segredo-do-casal","status":"publish","type":"post","link":"https:\/\/www.europesays.com\/pt\/142959\/","title":{"rendered":"Marisa Susana apanha detalhe que pode revelar o grande segredo do casal"},"content":{"rendered":"<p>No Secret Story, Pedro Jorge pode ter-se tra\u00eddo em direto: Marisa Susana apanha detalhe que pode revelar o grande segredo do casal, no jogo.<\/p>\n<p>Tens\u00e3o aumenta com o segredo de Marisa e Pedro Jorge<\/p>\n<p>O ambiente na <strong>\u201cCasa dos Segredos 9\u201d<\/strong> est\u00e1 cada vez mais tenso, especialmente com o <strong>mist\u00e9rio em torno de Marisa e Pedro Jorge<\/strong>, que parece prestes a ser desvendado. Na noite desta quinta-feira, 6 de novembro, uma simples conversa acabou por levantar novas suspeitas e p\u00f4r o casal novamente em destaque.<\/p>\n<p>Leandro lan\u00e7a palpite\u2026 e Pedro Jorge fala demais<\/p>\n<p>Durante uma troca de ideias sobre poss\u00edveis segredos, <strong>Leandro<\/strong> arriscou uma teoria ousada sobre os colegas.<br \/><strong>\u201cOuve l\u00e1, ent\u00e3o tu \u00e9s o pai e ela est\u00e1 gr\u00e1vida? Pode ser assim: eu sou o pai de uma gr\u00e1vida.\u201d<\/strong>, atirou o concorrente, em tom de brincadeira.<\/p>\n<p>Por\u00e9m, a rea\u00e7\u00e3o de <strong>Pedro Jorge<\/strong> acabou por surpreender todos e levantar d\u00favidas sobre se o concorrente ter\u00e1, sem querer, revelado mais do que devia.<br \/><strong>\u201cQuem? Eu j\u00e1 te disse que tenho um segredo individual e a Marisa tem outro.\u201d<\/strong>, respondeu, sem se aperceber do deslize.<\/p>\n<p>\u201cComo \u00e9 que sabes que ela tem outro?\u201d<\/p>\n<p>A observa\u00e7\u00e3o n\u00e3o passou despercebida a <strong>Marisa Susana<\/strong>, que tem sido uma das concorrentes mais atentas dentro da casa. Rapidamente, ela confrontou Pedro Jorge sobre o coment\u00e1rio.<br \/><strong>\u201cEnt\u00e3o como \u00e9 que tu sabes que ela tem outro?\u201d<\/strong>, questionou, mostrando desconfian\u00e7a.<\/p>\n<p>Pedro tentou corrigir-se e disfar\u00e7ar a situa\u00e7\u00e3o, respondendo de forma apressada:<br \/><strong>\u201cN\u00e3o sei se tem outro.\u201d<\/strong><\/p>\n<p>Contudo, o mal j\u00e1 estava feito. Marisa Susana insistiu, analisando o tom e a forma como Pedro falou.<br \/><strong>\u201cMas acabaste de referir: eu tenho um e ela tem outro. Claro que ela tem um e tu tens outro. Mas disseste de uma maneira que parecia: eu sei que ela tem outro. Como \u00e9 que sabes que ela tem outro?\u201d<\/strong>, insistiu, lan\u00e7ando o alerta entre os colegas.<\/p>\n<p>Veja este momento <a href=\"https:\/\/tvi.iol.pt\/secretstory\/videos\/pedro-descai-se-a-declaracao-inedita-sobre-marisa-que-acabou-com-as-duvidas-de-leandro-e-marisa-susana\/690dac9c0cf2559133760641\" rel=\"nofollow noopener\" target=\"_blank\">AQUI<\/a>.<\/p>\n<p><a href=\"https:\/\/news.google.com\/publications\/CAAqBwgKMKfIoAswtNK4Aw\" target=\"_blank\" rel=\"noopener noreferrer nofollow\"><img loading=\"lazy\" data-lazyloaded=\"1\" width=\"481\" height=\"161\" decoding=\"async\" src=\"\/wp-content\/uploads\/2024\/02\/GN_siganos.png\" alt=\"Siga-nos no Google News\" style=\"margin-top:20px;\"\/><\/a><\/p>\n","protected":false},"excerpt":{"rendered":"No Secret Story, Pedro Jorge pode ter-se tra\u00eddo em direto: Marisa Susana apanha detalhe que pode revelar o&hellip;\n","protected":false},"author":2,"featured_media":142960,"comment_status":"","ping_status":"","sticky":false,"template":"","format":"standard","meta":{"footnotes":""},"categories":[142],"tags":[2632,114,115,19153,21416,32,33,151],"class_list":{"0":"post-142959","1":"post","2":"type-post","3":"status-publish","4":"format-standard","5":"has-post-thumbnail","7":"category-tv","8":"tag-casa-dos-segredos","9":"tag-entertainment","10":"tag-entretenimento","11":"tag-marisa-susana","12":"tag-pedro-jorge","13":"tag-portugal","14":"tag-pt","15":"tag-tv"},"share_on_mastodon":{"url":"https:\/\/pubeurope.com\/@pt\/115508875659451365","error":""},"_links":{"self":[{"href":"https:\/\/www.europesays.com\/pt\/wp-json\/wp\/v2\/posts\/142959","targetHints":{"allow":["GET"]}}],"collection":[{"href":"https:\/\/www.europesays.com\/pt\/wp-json\/wp\/v2\/posts"}],"about":[{"href":"https:\/\/www.europesays.com\/pt\/wp-json\/wp\/v2\/types\/post"}],"author":[{"embeddable":true,"href":"https:\/\/www.europesays.com\/pt\/wp-json\/wp\/v2\/users\/2"}],"replies":[{"embeddable":true,"href":"https:\/\/www.europesays.com\/pt\/wp-json\/wp\/v2\/comments?post=142959"}],"version-history":[{"count":0,"href":"https:\/\/www.europesays.com\/pt\/wp-json\/wp\/v2\/posts\/142959\/revisions"}],"wp:featuredmedia":[{"embeddable":true,"href":"https:\/\/www.europesays.com\/pt\/wp-json\/wp\/v2\/media\/142960"}],"wp:attachment":[{"href":"https:\/\/www.europesays.com\/pt\/wp-json\/wp\/v2\/media?parent=142959"}],"wp:term":[{"taxonomy":"category","embeddable":true,"href":"https:\/\/www.europesays.com\/pt\/wp-json\/wp\/v2\/categories?post=142959"},{"taxonomy":"post_tag","embeddable":true,"href":"https:\/\/www.europesays.com\/pt\/wp-json\/wp\/v2\/tags?post=142959"}],"curies":[{"name":"wp","href":"https:\/\/api.w.org\/{rel}","templated":true}]}}