{"id":142968,"date":"2025-11-07T14:32:12","date_gmt":"2025-11-07T14:32:12","guid":{"rendered":"https:\/\/www.europesays.com\/pt\/142968\/"},"modified":"2025-11-07T14:32:12","modified_gmt":"2025-11-07T14:32:12","slug":"nada-a-negociar-com-patrao-da-plataforma-chinesa-shein-avisa-governo-frances","status":"publish","type":"post","link":"https:\/\/www.europesays.com\/pt\/142968\/","title":{"rendered":"\u201cNada a negociar\u201d com patr\u00e3o da plataforma chinesa Shein, avisa governo franc\u00eas"},"content":{"rendered":"<p>        A empresa chinesa de revenda de artigos de moda e acess\u00f3rios na Internet enfrenta um processo de cancelamento da atividade em Fran\u00e7a ap\u00f3s a descoberta de bonecas sexuais com apar\u00eancia infantil e armas de categoria \u2018A\u2019 no seu s\u00edtio \u2018online\u2019.    <\/p>\n<p>People shop at the Shein Holiday pop-up shop inside of Times Squares Forever 21 in New York City, U.S., November 10, 2023.REUTERS\/David \u2018Dee\u2019 Delgado<\/p>\n<p>O ministro do Com\u00e9rcio franc\u00eas, Serge Papin, recusou hoje quaisquer negocia\u00e7\u00f5es com o dono da plataforma asi\u00e1tica de com\u00e9rcio eletr\u00f3nico Shein, depois de aquele empres\u00e1rio o ter solicitado, por escrito.<\/p>\n<p class=\"text-paragraph\">\u201cPor ora, n\u00e3o tenho absolutamente nenhuma inten\u00e7\u00e3o de me encontrar com ele. Temos de ser firmes. Temos de nos proteger\u201d, disse, referindo-se aos efeitos nocivos de uma companhia que enfrenta um processo de suspens\u00e3o, em declara\u00e7\u00f5es \u00e0 r\u00e1dio RMC.<\/p>\n<p class=\"text-paragraph\">Al\u00e9m do pedido a Papin, o presidente da Shein, Donald Tang, viu tamb\u00e9m recusada uma reuni\u00e3o com a ministra das Finan\u00e7as francesa, Am\u00e9lie de Montchalin.<\/p>\n<p class=\"text-paragraph\">\u201cEstamos num processo que envolve a suspens\u00e3o do \u2018site\u2019 (s\u00edtio na Internet), um procedimento legal e um procedimento europeu. Faremos tudo de acordo com os procedimentos\u201d, disse Montchalin ao canal Franceinfo.<\/p>\n<p class=\"text-paragraph\">A empresa chinesa de revenda de artigos de moda e acess\u00f3rios na Internet enfrenta um processo de cancelamento da atividade em Fran\u00e7a ap\u00f3s a descoberta de bonecas sexuais com apar\u00eancia infantil e armas de categoria \u2018A\u2019 no seu s\u00edtio \u2018online\u2019.<\/p>\n<p class=\"text-paragraph\">Em resposta, o grupo empresarial, fundado na China, mas com sede em Singapura, suspendeu \u201ctemporariamente\u201d as vendas no seu \u2018site\u2019 franc\u00eas por revendedores em segunda m\u00e3o, assim como venda de produtos que n\u00e3o roupa.<\/p>\n<p class=\"text-paragraph\">Papin declarou que \u201ca Shein de hoje n\u00e3o tem nada a ver com a Shein de quarta-feira\u201d, depois de terem sido tomadas aquelas medidas de mitiga\u00e7\u00e3o.<\/p>\n<p class=\"text-paragraph\">Por\u00e9m, numa opera\u00e7\u00e3o de fiscaliza\u00e7\u00e3o, na quinta-feira, no Aeroporto Roissy-Charles de Gaulle (norte de Paris), funcion\u00e1rios alfandeg\u00e1rios inspecionaram pacotes de encomendas da Shein e foram descobertos produtos que \u201cn\u00e3o estavam em conformidade com os padr\u00f5es\u201d e outros \u201cdestinados ao tr\u00e1fico il\u00edcito\u201d, segundo o ministro.<\/p>\n<p class=\"text-paragraph\">A Shein tem at\u00e9 hoje \u00e0 noite para adequar seu \u2018site\u2019 \u00e0s normas, de acordo com o procedimento de 48 horas iniciado na quarta-feira pelo governo franc\u00eas e supervisionado pela Dire\u00e7\u00e3o-Geral de Pol\u00edtica da Concorr\u00eancia, Assuntos do Consumidor e Controle de Fraudes (DGCCRF) francesa.<\/p>\n","protected":false},"excerpt":{"rendered":"A empresa chinesa de revenda de artigos de moda e acess\u00f3rios na Internet enfrenta um processo de cancelamento&hellip;\n","protected":false},"author":2,"featured_media":31537,"comment_status":"","ping_status":"","sticky":false,"template":"","format":"standard","meta":{"footnotes":""},"categories":[50],"tags":[27,28,15,16,14,25,26,21,22,62,12,13,19,20,23,24,10276,17,18,29,30,31,63,64,65],"class_list":{"0":"post-142968","1":"post","2":"type-post","3":"status-publish","4":"format-standard","5":"has-post-thumbnail","7":"category-mundo","8":"tag-breaking-news","9":"tag-breakingnews","10":"tag-featured-news","11":"tag-featurednews","12":"tag-headlines","13":"tag-latest-news","14":"tag-latestnews","15":"tag-main-news","16":"tag-mainnews","17":"tag-mundo","18":"tag-news","19":"tag-noticias","20":"tag-noticias-principais","21":"tag-noticiasprincipais","22":"tag-principais-noticias","23":"tag-principaisnoticias","24":"tag-shein","25":"tag-top-stories","26":"tag-topstories","27":"tag-ultimas","28":"tag-ultimas-noticias","29":"tag-ultimasnoticias","30":"tag-world","31":"tag-world-news","32":"tag-worldnews"},"share_on_mastodon":{"url":"https:\/\/pubeurope.com\/@pt\/115508906903198480","error":""},"_links":{"self":[{"href":"https:\/\/www.europesays.com\/pt\/wp-json\/wp\/v2\/posts\/142968","targetHints":{"allow":["GET"]}}],"collection":[{"href":"https:\/\/www.europesays.com\/pt\/wp-json\/wp\/v2\/posts"}],"about":[{"href":"https:\/\/www.europesays.com\/pt\/wp-json\/wp\/v2\/types\/post"}],"author":[{"embeddable":true,"href":"https:\/\/www.europesays.com\/pt\/wp-json\/wp\/v2\/users\/2"}],"replies":[{"embeddable":true,"href":"https:\/\/www.europesays.com\/pt\/wp-json\/wp\/v2\/comments?post=142968"}],"version-history":[{"count":0,"href":"https:\/\/www.europesays.com\/pt\/wp-json\/wp\/v2\/posts\/142968\/revisions"}],"wp:featuredmedia":[{"embeddable":true,"href":"https:\/\/www.europesays.com\/pt\/wp-json\/wp\/v2\/media\/31537"}],"wp:attachment":[{"href":"https:\/\/www.europesays.com\/pt\/wp-json\/wp\/v2\/media?parent=142968"}],"wp:term":[{"taxonomy":"category","embeddable":true,"href":"https:\/\/www.europesays.com\/pt\/wp-json\/wp\/v2\/categories?post=142968"},{"taxonomy":"post_tag","embeddable":true,"href":"https:\/\/www.europesays.com\/pt\/wp-json\/wp\/v2\/tags?post=142968"}],"curies":[{"name":"wp","href":"https:\/\/api.w.org\/{rel}","templated":true}]}}