{"id":142975,"date":"2025-11-07T14:36:09","date_gmt":"2025-11-07T14:36:09","guid":{"rendered":"https:\/\/www.europesays.com\/pt\/142975\/"},"modified":"2025-11-07T14:36:09","modified_gmt":"2025-11-07T14:36:09","slug":"jamais-adivinhara-a-antiga-palavra-passe-do-louvre-vai-adivinhar-com-certeza","status":"publish","type":"post","link":"https:\/\/www.europesays.com\/pt\/142975\/","title":{"rendered":"Jamais adivinhar\u00e1 a antiga palavra-passe do Louvre (vai adivinhar com certeza)"},"content":{"rendered":"<p>\t                Novo relat\u00f3rio s\u00f3 vem juntar-se a uma s\u00e9rie de falhas de seguran\u00e7a expostas pelo assalto<\/p>\n<p><strong>Paris &#8211; <\/strong>\u00c9 a prova cabal do assalto mais espetacular deste lado do Mil\u00e9nio.<\/p>\n<p>Um tribunal franc\u00eas divulgou na quinta-feira um relat\u00f3rio que critica a dire\u00e7\u00e3o do Louvre por se ter concentrado em aquisi\u00e7\u00f5es e projetos de renova\u00e7\u00e3o que chamavam a aten\u00e7\u00e3o, em vez de manter a seguran\u00e7a de um dos maiores museus do mundo.<\/p>\n<p>O audacioso roubo diurno, que levou quatro homens a fugir com joias hist\u00f3ricas de valor incalcul\u00e1vel, foi um \u201csinal de alarme ensurdecedor\u201d, declarou aos jornalistas Pierre Moscovici, presidente do Tribunal de Contas, autor do relat\u00f3rio.<\/p>\n<p>Fazendo eco do relat\u00f3rio, que foi encomendado antes do assalto de 19 de outubro, Moscovici afirmou que a dire\u00e7\u00e3o do museu tinha dado prioridade a projetos \u201cvis\u00edveis e atrativos\u201d, como a compra de obras de arte e a renova\u00e7\u00e3o do layout do museu, em detrimento, nomeadamente, da seguran\u00e7a do Louvre.<\/p>\n<p>Desde o assalto, surgiram informa\u00e7\u00f5es que mostram que as falhas na seguran\u00e7a parecem ser conhecidas h\u00e1 anos &#8211; incluindo um aviso de 2014 que alegava que uma das palavras-passe chave do museu era simplesmente \u201cLOUVRE\u201d. O novo relat\u00f3rio s\u00f3 vem juntar-se a uma s\u00e9rie de falhas de seguran\u00e7a expostas pelo assalto.<\/p>\n<p>O que \u00e9 que correu mal?<\/p>\n<p>De olho <\/p>\n<p>Quatro minutos depois de chegarem \u00e0 parede exterior do Louvre, os ladr\u00f5es tinham escalado o edif\u00edcio e estavam a arrombar uma janela. S\u00f3 ent\u00e3o foram acionados os alarmes internos. Quatro minutos mais tarde, depois de terem arrombado uma caixa refor\u00e7ada e de terem roubado nove pe\u00e7as de j\u00f3ias hist\u00f3ricas, os ladr\u00f5es estavam a fugir.<\/p>\n<p>\u201cOs pontos fracos da prote\u00e7\u00e3o do nosso per\u00edmetro s\u00e3o conhecidos e identificados\u201d, declarou o diretor do Louvre, Laurence des Cars, aos deputados, ap\u00f3s o assalto.<\/p>\n<p>Tamb\u00e9m a n\u00edvel interno, a situa\u00e7\u00e3o \u00e9 grave.<\/p>\n<p>Para as 465 galerias do Louvre, o pessoal de seguran\u00e7a tinha apenas 432 c\u00e2maras CCTV para monitorizar o interior em 2024, de acordo com o relat\u00f3rio. Embora isso represente um aumento de quase 50% em rela\u00e7\u00e3o ao n\u00famero dispon\u00edvel em 2019, ainda deixava 61% das galerias sem qualquer cobertura de CCTV.<\/p>\n<p>O maior museu do mundo, o Louvre, cobre cerca de 60.57 metros quadrados.<\/p>\n<p>Em compara\u00e7\u00e3o, o Instituto de Artes de Detroit tem uma \u00e1rea semelhante (incluindo um teatro e uma sala de recitais), mas tem mais de 550 c\u00e2maras CCTV, de acordo com o fabricante de c\u00e2maras Axis.<\/p>\n<p>Des Cars declarou aos senadores franceses que prev\u00ea a duplica\u00e7\u00e3o do n\u00famero de c\u00e2maras no interior dos 37 hectares do Louvre nos pr\u00f3ximos anos.<\/p>\n<p>Nas suas recomenda\u00e7\u00f5es, o relat\u00f3rio do Tribunal de Contas sublinha a necessidade de o Louvre \u201crefor\u00e7ar a sua fun\u00e7\u00e3o de controlo interno, que continua pouco desenvolvida para uma institui\u00e7\u00e3o da dimens\u00e3o do Louvre\u201d.<\/p>\n<p> <img decoding=\"async\" alt=\"\" src=\"https:\/\/www.europesays.com\/pt\/wp-content\/uploads\/2025\/11\/1762526169_908_f_webp.webp\" width=\"600\"\/> <\/p>\n<p>   Pierre Moscovici, o primeiro presidente do Tribunal de Contas franc\u00eas, apresenta um relat\u00f3rio durante uma confer\u00eancia de imprensa na institui\u00e7\u00e3o suprema de auditoria francesa em Paris, Fran\u00e7a, 6 de novembro de 2025. <strong>Sarah Meyssonnier\/Reuters<\/strong>\u200b\u200b\u200b\u200b\u200b\u200b <\/p>\n<p>Ciberseguran\u00e7a infal\u00edvel <\/p>\n<p>As falhas na seguran\u00e7a do Louvre n\u00e3o eram todas f\u00edsicas. No dom\u00ednio virtual, o seu historial deixava muito a desejar.<\/p>\n<p>Um relat\u00f3rio de 2014 da Ag\u00eancia Francesa de Seguran\u00e7a da Informa\u00e7\u00e3o (ANSSI), consultado pelo di\u00e1rio franc\u00eas Liberation, afirmava que a palavra-passe do servidor que geria a vasta rede de CCTV dos museus era simplesmente \u201cLOUVRE\u201d. O acesso ao software gerido pela empresa de tecnologia de seguran\u00e7a Thales estava protegido por uma palavra-passe igualmente infal\u00edvel: \u201cTHALES\u201d &#8211; segundo o Liberation.<\/p>\n<p>Na auditoria de seguran\u00e7a, a ANSSI ter\u00e1 recomendado ao Louvre que refor\u00e7asse a sua ciberseguran\u00e7a e se afastasse de programas inform\u00e1ticos obsoletos que pudessem p\u00f4r em causa a sua posi\u00e7\u00e3o de prote\u00e7\u00e3o.<\/p>\n<p>A ANSSI n\u00e3o negou o relat\u00f3rio \u00e0 CNN, mas acrescentou que a auditoria \u201cn\u00e3o pode ser considerada representativa do atual n\u00edvel de seguran\u00e7a\u201d dos sistemas inform\u00e1ticos do Louvre.<\/p>\n<p>Bling, bling <\/p>\n<p>O relat\u00f3rio centrou-se nas prioridades or\u00e7amentais do museu nos \u00faltimos anos, que viram cerca de 27 milh\u00f5es de euros (31,1 milh\u00f5es de d\u00f3lares) serem gastos em obras de manuten\u00e7\u00e3o entre 2018 e 2024, com mais 60 milh\u00f5es na restaura\u00e7\u00e3o do pal\u00e1cio do Louvre.<\/p>\n<p>Em contrapartida, durante esse per\u00edodo, o Louvre gastou o dobro desse valor em obras de altera\u00e7\u00e3o do museu e na aquisi\u00e7\u00e3o de obras de arte.<\/p>\n<p>O museu gastou 105 milh\u00f5es de euros em obras de arte nos seis anos at\u00e9 2024, tendo adquirido 2 754 pe\u00e7as durante esse per\u00edodo.<\/p>\n<p>Em 2021, o Louvre gastou cerca de 5 milh\u00f5es de euros em duas obras do pintor rococ\u00f3 franc\u00eas Jean-Honor\u00e9 Fragonard. Em abril de 2025, o Louvre adquiriu por 2,2 milh\u00f5es de euros um tr\u00edptico Faberg\u00e9 \u201cexcecional\u201d.<\/p>\n<p>Muitas das aquisi\u00e7\u00f5es do Louvre est\u00e3o envoltas num certo secretismo, nomeadamente no que se refere ao pre\u00e7o de compra. Segundo o relat\u00f3rio do Tribunal de Contas, o Louvre deveria prestar mais aten\u00e7\u00e3o ao pre\u00e7o das obras adquiridas e advertiu especificamente o museu contra a compra de obras de arte a um pre\u00e7o mais elevado se estas tiverem sido vendidas em leil\u00e3o h\u00e1 menos de dois anos.<\/p>\n<p>Cabe\u00e7as firmes no lugar <\/p>\n<p>Em contraste com o enfoque nas aquisi\u00e7\u00f5es vistosas e chamativas, o relat\u00f3rio condenat\u00f3rio assinala atrasos surpreendentes nos trabalhos relativos \u00e0s infra-estruturas de seguran\u00e7a do Louvre. As reformas de seguran\u00e7a recomendadas por uma auditoria de 2015 s\u00f3 estar\u00e3o conclu\u00eddas em 2032, revela o relat\u00f3rio.<\/p>\n<p>O relat\u00f3rio examinou quase oito anos de opera\u00e7\u00f5es do museu em per\u00edodos dirigidos por dois executivos.<\/p>\n<p>At\u00e9 ao momento da publica\u00e7\u00e3o deste artigo, nenhum diretor (ou outro pessoal) foi despedido ou se demitiu devido ao roubo.<\/p>\n<p>A oferta de des Cars de se demitir do cargo de diretor do museu n\u00e3o foi aceite pela ministra da Cultura francesa, Rachida Dati.<\/p>\n<p>Dati &#8211; conhecida como uma esp\u00e9cie de bulldog pol\u00edtico em Fran\u00e7a &#8211; tem defendido agressivamente o Louvre desde o constrangimento do roubo de 19 de outubro.<\/p>\n<p>&#8220;As medidas de seguran\u00e7a do Museu do Louvre falharam? N\u00e3o, n\u00e3o falharam. \u00c9 um facto. As medidas de seguran\u00e7a do Museu do Louvre funcionaram&#8221;, declarou aos deputados a 21 de outubro.<\/p>\n<p>No dia seguinte, Macron pediu uma acelera\u00e7\u00e3o das medidas de seguran\u00e7a no museu.<\/p>\n<p>Na semana seguinte, Dati suavizou o tom, admitindo aos senadores franceses que, apesar de os sistemas de seguran\u00e7a instalados terem funcionado e de o pessoal ter seguido o protocolo \u201c\u00e0 risca\u201d, o \u201croubo espetacular\u201d foi obviamente um fracasso para o museu.<\/p>\n<p>\u201cHouve, de facto, falhas de seguran\u00e7a\u201d, afirmou.<\/p>\n<p>Cecilia Monpetit, da CNN, contribuiu para a reportagem.<\/p>\n","protected":false},"excerpt":{"rendered":"Novo relat\u00f3rio s\u00f3 vem juntar-se a uma s\u00e9rie de falhas de seguran\u00e7a expostas pelo assalto Paris &#8211; \u00c9&hellip;\n","protected":false},"author":2,"featured_media":142976,"comment_status":"","ping_status":"","sticky":false,"template":"","format":"standard","meta":{"footnotes":""},"categories":[144],"tags":[609,836,611,207,205,206,203,201,202,2446,27,607,608,333,832,604,204,135,610,476,114,115,301,830,603,570,831,833,62,209,12926,834,13,835,602,31584,52,32,33,29],"class_list":{"0":"post-142975","1":"post","2":"type-post","3":"status-publish","4":"format-standard","5":"has-post-thumbnail","7":"category-arte-e-design","8":"tag-alerta","9":"tag-analise","10":"tag-ao-minuto","11":"tag-arte","12":"tag-arte-e-design","13":"tag-artedesign","14":"tag-arts","15":"tag-arts-and-design","16":"tag-artsanddesign","17":"tag-assalto","18":"tag-breaking-news","19":"tag-cnn","20":"tag-cnn-portugal","21":"tag-comentadores","22":"tag-costa","23":"tag-crime","24":"tag-design","25":"tag-desporto","26":"tag-direto","27":"tag-economia","28":"tag-entertainment","29":"tag-entretenimento","30":"tag-governo","31":"tag-guerra","32":"tag-justica","33":"tag-live","34":"tag-mais-vistas","35":"tag-marcelo","36":"tag-mundo","37":"tag-museu","38":"tag-museu-do-louvre","39":"tag-negocios","40":"tag-noticias","41":"tag-opiniao","42":"tag-pais","43":"tag-palavra-passe","44":"tag-politica","45":"tag-portugal","46":"tag-pt","47":"tag-ultimas"},"share_on_mastodon":{"url":"https:\/\/pubeurope.com\/@pt\/115508922632634045","error":""},"_links":{"self":[{"href":"https:\/\/www.europesays.com\/pt\/wp-json\/wp\/v2\/posts\/142975","targetHints":{"allow":["GET"]}}],"collection":[{"href":"https:\/\/www.europesays.com\/pt\/wp-json\/wp\/v2\/posts"}],"about":[{"href":"https:\/\/www.europesays.com\/pt\/wp-json\/wp\/v2\/types\/post"}],"author":[{"embeddable":true,"href":"https:\/\/www.europesays.com\/pt\/wp-json\/wp\/v2\/users\/2"}],"replies":[{"embeddable":true,"href":"https:\/\/www.europesays.com\/pt\/wp-json\/wp\/v2\/comments?post=142975"}],"version-history":[{"count":0,"href":"https:\/\/www.europesays.com\/pt\/wp-json\/wp\/v2\/posts\/142975\/revisions"}],"wp:featuredmedia":[{"embeddable":true,"href":"https:\/\/www.europesays.com\/pt\/wp-json\/wp\/v2\/media\/142976"}],"wp:attachment":[{"href":"https:\/\/www.europesays.com\/pt\/wp-json\/wp\/v2\/media?parent=142975"}],"wp:term":[{"taxonomy":"category","embeddable":true,"href":"https:\/\/www.europesays.com\/pt\/wp-json\/wp\/v2\/categories?post=142975"},{"taxonomy":"post_tag","embeddable":true,"href":"https:\/\/www.europesays.com\/pt\/wp-json\/wp\/v2\/tags?post=142975"}],"curies":[{"name":"wp","href":"https:\/\/api.w.org\/{rel}","templated":true}]}}