{"id":142990,"date":"2025-11-07T14:54:07","date_gmt":"2025-11-07T14:54:07","guid":{"rendered":"https:\/\/www.europesays.com\/pt\/142990\/"},"modified":"2025-11-07T14:54:07","modified_gmt":"2025-11-07T14:54:07","slug":"gloria-groove-anuncia-casamento-com-artesao-celebramos-nosso-am","status":"publish","type":"post","link":"https:\/\/www.europesays.com\/pt\/142990\/","title":{"rendered":"Gloria Groove anuncia casamento com artes\u00e3o: \u2018Celebramos nosso am"},"content":{"rendered":"<p>Na noite de quinta-feira, 6, Daniel Garcia, criador de Gloria Groove, utilizou as redes sociais para compartilhar a not\u00edcia do seu casamento com Pedro Lopes. O casal, que est\u00e1 junto h\u00e1 quase 11 anos, oficializou a uni\u00e3o na presen\u00e7a de familiares e amigos.<\/p>\n<p>Em seu perfil oficial, ele publicou fotos dos dois assinando os documentos, al\u00e9m de registros da comemora\u00e7\u00e3o ap\u00f3s a cerim\u00f4nia, incluindo um bolo totalmente branco com bonecos dos noivos no topo. Na legenda, ele se declarou ao seu marido.<\/p>\n<p>\u201cVida. S\u00e3o quase 11 anos de amor, carinho, companheirismo, cumplicidade e lealdade ao seu lado. Neste tempo, j\u00e1 fomos tantas pessoas diferentes e j\u00e1 celebramos nosso amor de muitas maneiras, mas dessa vez foi especial: oficializamos nossa uni\u00e3o ao lado das pessoas que mais amamos\u201d, iniciou.<\/p>\n<p>\u201cMeu amor, obrigado por ser minha raz\u00e3o, minha fam\u00edlia, meu porto seguro. Com voc\u00ea eu aprendi que amar \u00e9 o privil\u00e9gio de escolher um ao outro todos os dias. O seu jeito de amar \u00e9 leve, livre, bonito, transparente. Ser amado por voc\u00ea me incentiva a continuar sonhando e realizando. \u2018Amor como voc\u00ea sempre revela o dom da vida\u2019. Te Amo!\u201d, finalizou o texto.<\/p>\n<blockquote class=\"instagram-media\" style=\"background: #FFF; border: 0; border-radius: 3px; box-shadow: 0 0 1px 0 rgba(0,0,0,0.5),0 1px 10px 0 rgba(0,0,0,0.15); margin: 1px; max-width: 540px; min-width: 326px; padding: 0; width: calc(100% - 2px);\" data-instgrm-captioned=\"\" data-instgrm-permalink=\"https:\/\/www.instagram.com\/p\/DQu3V-9gY1r\/?utm_source=ig_embed&amp;utm_campaign=loading\" data-instgrm-version=\"14\"><p>&#13;<br \/>\n&#13;\n<\/p><\/blockquote>\n<p>            <script async src=\"\/\/www.instagram.com\/embed.js\"><\/script><\/p>\n","protected":false},"excerpt":{"rendered":"Na noite de quinta-feira, 6, Daniel Garcia, criador de Gloria Groove, utilizou as redes sociais para compartilhar a&hellip;\n","protected":false},"author":2,"featured_media":142991,"comment_status":"","ping_status":"","sticky":false,"template":"","format":"standard","meta":{"footnotes":""},"categories":[145],"tags":[1435,211,210,114,115,10525,32,33],"class_list":{"0":"post-142990","1":"post","2":"type-post","3":"status-publish","4":"format-standard","5":"has-post-thumbnail","7":"category-celebridades","8":"tag-casamento","9":"tag-celebridades","10":"tag-celebrities","11":"tag-entertainment","12":"tag-entretenimento","13":"tag-gloria-groove","14":"tag-portugal","15":"tag-pt"},"share_on_mastodon":{"url":"https:\/\/pubeurope.com\/@pt\/115508993345541860","error":""},"_links":{"self":[{"href":"https:\/\/www.europesays.com\/pt\/wp-json\/wp\/v2\/posts\/142990","targetHints":{"allow":["GET"]}}],"collection":[{"href":"https:\/\/www.europesays.com\/pt\/wp-json\/wp\/v2\/posts"}],"about":[{"href":"https:\/\/www.europesays.com\/pt\/wp-json\/wp\/v2\/types\/post"}],"author":[{"embeddable":true,"href":"https:\/\/www.europesays.com\/pt\/wp-json\/wp\/v2\/users\/2"}],"replies":[{"embeddable":true,"href":"https:\/\/www.europesays.com\/pt\/wp-json\/wp\/v2\/comments?post=142990"}],"version-history":[{"count":0,"href":"https:\/\/www.europesays.com\/pt\/wp-json\/wp\/v2\/posts\/142990\/revisions"}],"wp:featuredmedia":[{"embeddable":true,"href":"https:\/\/www.europesays.com\/pt\/wp-json\/wp\/v2\/media\/142991"}],"wp:attachment":[{"href":"https:\/\/www.europesays.com\/pt\/wp-json\/wp\/v2\/media?parent=142990"}],"wp:term":[{"taxonomy":"category","embeddable":true,"href":"https:\/\/www.europesays.com\/pt\/wp-json\/wp\/v2\/categories?post=142990"},{"taxonomy":"post_tag","embeddable":true,"href":"https:\/\/www.europesays.com\/pt\/wp-json\/wp\/v2\/tags?post=142990"}],"curies":[{"name":"wp","href":"https:\/\/api.w.org\/{rel}","templated":true}]}}