{"id":143006,"date":"2025-11-07T15:05:17","date_gmt":"2025-11-07T15:05:17","guid":{"rendered":"https:\/\/www.europesays.com\/pt\/143006\/"},"modified":"2025-11-07T15:05:17","modified_gmt":"2025-11-07T15:05:17","slug":"portugal-junta-se-a-48-paises-para-reforcar-prevencao-contra-incendios","status":"publish","type":"post","link":"https:\/\/www.europesays.com\/pt\/143006\/","title":{"rendered":"Portugal junta-se a 48 pa\u00edses para refor\u00e7ar preven\u00e7\u00e3o contra inc\u00eandios"},"content":{"rendered":"<p>&#13;<br \/>\n&#8220;Estamos empenhados em consolidar uma estrat\u00e9gia que alie conserva\u00e7\u00e3o ambiental e resili\u00eancia clim\u00e1tica, atrav\u00e9s da valoriza\u00e7\u00e3o dos servi\u00e7os dos ecossistemas florestais, da promo\u00e7\u00e3o da biodiversidade e da preven\u00e7\u00e3o de inc\u00eandios&#8221;, frisou na quinta-feira o primeiro-ministro, Lu\u00eds Montenegro, na cimeira de l\u00edderes da confer\u00eancia do clima, a COP30, que decorre em Bel\u00e9m, na Amaz\u00f3nia brasileira.&#13;\n<\/p>\n<p>&#13;<br \/>\n&#8220;Os nossos ecossistemas florestais apresentam um conjunto de desafios, nomeadamente o risco de inc\u00eandio, que nos obrigam a agir&#8221;, acrescentou.&#13;\n<\/p>\n<p>&#13;<br \/>\nNo compromisso &#8220;Chamado \u00e0 A\u00e7\u00e3o sobre Manejo Integrado do Fogo e Resili\u00eancia a Inc\u00eandios Florestais&#8221;, os signat\u00e1rios reconhecem que os inc\u00eandios s\u00e3o uma das manifesta\u00e7\u00f5es mais dram\u00e1ticas das altera\u00e7\u00f5es clim\u00e1ticas, afetam todos os Estados por igual e constituem um desafio que &#8220;nenhum pa\u00eds \u00e9 capaz de enfrentar sozinho&#8221;.&#13;\n<\/p>\n<p>&#13;<br \/>\n&#8220;\u00c9 esta consci\u00eancia e este prop\u00f3sito de a\u00e7\u00e3o que nos leva a confirmar hoje [quinta-feira] que subscreveremos&#8221; este compromisso, disse o chefe do Governo portugu\u00eas.&#13;\n<\/p>\n<p>&#13;<br \/>\nNesse sentido, os pa\u00edses comprometeram-se a &#8220;promover uma transi\u00e7\u00e3o de abordagens centradas na supress\u00e3o do fogo para estrat\u00e9gias integradas baseadas na preven\u00e7\u00e3o, a fim de alcan\u00e7ar resili\u00eancia sist\u00e9mica&#8221;.&#13;\n<\/p>\n<p>&#13;<br \/>\nNa pr\u00e1tica, isso significa, por exemplo, apostar na abertura de corta-fogos e na limpeza regular das matas para evitar o surgimento de inc\u00eandios, em vez de investir apenas na compra de avi\u00f5es para os apagar.&#13;\n<\/p>\n<p>&#13;<br \/>\nAl\u00e9m disso, acordaram refor\u00e7ar a coopera\u00e7\u00e3o internacional para prevenir, combater e recuperar dos inc\u00eandios, que nos \u00faltimos anos atingiram com especial virul\u00eancia pa\u00edses como Portugal, Bol\u00edvia, Estados Unidos, Brasil, Espanha e Gr\u00e9cia, entre muitos outros.&#13;\n<\/p>\n<p>&#13;<br \/>\nNeste \u00e2mbito, pretendem estabelecer um protocolo de atua\u00e7\u00e3o para se ajudarem mutuamente o mais rapidamente poss\u00edvel.&#13;\n<\/p>\n<p>&#13;<br \/>\n&#8220;Isso inclui intensificar a colabora\u00e7\u00e3o transfronteiri\u00e7a e interinstitucional&#8221; mediante o uso partilhado de tecnologias e boas pr\u00e1ticas, acrescenta a declara\u00e7\u00e3o.&#13;\n<\/p>\n<p>&#13;<br \/>\nAl\u00e9m disso, pretendem apoiar as popula\u00e7\u00f5es locais, como os povos ind\u00edgenas, e combater os crimes ambientais.&#13;\n<\/p>\n<p>&#13;<br \/>\nEntre os pa\u00edses que apoiaram o apelo est\u00e3o Alemanha, Brasil, Canad\u00e1, Chile, China, Col\u00f4mbia, Cuba, Espanha, Equador, Gr\u00e9cia, Indon\u00e9sia, Jap\u00e3o, L\u00edbano, Marrocos, M\u00e9xico, Panam\u00e1, Pa\u00edses Baixos, Peru, Portugal, Reino Unido, Rep\u00fablica Dominicana, R\u00fassia, Uruguai, Coreia do Sul e Coreia do Norte.&#13;\n<\/p>\n<p>&#13;<br \/>\nO primeiro-ministro, Lu\u00eds Montenegro, iniciou na quinta-feira uma visita de dois dias a Bel\u00e9m para participar da Cimeira do Clima, uma reuni\u00e3o de l\u00edderes mundiais que antecede a COP30.&#13;\n<\/p>\n<p>&#13;<br \/>\nA Cimeira do Clima reunir\u00e1 delega\u00e7\u00f5es de 143 pa\u00edses, das quais pouco mais de um ter\u00e7o ser\u00e3o chefiadas pelos respetivos l\u00edderes nacionais, com a aus\u00eancia confirmada dos tr\u00eas l\u00edderes dos pa\u00edses mais poluidores do mundo (China, Estados Unidos e \u00cdndia).&#13;\n<\/p>\n<p>&#13;<br \/>\nEntre os l\u00edderes que confirmaram publicamente a presen\u00e7a est\u00e3o o Presidente franc\u00eas, Emmanuel Macron, o primeiro-ministro brit\u00e2nico, Keir Starmer, e a presidente da Comiss\u00e3o Europeia, Ursula von der Leyen.&#13;\n<\/p>\n<p>&#13;<br \/>\n\u00a0&#13;<\/p>\n","protected":false},"excerpt":{"rendered":"&#13; &#8220;Estamos empenhados em consolidar uma estrat\u00e9gia que alie conserva\u00e7\u00e3o ambiental e resili\u00eancia clim\u00e1tica, atrav\u00e9s da valoriza\u00e7\u00e3o dos&hellip;\n","protected":false},"author":2,"featured_media":143007,"comment_status":"","ping_status":"","sticky":false,"template":"","format":"standard","meta":{"footnotes":""},"categories":[50],"tags":[8551,1305,31588,31589,27,28,31590,15,16,14,25,26,21,22,62,12,13,19,20,23,24,17002,17,18,29,30,31,31587,63,64,65],"class_list":{"0":"post-143006","1":"post","2":"type-post","3":"status-publish","4":"format-standard","5":"has-post-thumbnail","7":"category-mundo","8":"tag-acao","9":"tag-alemanha","10":"tag-baixos-peru","11":"tag-belem-amazonia","12":"tag-breaking-news","13":"tag-breakingnews","14":"tag-cop-cimeira","15":"tag-featured-news","16":"tag-featurednews","17":"tag-headlines","18":"tag-latest-news","19":"tag-latestnews","20":"tag-main-news","21":"tag-mainnews","22":"tag-mundo","23":"tag-news","24":"tag-noticias","25":"tag-noticias-principais","26":"tag-noticiasprincipais","27":"tag-principais-noticias","28":"tag-principaisnoticias","29":"tag-resiliencia","30":"tag-top-stories","31":"tag-topstories","32":"tag-ultimas","33":"tag-ultimas-noticias","34":"tag-ultimasnoticias","35":"tag-unido-dominicana","36":"tag-world","37":"tag-world-news","38":"tag-worldnews"},"share_on_mastodon":{"url":"https:\/\/pubeurope.com\/@pt\/115509036754356490","error":""},"_links":{"self":[{"href":"https:\/\/www.europesays.com\/pt\/wp-json\/wp\/v2\/posts\/143006","targetHints":{"allow":["GET"]}}],"collection":[{"href":"https:\/\/www.europesays.com\/pt\/wp-json\/wp\/v2\/posts"}],"about":[{"href":"https:\/\/www.europesays.com\/pt\/wp-json\/wp\/v2\/types\/post"}],"author":[{"embeddable":true,"href":"https:\/\/www.europesays.com\/pt\/wp-json\/wp\/v2\/users\/2"}],"replies":[{"embeddable":true,"href":"https:\/\/www.europesays.com\/pt\/wp-json\/wp\/v2\/comments?post=143006"}],"version-history":[{"count":0,"href":"https:\/\/www.europesays.com\/pt\/wp-json\/wp\/v2\/posts\/143006\/revisions"}],"wp:featuredmedia":[{"embeddable":true,"href":"https:\/\/www.europesays.com\/pt\/wp-json\/wp\/v2\/media\/143007"}],"wp:attachment":[{"href":"https:\/\/www.europesays.com\/pt\/wp-json\/wp\/v2\/media?parent=143006"}],"wp:term":[{"taxonomy":"category","embeddable":true,"href":"https:\/\/www.europesays.com\/pt\/wp-json\/wp\/v2\/categories?post=143006"},{"taxonomy":"post_tag","embeddable":true,"href":"https:\/\/www.europesays.com\/pt\/wp-json\/wp\/v2\/tags?post=143006"}],"curies":[{"name":"wp","href":"https:\/\/api.w.org\/{rel}","templated":true}]}}