{"id":143008,"date":"2025-11-07T15:06:58","date_gmt":"2025-11-07T15:06:58","guid":{"rendered":"https:\/\/www.europesays.com\/pt\/143008\/"},"modified":"2025-11-07T15:06:58","modified_gmt":"2025-11-07T15:06:58","slug":"ue-propoe-rede-ferroviaria-europeia-de-alta-velocidade-ate-2040","status":"publish","type":"post","link":"https:\/\/www.europesays.com\/pt\/143008\/","title":{"rendered":"UE prop\u00f5e rede ferrovi\u00e1ria europeia de alta velocidade at\u00e9 2040"},"content":{"rendered":"<p>A Comiss\u00e3o Europeia afirmou que uma rede ferrovi\u00e1ria de alta velocidade que conecte as principais cidades europeias dever\u00e1 ser poss\u00edvel at\u00e9 2040. Com este plano, a viagem de Lisboa at\u00e9 Madrid seria reduzida para tr\u00eas horas, em vez das atuais nove.<\/p>\n<p><a target=\"_blank\" href=\"https:\/\/pplware.sapo.pt\/wp-content\/uploads\/2024\/10\/comboio00.jpg\" onclick=\"refreshIframe()\" class=\"foobox\" rel=\"nofollow noopener\"><img fetchpriority=\"high\" decoding=\"async\" src=\"https:\/\/www.europesays.com\/pt\/wp-content\/uploads\/2025\/11\/comboio00-720x405.jpg\" alt=\"Comboio de alta velocidade\" width=\"720\" height=\"405\" class=\"aligncenter wp-image-1020594 size-medium\"  \/><\/a>\n<\/p>\n<p>Apesar dos apelos e dos planos que v\u00e3o ficando pelo caminho, as viagens de comboio transfronteiri\u00e7as r\u00e1pidas entre pa\u00edses europeus continuam a ser raras.<\/p>\n<p>O foco das operadoras nas prioridades nacionais, a infraestrutura inadequada, os sistemas incompat\u00edveis, as regulamenta\u00e7\u00f5es conflituantes e a emiss\u00e3o de bilhetes extremamente complicada significam que o comboio de alta velocidade ainda n\u00e3o tem o papel que os seus defensores acreditam que deve e pode ter.<\/p>\n<p>De facto, segundo a Comiss\u00e3o Europeia, os 12.128 km da rede ferrovi\u00e1ria de alta velocidade existente na Europa concentram-se principalmente em quatro Estados-membros ocidentais da Uni\u00e3o Europeia: Fran\u00e7a, Alemanha, It\u00e1lia e Espanha. Ao mesmo tempo, a Europa Central e de Leste continua &#8220;mal conectada&#8221;.<\/p>\n<p>Rede ferrovi\u00e1ria &#8220;verdadeiramente europeia&#8221; para viagens mais r\u00e1pidas<\/p>\n<p>A Comiss\u00e3o Europeia <a target=\"_blank\" href=\"https:\/\/transport.ec.europa.eu\/transport-modes\/rail\/high-speed-rail-plan_en\" rel=\"nofollow noopener\">est\u00e1 a pensar<\/a> numa realidade onde os comboios poderiam atingir velocidades bem acima dos 250 km\/h, quando vi\u00e1vel, por forma a garantir liga\u00e7\u00f5es mais r\u00e1pidas entre todos os pa\u00edses do velho continente.<\/p>\n<p><a target=\"_blank\" href=\"https:\/\/pplware.sapo.pt\/wp-content\/uploads\/2025\/11\/plano_comissao_europeia_ue_rede_ferroviaria_comboios.jpg\" onclick=\"refreshIframe()\" class=\"foobox\" rel=\"nofollow noopener\"><img loading=\"lazy\" decoding=\"async\" src=\"https:\/\/www.europesays.com\/pt\/wp-content\/uploads\/2025\/11\/plano_comissao_europeia_ue_rede_ferroviaria_comboios-720x720.jpg\" alt=\"\" width=\"720\" height=\"720\" class=\"aligncenter size-medium wp-image-1087091\"  \/><\/a><\/p>\n<p>Segundo a Comiss\u00e3o Europeia, pela voz de Apostolos Tzitzikostas, comiss\u00e1rio europeu para os Transportes, uma rede ferrovi\u00e1ria de alta velocidade mais r\u00e1pida e &#8220;verdadeiramente europeia&#8221; dever\u00e1 ser poss\u00edvel at\u00e9 2040, conectando as principais cidades com viagens consideravelmente mais r\u00e1pidas.<\/p>\n<p>Caso o <a target=\"_blank\" href=\"https:\/\/transport.ec.europa.eu\/news-events\/news\/commission-launches-plan-accelerate-high-speed-rail-across-europe-2025-11-05_en\" rel=\"nofollow noopener\">plano <\/a>se concretize, os passageiros poder\u00e3o viajar entre as capitais alem\u00e3 e dinamarquesa em quatro horas at\u00e9 2030, em vez das sete horas atuais, enquanto S\u00f3fia e Atenas ficar\u00e3o a apenas seis horas de dist\u00e2ncia at\u00e9 2035, em vez de quase 14.<\/p>\n<p>As novas liga\u00e7\u00f5es possibilitar\u00e3o, tamb\u00e9m, que as viagens entre Talin e Riga durem 1h45min, em compara\u00e7\u00e3o com as atuais 6h10min; e permitir\u00e3o que a viagem entre Lisboa e Madrid seja reduzida para tr\u00eas horas, em vez das atuais nove.<\/p>\n<p>Desta forma, com uma rede ferrovi\u00e1ria mais capaz e r\u00e1pida, a Comiss\u00e3o Europeia espera tornar as viagens de comboio uma alternativa mais atraente aos voos de curta dist\u00e2ncia e, possivelmente, aos voos mais longos em muitas rotas.<\/p>\n<p><a target=\"_blank\" href=\"https:\/\/pplware.sapo.pt\/wp-content\/uploads\/2022\/11\/comboio_00-1.jpg\" onclick=\"refreshIframe()\" class=\"foobox\" rel=\"nofollow noopener\"><img loading=\"lazy\" decoding=\"async\" src=\"https:\/\/www.europesays.com\/pt\/wp-content\/uploads\/2025\/11\/comboio_00-1-720x403.jpg\" alt=\"\" width=\"720\" height=\"403\" class=\"aligncenter size-medium wp-image-886043\"  \/><\/a><\/p>\n<p>Emiss\u00e3o de bilhetes otimizada e passageiros com mais direitos<\/p>\n<p>Especialistas externos citados pela Comiss\u00e3o Europeia estimam que s\u00e3o necess\u00e1rios 546 mil milh\u00f5es de euros para triplicar a dimens\u00e3o da rede de alta velocidade, permitindo que os comboios circulem a velocidades superiores a 250 km\/h.<\/p>\n<p>Como parte de uma lista de a\u00e7\u00f5es, o executivo prometeu uma estrat\u00e9gia de financiamento e disse que procurar\u00e1 utilizar fundos europeus para incentivar os governos nacionais e o investimento privado.<\/p>\n<p>Outros elementos do plano incluem a melhoria dos sistemas pan-europeus de sinaliza\u00e7\u00e3o e emiss\u00e3o de bilhetes.<\/p>\n<blockquote>\n<p>Durante demasiado tempo, os consumidores enfrentaram reservas e bilhetes complexos, direitos dos passageiros limitados, liga\u00e7\u00f5es deficientes e qualidade de servi\u00e7o insatisfat\u00f3ria quando viajavam pela Europa de comboio.<\/p>\n<\/blockquote>\n<p>Disse Robin Loos, respons\u00e1vel pelos transportes da Organiza\u00e7\u00e3o Europeia de Consumidores (BEUC), acrescentando que &#8220;o plano deve proporcionar o investimento e a harmoniza\u00e7\u00e3o t\u00e9cnica t\u00e3o necess\u00e1rios e [&#8230;] resolver a quest\u00e3o de longa data da emiss\u00e3o de bilhetes&#8221;.<\/p>\n<p>Segundo Apostolos Tzitzikostas, todos os passageiros dever\u00e3o, um dia, poder reservar um bilhete ferrovi\u00e1rio transfronteiri\u00e7o e, eventualmente, um bilhete combinado ferrovi\u00e1rio-a\u00e9reo atrav\u00e9s de um \u00fanico website.<\/p>\n<p>Com propostas legislativas prometidas para o in\u00edcio de 2026, o comiss\u00e1rio pretende que os passageiros possam comprar bilhetes transfronteiri\u00e7os e tenham mais direitos, por forma a optarem por esta forma de viajar.<\/p>\n<p><a target=\"_blank\" class=\"wpcmsdev-button color-blue\" href=\"https:\/\/ec.europa.eu\/commission\/presscorner\/detail\/en\/qanda_25_2548\" rel=\"nofollow noopener\">Mais detalhes<\/a><\/p>\n","protected":false},"excerpt":{"rendered":"A Comiss\u00e3o Europeia afirmou que uma rede ferrovi\u00e1ria de alta velocidade que conecte as principais cidades europeias dever\u00e1&hellip;\n","protected":false},"author":2,"featured_media":143009,"comment_status":"","ping_status":"","sticky":false,"template":"","format":"standard","meta":{"footnotes":""},"categories":[10],"tags":[27,28,2587,1834,15,16,14,25,26,21,22,12,13,19,20,32,23,24,33,31591,17,18,29,30,31,636],"class_list":{"0":"post-143008","1":"post","2":"type-post","3":"status-publish","4":"format-standard","5":"has-post-thumbnail","7":"category-portugal","8":"tag-breaking-news","9":"tag-breakingnews","10":"tag-comboio","11":"tag-comissao-europeia","12":"tag-featured-news","13":"tag-featurednews","14":"tag-headlines","15":"tag-latest-news","16":"tag-latestnews","17":"tag-main-news","18":"tag-mainnews","19":"tag-news","20":"tag-noticias","21":"tag-noticias-principais","22":"tag-noticiasprincipais","23":"tag-portugal","24":"tag-principais-noticias","25":"tag-principaisnoticias","26":"tag-pt","27":"tag-rede-ferroviaria","28":"tag-top-stories","29":"tag-topstories","30":"tag-ultimas","31":"tag-ultimas-noticias","32":"tag-ultimasnoticias","33":"tag-uniao-europeia"},"share_on_mastodon":{"url":"https:\/\/pubeurope.com\/@pt\/115509044566933980","error":""},"_links":{"self":[{"href":"https:\/\/www.europesays.com\/pt\/wp-json\/wp\/v2\/posts\/143008","targetHints":{"allow":["GET"]}}],"collection":[{"href":"https:\/\/www.europesays.com\/pt\/wp-json\/wp\/v2\/posts"}],"about":[{"href":"https:\/\/www.europesays.com\/pt\/wp-json\/wp\/v2\/types\/post"}],"author":[{"embeddable":true,"href":"https:\/\/www.europesays.com\/pt\/wp-json\/wp\/v2\/users\/2"}],"replies":[{"embeddable":true,"href":"https:\/\/www.europesays.com\/pt\/wp-json\/wp\/v2\/comments?post=143008"}],"version-history":[{"count":0,"href":"https:\/\/www.europesays.com\/pt\/wp-json\/wp\/v2\/posts\/143008\/revisions"}],"wp:featuredmedia":[{"embeddable":true,"href":"https:\/\/www.europesays.com\/pt\/wp-json\/wp\/v2\/media\/143009"}],"wp:attachment":[{"href":"https:\/\/www.europesays.com\/pt\/wp-json\/wp\/v2\/media?parent=143008"}],"wp:term":[{"taxonomy":"category","embeddable":true,"href":"https:\/\/www.europesays.com\/pt\/wp-json\/wp\/v2\/categories?post=143008"},{"taxonomy":"post_tag","embeddable":true,"href":"https:\/\/www.europesays.com\/pt\/wp-json\/wp\/v2\/tags?post=143008"}],"curies":[{"name":"wp","href":"https:\/\/api.w.org\/{rel}","templated":true}]}}