{"id":143010,"date":"2025-11-07T15:08:18","date_gmt":"2025-11-07T15:08:18","guid":{"rendered":"https:\/\/www.europesays.com\/pt\/143010\/"},"modified":"2025-11-07T15:08:18","modified_gmt":"2025-11-07T15:08:18","slug":"ronaldo-reencontra-mulher-que-lhe-dava-hamburgueres-a-vida-e-uma-caixinha-de-surpresas","status":"publish","type":"post","link":"https:\/\/www.europesays.com\/pt\/143010\/","title":{"rendered":"Ronaldo reencontra mulher que lhe dava hamb\u00fargueres: &#8220;A vida \u00e9 uma caixinha de surpresas&#8221;"},"content":{"rendered":"<p data-remotead-prev-elm=\"true\" data-remotead-elm-id=\"inread\">H\u00e1 hist\u00f3rias que o tempo n\u00e3o apaga. Cristiano Ronaldo voltou a recordar um epis\u00f3dio que carrega desde os 13 anos: as idas a um McDonald&#8221;s de Lisboa, quando ainda era um jovem da forma\u00e7\u00e3o do Sporting, e onde recebia hamb\u00fargueres oferecidos por funcion\u00e1rias que o viam chegar esfomeado depois dos treinos.<\/p>\n<p>Em entrevista a Piers Morgan, publicada no YouTube, o jogador revelou que, mais de vinte anos depois, voltou a cruzar-se com uma dessas mulheres &#8211; num reencontro inesperado, num aeroporto, ap\u00f3s uma viagem entre Riade e Lisboa.<\/p>\n<p>&#8220;Foi uma hist\u00f3ria engra\u00e7ada. Aterro em Lisboa vindo de Riade e um dos meus amigos diz: &#8216;Cristiano, olha quem est\u00e1 ali&#8217;. Sabes quando v\u00eas algu\u00e9m passados muitos anos e reconheces a pessoa imediatamente? Vinte anos depois. Estava com a minha fam\u00edlia e dei um grande abra\u00e7o \u00e0 rapariga. Os meus filhos at\u00e9 me perguntaram: &#8216;Pai, o que est\u00e1s a fazer?&#8217; At\u00e9 a Gio olhou para mim. Contei-lhes depois a hist\u00f3ria. A vida \u00e9 uma caixinha cheia de surpresas, nunca esperei este momento&#8221;, contou.<\/p>\n<p>&#8220;Ela ficou um pouco em choque&#8221;<\/p>\n<p data-remotead-prev-elm=\"true\" data-remotead-elm-id=\"centro1\">&#8220;Ela ficou um pouco em choque. N\u00e3o esperava que eu a reconhecesse. Ela pensou que eu talvez n\u00e3o lhe falasse. Disse-me que, sempre que eu vinha a Portugal, ela sabia porque trabalhava nos bastidores do aeroporto. E tentava sempre ver-me, mas era barrada pela seguran\u00e7a. Daquela vez, veio substituir uma colega e estava l\u00e1. Fiquei t\u00e3o feliz e pensei que isto \u00e9 a vida. \u00c9 tudo sobre momentos, cap\u00edtulos&#8221;, continuou Ronaldo.<\/p>\n<p>O jogador adiantou ainda que quer retribuir o gesto que recebeu na adolesc\u00eancia. &#8220;Fiquei com o n\u00famero dela e, quando tiver tempo, vou fazer algo lindo e especial para essas pessoas que me ajudaram nesse per\u00edodo. Falei com amigos, estamos a tentar encontrar as pessoas a 100% e muito em breve vou fazer algo especial. Quando prometo, fa\u00e7o. Uma das pessoas era aquela rapariga&#8221;, garantiu o internacional portugu\u00eas.<\/p>\n<p>Cristiano falou ainda do amigo Jos\u00e9 Semedo, com quem partilhava as idas ao McDonald&#8221;s, e elogiou-lhe a lealdade: &#8220;Ele \u00e9 um homem muito interessante, devias entrevist\u00e1-lo. N\u00e3o \u00e9 CEO do Al Nassr por causa de mim. Ele tem muito potencial e h\u00e1 muita gente que diz isso. Ele tem uma qualidade essencial &#8211; lealdade. Estas pessoas s\u00e3o muito raras no mundo, especialmente no futebol e com muito dinheiro \u00e0 volta. Estas pessoas n\u00e3o se compram. Sou um homem sortudo pela fam\u00edlia e amigos que tenho.&#8221;<\/p>\n","protected":false},"excerpt":{"rendered":"H\u00e1 hist\u00f3rias que o tempo n\u00e3o apaga. Cristiano Ronaldo voltou a recordar um epis\u00f3dio que carrega desde os&hellip;\n","protected":false},"author":2,"featured_media":143011,"comment_status":"","ping_status":"","sticky":false,"template":"","format":"standard","meta":{"footnotes":""},"categories":[8],"tags":[685,27,28,667,741,15,16,524,14,25,26,21,22,9488,12,13,19,20,30833,32,23,24,33,13919,17,18,29,30,31],"class_list":{"0":"post-143010","1":"post","2":"type-post","3":"status-publish","4":"format-standard","5":"has-post-thumbnail","7":"category-principais-noticias","8":"tag-al-nassr","9":"tag-breaking-news","10":"tag-breakingnews","11":"tag-cristiano-ronaldo","12":"tag-entrevista","13":"tag-featured-news","14":"tag-featurednews","15":"tag-futebol","16":"tag-headlines","17":"tag-latest-news","18":"tag-latestnews","19":"tag-main-news","20":"tag-mainnews","21":"tag-mcdonalds","22":"tag-news","23":"tag-noticias","24":"tag-noticias-principais","25":"tag-noticiasprincipais","26":"tag-piers-morgan","27":"tag-portugal","28":"tag-principais-noticias","29":"tag-principaisnoticias","30":"tag-pt","31":"tag-reencontro","32":"tag-top-stories","33":"tag-topstories","34":"tag-ultimas","35":"tag-ultimas-noticias","36":"tag-ultimasnoticias"},"share_on_mastodon":{"url":"https:\/\/pubeurope.com\/@pt\/115509048937146699","error":""},"_links":{"self":[{"href":"https:\/\/www.europesays.com\/pt\/wp-json\/wp\/v2\/posts\/143010","targetHints":{"allow":["GET"]}}],"collection":[{"href":"https:\/\/www.europesays.com\/pt\/wp-json\/wp\/v2\/posts"}],"about":[{"href":"https:\/\/www.europesays.com\/pt\/wp-json\/wp\/v2\/types\/post"}],"author":[{"embeddable":true,"href":"https:\/\/www.europesays.com\/pt\/wp-json\/wp\/v2\/users\/2"}],"replies":[{"embeddable":true,"href":"https:\/\/www.europesays.com\/pt\/wp-json\/wp\/v2\/comments?post=143010"}],"version-history":[{"count":0,"href":"https:\/\/www.europesays.com\/pt\/wp-json\/wp\/v2\/posts\/143010\/revisions"}],"wp:featuredmedia":[{"embeddable":true,"href":"https:\/\/www.europesays.com\/pt\/wp-json\/wp\/v2\/media\/143011"}],"wp:attachment":[{"href":"https:\/\/www.europesays.com\/pt\/wp-json\/wp\/v2\/media?parent=143010"}],"wp:term":[{"taxonomy":"category","embeddable":true,"href":"https:\/\/www.europesays.com\/pt\/wp-json\/wp\/v2\/categories?post=143010"},{"taxonomy":"post_tag","embeddable":true,"href":"https:\/\/www.europesays.com\/pt\/wp-json\/wp\/v2\/tags?post=143010"}],"curies":[{"name":"wp","href":"https:\/\/api.w.org\/{rel}","templated":true}]}}