{"id":143016,"date":"2025-11-07T15:14:14","date_gmt":"2025-11-07T15:14:14","guid":{"rendered":"https:\/\/www.europesays.com\/pt\/143016\/"},"modified":"2025-11-07T15:14:14","modified_gmt":"2025-11-07T15:14:14","slug":"rede-clube-fm-brasil-vai-dar-inicio-a-programacao-de-sua-nova-afiliada-em-dionisio-cerqueira-sc","status":"publish","type":"post","link":"https:\/\/www.europesays.com\/pt\/143016\/","title":{"rendered":"Rede Clube FM Brasil vai dar in\u00edcio \u00e0 programa\u00e7\u00e3o de sua nova afiliada em Dion\u00edsio Cerqueira (SC)"},"content":{"rendered":"<p>A <strong>Rede Clube FM Brasil<\/strong>\u00a0(liderada pela Clube FM 105.5 de Bras\u00edlia) vai dar in\u00edcio \u00e0 programa\u00e7\u00e3o de expectativa sua <strong>nova afiliada<\/strong> em Santa Catarina a partir das <strong>14h desta sexta-feira (7)<\/strong>. A emissora ser\u00e1 a <strong>futura Clube FM 93.7 de Dion\u00edsio Cerqueira<\/strong>, cidade situada <strong>na regi\u00e3o de fronteira com a Argentina e divisa com o Paran\u00e1<\/strong>, no extremo-oeste catarinense. A <strong>data oficial de inaugura\u00e7\u00e3o<\/strong> ainda ser\u00e1 definida, mas o in\u00edcio das opera\u00e7\u00f5es est\u00e1 previsto para o <strong>m\u00eas de dezembro<\/strong>.<\/p>\n<p>Com a futura estreia em <strong>Dion\u00edsio Cerqueira<\/strong>, a rede passar\u00e1 a contar com <strong>cinco emissoras em territ\u00f3rio catarinense<\/strong>, consolidando sua presen\u00e7a em todas as regi\u00f5es do estado \u2014 especialmente no <strong>Oeste<\/strong>, onde j\u00e1 atua com for\u00e7a por meio da <strong>Clube FM 104.5 de Chapec\u00f3<\/strong> e da <strong>Clube FM 104.3 de S\u00e3o Domingos<\/strong>. A 93.7 FM parte de\u00a0Bernardo de Irigoyen.<\/p>\n<p>A expans\u00e3o da marca em Santa Catarina <strong><a href=\"https:\/\/tudoradio.com\/noticias\/ver\/23486-exclusivo-clube-fm-anuncia-a-expansao-de-sua-rede-para-santa-catarina-marca-estara-no-vale-do-itajai\" rel=\"nofollow noopener\" target=\"_blank\">teve in\u00edcio no litoral norte, com a Clube FM 102.1 de Itaja\u00ed, <\/a><\/strong>inaugurada no segundo semestre de 2020, em substitui\u00e7\u00e3o \u00e0 antiga Sertaneja FM 102.1. Em seguida, foi a vez da <strong>Clube FM 89.1 de Blumenau<\/strong>, emissora migrante da AM 1330 kHz, que ampliou a cobertura da rede na regi\u00e3o do <strong>Vale do Itaja\u00ed<\/strong>.<\/p>\n<p style=\"text-align:center\"><img decoding=\"async\" alt=\"\" src=\"https:\/\/www.europesays.com\/pt\/wp-content\/uploads\/2025\/11\/690d610b838b5.jpg\" style=\"height:300px; width:330px\" \/><br \/>&#13;<br \/>\nLogotipo da futura afiliada da Clube FM<\/p>\n<p>No <strong>Oeste Catarinense<\/strong>, a <strong>Clube FM 104.5 de Chapec\u00f3<\/strong>, integrante do <strong>Grupo Cond\u00e1 de Comunica\u00e7\u00e3o<\/strong>, entrou no ar oficialmente em <strong>3 de junho de 2024<\/strong>, substituindo a Sonora FM. Poucos meses depois, em <strong>5 de fevereiro de 2025<\/strong>, a <strong>Clube FM 104.3 de S\u00e3o Domingos<\/strong> passou a fazer parte da rede. Migrante da AM 1190 \u2014 emissora fundada em 1984 \u2014, a esta\u00e7\u00e3o ampliou consideravelmente seu alcance, passando a cobrir tamb\u00e9m o <strong>sudoeste do Paran\u00e1<\/strong> e o <strong>noroeste do Rio Grande do Sul<\/strong>.<\/p>\n<p>Com a chegada da <strong>Clube FM 93.7 de Dion\u00edsio Cerqueira<\/strong>, a <strong>Rede Clube FM Brasil<\/strong> refor\u00e7a sua estrat\u00e9gia de expans\u00e3o e consolida uma <strong>forte presen\u00e7a regional em Santa Catarina<\/strong>, especialmente na faixa oeste do estado. Caso n\u00e3o ocorram novos an\u00fancios at\u00e9 o fim de 2025, esta ser\u00e1 a <strong>quinta opera\u00e7\u00e3o da marca<\/strong> no territ\u00f3rio catarinense.<\/p>\n<p>\n\t\t\t\tA reprodu\u00e7\u00e3o das not\u00edcias e das pautas \u00e9 autorizada desde que contenha a assinatura &#8216;tudoradio.com&#8217;<\/p>\n<p>&#13;<br \/>\n\t\t\t\tTags:&#13;<br \/>\n\t\t\t\tClube FM 93.7, Rede Clube FM Brasil, Dion\u00edsio Cerqueira, Chapec\u00f3, S\u00e3o Domingos, Blumenau, Itaja\u00ed&#13;\n\t\t\t<\/p>\n","protected":false},"excerpt":{"rendered":"A Rede Clube FM Brasil\u00a0(liderada pela Clube FM 105.5 de Bras\u00edlia) vai dar in\u00edcio \u00e0 programa\u00e7\u00e3o de expectativa&hellip;\n","protected":false},"author":2,"featured_media":143017,"comment_status":"","ping_status":"","sticky":false,"template":"","format":"standard","meta":{"footnotes":""},"categories":[141],"tags":[7448,9854,31592,31594,114,115,21118,149,150,32,33,31593,23222],"class_list":{"0":"post-143016","1":"post","2":"type-post","3":"status-publish","4":"format-standard","5":"has-post-thumbnail","7":"category-musica","8":"tag-blumenau","9":"tag-chapeco","10":"tag-clube-fm-93-7","11":"tag-dionisio-cerqueira","12":"tag-entertainment","13":"tag-entretenimento","14":"tag-itajai","15":"tag-music","16":"tag-musica","17":"tag-portugal","18":"tag-pt","19":"tag-rede-clube-fm-brasil","20":"tag-sao-domingos"},"share_on_mastodon":{"url":"https:\/\/pubeurope.com\/@pt\/115509072297454977","error":""},"_links":{"self":[{"href":"https:\/\/www.europesays.com\/pt\/wp-json\/wp\/v2\/posts\/143016","targetHints":{"allow":["GET"]}}],"collection":[{"href":"https:\/\/www.europesays.com\/pt\/wp-json\/wp\/v2\/posts"}],"about":[{"href":"https:\/\/www.europesays.com\/pt\/wp-json\/wp\/v2\/types\/post"}],"author":[{"embeddable":true,"href":"https:\/\/www.europesays.com\/pt\/wp-json\/wp\/v2\/users\/2"}],"replies":[{"embeddable":true,"href":"https:\/\/www.europesays.com\/pt\/wp-json\/wp\/v2\/comments?post=143016"}],"version-history":[{"count":0,"href":"https:\/\/www.europesays.com\/pt\/wp-json\/wp\/v2\/posts\/143016\/revisions"}],"wp:featuredmedia":[{"embeddable":true,"href":"https:\/\/www.europesays.com\/pt\/wp-json\/wp\/v2\/media\/143017"}],"wp:attachment":[{"href":"https:\/\/www.europesays.com\/pt\/wp-json\/wp\/v2\/media?parent=143016"}],"wp:term":[{"taxonomy":"category","embeddable":true,"href":"https:\/\/www.europesays.com\/pt\/wp-json\/wp\/v2\/categories?post=143016"},{"taxonomy":"post_tag","embeddable":true,"href":"https:\/\/www.europesays.com\/pt\/wp-json\/wp\/v2\/tags?post=143016"}],"curies":[{"name":"wp","href":"https:\/\/api.w.org\/{rel}","templated":true}]}}