{"id":143018,"date":"2025-11-07T15:15:18","date_gmt":"2025-11-07T15:15:18","guid":{"rendered":"https:\/\/www.europesays.com\/pt\/143018\/"},"modified":"2025-11-07T15:15:18","modified_gmt":"2025-11-07T15:15:18","slug":"novo-frankenstein-escancara-o-horror-que-existe-em-cada-um-de-nos-r7-entretenimento","status":"publish","type":"post","link":"https:\/\/www.europesays.com\/pt\/143018\/","title":{"rendered":"Novo \u2018Frankenstein\u2019 escancara o horror que existe em cada um de n\u00f3s \u2013 R7 Entretenimento"},"content":{"rendered":"<p><img decoding=\"async\" data-chromatic=\"ignore\" alt=\"\" class=\"c-image\" loading=\"lazy\" src=\"https:\/\/www.europesays.com\/pt\/wp-content\/uploads\/2025\/11\/4Z6AVJHUJVFDFA2VPPXYNFIFCM.jpg\"  width=\"1200\" height=\"675\"\/>Jacob Elordi e Oscar Isaac protagonizam o longa &#8216;Frankenstein&#8217; Divulga\u00e7\u00e3o\/Netflix <\/p>\n<p class=\"jarvics:base-text-neutral-high-400 base-text-[calc(theme(fontSize.xs)_*_var(--font-size,_1))] base-font-normal base-font-primary base-text-neutral-low-500 base-text-left\">Personagem que entrou para a <a href=\"https:\/\/entretenimento.r7.com\/cinema\/\" target=\"_self\" rel=\"nofollow noopener\" title=\"https:\/\/entretenimento.r7.com\/cinema\/\">hist\u00f3ria<\/a> dos filmes de terror e j\u00e1 est\u00e1 definitivamente no imagin\u00e1rio popular, Frankenstein ganha mais uma adapta\u00e7\u00e3o cinematogr\u00e1fica, que estreia no streaming nesta sexta (7). O experiente diretor Guillermo Del Toro consegue trazer uma vers\u00e3o diferente do \u2018monstro\u2019, cheio de humanidade e questionamentos, dentro de uma hist\u00f3ria coesa.<\/p>\n<p class=\"jarvics:base-text-neutral-high-400 base-text-[calc(theme(fontSize.xs)_*_var(--font-size,_1))] base-font-normal base-font-primary base-text-neutral-low-500 base-text-left\">O enredo, baseado na <a href=\"https:\/\/www.r7.com\/tudo-sobre\/literatura\/\" target=\"_self\" rel=\"nofollow noopener\" title=\"https:\/\/www.r7.com\/tudo-sobre\/literatura\/\">obra liter\u00e1ria<\/a> de 1818 da autora Mary Shelley, um dos maiores cl\u00e1ssicos da literatura g\u00f3tica, fala da obsess\u00e3o do cientista Victor Frankenstein pela cria\u00e7\u00e3o de um experimento ousado: conseguir provar que um corpo morto consegue retornar \u00e0 vida. <\/p>\n<p class=\"jarvics:base-text-neutral-high-400 base-text-[calc(theme(fontSize.xs)_*_var(--font-size,_1))] base-font-normal base-font-primary base-text-neutral-low-500 base-text-left\">Oscar Isaac (de Star Wars e Duna) vai muito bem no papel e o recurso do flashback ajuda a compreender as frustra\u00e7\u00f5es desse personagem t\u00e3o complexo.<\/p>\n<p class=\"jarvics:base-text-neutral-high-400 base-text-[calc(theme(fontSize.xs)_*_var(--font-size,_1))] base-font-normal base-font-primary base-text-neutral-low-500 base-text-left\">Por\u00e9m, o grande destaque do longa \u00e9 Jacob Elordi como a \u2018criatura\u2019. Mesmo embaixo de uma maquiagem pesada, que \u00e9 totalmente diferente das outras vers\u00f5es de Frankenstein, ele consegue expor a vulnerabilidade do ser que acabou de \u2018nascer\u2019 neste mundo e precisa conviver com uma sociedade ego\u00edsta, implac\u00e1vel e que n\u00e3o aceita o diferente. Em diversos momentos, nos perguntamos quem afinal \u00e9 o monstro?<\/p>\n<p><img decoding=\"async\" data-chromatic=\"ignore\" alt=\"\" class=\"c-image\" loading=\"lazy\" src=\"https:\/\/www.europesays.com\/pt\/wp-content\/uploads\/2025\/11\/SJON7APM45H6TIZFRVGK7UGMAM.jpg\"  width=\"771\" height=\"419\"\/>Mia Goth tem papel destacado no novo &#8216;Frankenstein&#8217; Divulga\u00e7\u00e3o\/Netflix <\/p>\n<p class=\"jarvics:base-text-neutral-high-400 base-text-[calc(theme(fontSize.xs)_*_var(--font-size,_1))] base-font-normal base-font-primary base-text-neutral-low-500 base-text-left\">Dono de uma grande for\u00e7a f\u00edsica, o personagem traz a dualidade de tamb\u00e9m tentar ser gentil e entender o seu lugar no mundo. E o ator d\u00e1 conta do recado. Um papel totalmente diferente de outros trabalhos de Elordi, que em nada lembra o vil\u00e3o Nate Jacobs na s\u00e9rie Euphoria. <\/p>\n<p class=\"jarvics:base-text-neutral-high-400 base-text-[calc(theme(fontSize.xs)_*_var(--font-size,_1))] base-font-normal base-font-primary base-text-neutral-low-500 base-text-left\">Vale destacar Mia Goth (de X e Pearl) e David Bradley (Pin\u00f3quio e Doctor Who), que s\u00e3o presen\u00e7as marcantes no longa com personagens que fazem uma \u201cponte\u201d entre a criatura e a vida real. Christoph Waltz (Bastardos Ingl\u00f3rios e Django Livre) e Charles Dance (The Crown e Game of Thrones) tamb\u00e9m est\u00e3o no filme que chegou hoje \u00e0 Netflix.<\/p>\n<p class=\"jarvics:base-text-neutral-high-400 base-text-[calc(theme(fontSize.xs)_*_var(--font-size,_1))] base-font-normal base-font-primary base-text-neutral-low-500 base-text-left\">Em duas horas e meia de filme, alguns momentos podem parecer mais lentos, ainda mais com uma cena de abertura poderosa na qual conseguimos ver a for\u00e7a dos cen\u00e1rios grandiosos e uma sequ\u00eancia de a\u00e7\u00e3o de tirar o f\u00f4lego. Por\u00e9m, os di\u00e1logos s\u00e3o essenciais para o envolvimento com a hist\u00f3ria e o elenco carism\u00e1tico d\u00e1 conta do recado. <\/p>\n<p class=\"jarvics:base-text-neutral-high-400 base-text-[calc(theme(fontSize.xs)_*_var(--font-size,_1))] base-font-normal base-font-primary base-text-neutral-low-500 base-text-left\">O resultado pode ser frustrante para quem espera um filme de horror, mas a grandiosidade do \u00e9pico g\u00f3tico e um trabalho primoroso de dire\u00e7\u00e3o passam longe da decep\u00e7\u00e3o. <\/p>\n<p class=\"jarvics:base-text-neutral-high-400 base-text-[calc(theme(fontSize.xs)_*_var(--font-size,_1))] base-font-normal base-font-primary base-text-neutral-low-500 base-text-left\">A adapta\u00e7\u00e3o \u00e9 tocante, bonita e questionadora, trazendo uma reflex\u00e3o sobre a maldade humana, mas tamb\u00e9m sobre a esperan\u00e7a de despertarmos o melhor em cada um de n\u00f3s.<\/p>\n<p class=\"jarvics:base-text-neutral-high-400 base-text-[calc(theme(fontSize.xs)_*_var(--font-size,_1))] base-font-normal base-font-primary base-text-neutral-low-500 base-text-left\">\u2705<b>Para saber tudo do mundo dos famosos, <\/b><a href=\"https:\/\/whatsapp.com\/channel\/0029Va9UfKcHQbRyCyhPt71R\" rel=\"nofollow noopener\" title=\"https:\/\/whatsapp.com\/channel\/0029Va9UfKcHQbRyCyhPt71R\" target=\"_blank\"><b>siga o canal de entretenimento do R7<\/b><\/a><b>, o portal de not\u00edcias da Record, no WhatsApp<\/b><\/p>\n<p>Os textos aqui publicados <strong>n\u00e3o refletem<\/strong> necessariamente a opini\u00e3o do<strong> Grupo Record<\/strong>.<\/p>\n","protected":false},"excerpt":{"rendered":"Jacob Elordi e Oscar Isaac protagonizam o longa &#8216;Frankenstein&#8217; Divulga\u00e7\u00e3o\/Netflix Personagem que entrou para a hist\u00f3ria dos filmes&hellip;\n","protected":false},"author":2,"featured_media":143019,"comment_status":"","ping_status":"","sticky":false,"template":"","format":"standard","meta":{"footnotes":""},"categories":[140],"tags":[470,114,115,147,148,864,146,32,33],"class_list":{"0":"post-143018","1":"post","2":"type-post","3":"status-publish","4":"format-standard","5":"has-post-thumbnail","7":"category-filmes","8":"tag-cinema","9":"tag-entertainment","10":"tag-entretenimento","11":"tag-film","12":"tag-filmes","13":"tag-literatura","14":"tag-movies","15":"tag-portugal","16":"tag-pt"},"share_on_mastodon":{"url":"https:\/\/pubeurope.com\/@pt\/115509076006761651","error":""},"_links":{"self":[{"href":"https:\/\/www.europesays.com\/pt\/wp-json\/wp\/v2\/posts\/143018","targetHints":{"allow":["GET"]}}],"collection":[{"href":"https:\/\/www.europesays.com\/pt\/wp-json\/wp\/v2\/posts"}],"about":[{"href":"https:\/\/www.europesays.com\/pt\/wp-json\/wp\/v2\/types\/post"}],"author":[{"embeddable":true,"href":"https:\/\/www.europesays.com\/pt\/wp-json\/wp\/v2\/users\/2"}],"replies":[{"embeddable":true,"href":"https:\/\/www.europesays.com\/pt\/wp-json\/wp\/v2\/comments?post=143018"}],"version-history":[{"count":0,"href":"https:\/\/www.europesays.com\/pt\/wp-json\/wp\/v2\/posts\/143018\/revisions"}],"wp:featuredmedia":[{"embeddable":true,"href":"https:\/\/www.europesays.com\/pt\/wp-json\/wp\/v2\/media\/143019"}],"wp:attachment":[{"href":"https:\/\/www.europesays.com\/pt\/wp-json\/wp\/v2\/media?parent=143018"}],"wp:term":[{"taxonomy":"category","embeddable":true,"href":"https:\/\/www.europesays.com\/pt\/wp-json\/wp\/v2\/categories?post=143018"},{"taxonomy":"post_tag","embeddable":true,"href":"https:\/\/www.europesays.com\/pt\/wp-json\/wp\/v2\/tags?post=143018"}],"curies":[{"name":"wp","href":"https:\/\/api.w.org\/{rel}","templated":true}]}}