{"id":143025,"date":"2025-11-07T15:23:05","date_gmt":"2025-11-07T15:23:05","guid":{"rendered":"https:\/\/www.europesays.com\/pt\/143025\/"},"modified":"2025-11-07T15:23:05","modified_gmt":"2025-11-07T15:23:05","slug":"alegados-guias-turisticos-intimidam-visitantes-e-assaltam-viaturas-na-vila-e-serra-de-sintra","status":"publish","type":"post","link":"https:\/\/www.europesays.com\/pt\/143025\/","title":{"rendered":"Alegados guias tur\u00edsticos intimidam visitantes e assaltam viaturas na vila e serra de Sintra"},"content":{"rendered":"<p data-remotead-prev-elm=\"true\" data-remotead-elm-id=\"inread\">&#8220;Os acontecimentos da semana que passou foram efetivamente muito maus. Induzem as pessoas a estacionar num determinado s\u00edtio e, depois, enquanto as levam \u00e0 Pena ou a algum lado, o resto do gangue fica a assaltar e a levar tudo e as pessoas quando regressam j\u00e1 n\u00e3o t\u00eam nada&#8221;, contou a presidente da Associa\u00e7\u00e3o de Propriet\u00e1rios de Quintas na Serra de Sintra (APQSS), Rita de Castro Neto.<\/p>\n<p>Em declara\u00e7\u00f5es \u00e0 Lusa, a tamb\u00e9m residente denunciou o caso de &#8220;um casal mexicano, com tr\u00eas filhos&#8221;, que na semana passada viu a sua autocaravana assaltada e ficou, entre outros pertences, sem material inform\u00e1tico, que mais tarde seria rastreado no Senegal.<\/p>\n<p>O ass\u00e9dio de operadores tur\u00edsticos em Sintra tornou-se uma imagem de marca negativa da vila classificada Patrim\u00f3nio Mundial pela UNESCO, seja junto \u00e0 esta\u00e7\u00e3o da CP de Sintra ou na envolvente da Quinta da Regaleira.<\/p>\n<p data-remotead-prev-elm=\"true\" data-remotead-elm-id=\"centro1\">A falta de estacionamento em \u00e1reas como a Fonte da Sabuga, o acesso \u00e0 estrada da Pena (EN247-3), no Largo do V\u00edtor, ou na estrada para Colares (EN375), junto ao Pal\u00e1cio de Seteais, tem levado \u00e0 prolifera\u00e7\u00e3o de &#8220;tuk-tuk&#8221; ou TVDE (sigla para transporte em ve\u00edculos descaracterizados a partir de plataformas eletr\u00f3nicas), que aliciam turistas para os transportarem aos monumentos da serra.<\/p>\n<p>Segundo Rita de Castro Neto, a situa\u00e7\u00e3o &#8220;j\u00e1 decorre h\u00e1 algum tempo, mas tem vindo a agravar-se e o facto de existir muito pouca fiscaliza\u00e7\u00e3o faz com que as pessoas tenham um sentimento de impunidade&#8221; e se &#8220;apoderem de Sintra&#8221;.<\/p>\n<p>&#8220;\u00c9 muito complicado, quer para quem vive, quer para quem visita, porque \u00e9 uma experi\u00eancia traumatizante. E para quem vive existe medo, n\u00e3o h\u00e1 paz social hoje em dia em Sintra&#8221;, lamentou.<\/p>\n<p data-remotead-prev-elm=\"true\" data-remotead-elm-id=\"centro2\">Os incidentes com os alegados guias tur\u00edsticos, que se fazem passar tamb\u00e9m por funcion\u00e1rios municipais, envergando coletes como sendo oficiais, t\u00eam-se repetido tamb\u00e9m junto ao hotel da Quinta da Bella Vista, na EN375.<\/p>\n<p>Os relatos, nas redes sociais, referem turistas &#8220;importunados pelos &#8220;guias tur\u00edsticos&#8221;&#8221;, automobilistas intimidados para estacionarem e aceitarem &#8220;um passeio&#8221;, enquanto &#8220;os seus comparsas arrombam o carro&#8221;, ou h\u00f3spedes amea\u00e7ados de lhes &#8220;partirem a cara&#8221; se chamarem a GNR e empurr\u00f5es a estrangeiros idosos.<\/p>\n<p>&#8220;N\u00e3o sabemos se h\u00e1 falta de fiscaliza\u00e7\u00e3o porque n\u00e3o h\u00e1 meios, ou porque h\u00e1 alguma complac\u00eancia, pois por vezes vemos as autoridades a abordarem certos indiv\u00edduos que andam a comandar o tr\u00e2nsito e dizem-lhes para se irem embora, e com os &#8220;tuk-tuk&#8221; ou com os TVDE n\u00e3o vemos serem autuados, n\u00e3o vemos uma atua\u00e7\u00e3o mais autorit\u00e1ria que permita p\u00f4r ordem nas coisas&#8221;, comentou a dirigente da APQSS.<\/p>\n<p data-remotead-prev-elm=\"true\" data-remotead-elm-id=\"centro3\">Para acabar com a impunidade destes grupos, os propriet\u00e1rios de quintas est\u00e3o a preparar &#8220;cartazes dissuasores&#8221; de aviso para &#8220;roubos em viaturas&#8221;, apelando \u00e0 den\u00fancia imediata de &#8220;qualquer atividade suspeita&#8221;, com o contacto da GNR de Sintra, em portugu\u00eas e ingl\u00eas, e est\u00e1 a circular uma carta aberta a pedir \u00e0s autoridades para atuarem.<\/p>\n<p>Uma fonte oficial da GNR disse \u00e0 Lusa que existem &#8220;processos de investiga\u00e7\u00e3o&#8221; em curso sobre as den\u00fancias destes casos, mas por se tratar de &#8220;crimes particulares e alguns deles semip\u00fablicos&#8221; dependem de queixa.<\/p>\n<p>&#8220;Infelizmente, temos tido dificuldade em ter queixas apresentadas de pessoas porque normalmente s\u00e3o turistas, estrangeiros, n\u00e3o querem estar \u00e0 espera ou n\u00e3o t\u00eam tempo&#8221; para participar a ocorr\u00eancia, explicou.<\/p>\n<p data-remotead-prev-elm=\"true\" data-remotead-elm-id=\"centro4\">Embora n\u00e3o exista &#8220;um problema de desordem grave&#8221;, assegurou que est\u00e3o &#8220;a tomar aten\u00e7\u00e3o&#8221; e &#8220;a apostar em equipas multidisciplinares para resolver o problema, dentro do poss\u00edvel, que \u00e9 a dificuldade de os levar \u00e0 justi\u00e7a sem ter a formaliza\u00e7\u00e3o de queixas&#8221;.<\/p>\n<p>Apostando para j\u00e1 numa &#8220;presen\u00e7a discreta&#8221;, a fonte da GNR admitiu, no entanto, que se venha a &#8220;ter que articular entre as duas modalidades, a presen\u00e7a policial e a presen\u00e7a policial em investiga\u00e7\u00e3o criminal&#8221;.<\/p>\n<p>Questionada sobre o assunto, fonte oficial da C\u00e2mara de Sintra avan\u00e7ou que, ap\u00f3s a publica\u00e7\u00e3o das not\u00edcias, o presidente da autarquia se &#8220;reuniu de imediato com a Pol\u00edcia Municipal&#8221;.<\/p>\n<p>Apesar de n\u00e3o ter &#8220;qualquer tipo de relato seja atrav\u00e9s de mun\u00edcipes ou operadores tur\u00edsticos&#8221;, os respons\u00e1veis municipais asseguraram: &#8220;Estamos atentos a uma situa\u00e7\u00e3o que, a confirmar-se, repudiamos e n\u00e3o pode acontecer&#8221;.<\/p>\n","protected":false},"excerpt":{"rendered":"&#8220;Os acontecimentos da semana que passou foram efetivamente muito maus. Induzem as pessoas a estacionar num determinado s\u00edtio&hellip;\n","protected":false},"author":2,"featured_media":143026,"comment_status":"","ping_status":"","sticky":false,"template":"","format":"standard","meta":{"footnotes":""},"categories":[10],"tags":[20085,27,28,21359,15,16,14,603,25,26,21,22,12,13,19,20,32,23,24,33,17,18,29,30,31],"class_list":{"0":"post-143025","1":"post","2":"type-post","3":"status-publish","4":"format-standard","5":"has-post-thumbnail","7":"category-portugal","8":"tag-assaltos","9":"tag-breaking-news","10":"tag-breakingnews","11":"tag-concelho-sintra","12":"tag-featured-news","13":"tag-featurednews","14":"tag-headlines","15":"tag-justica","16":"tag-latest-news","17":"tag-latestnews","18":"tag-main-news","19":"tag-mainnews","20":"tag-news","21":"tag-noticias","22":"tag-noticias-principais","23":"tag-noticiasprincipais","24":"tag-portugal","25":"tag-principais-noticias","26":"tag-principaisnoticias","27":"tag-pt","28":"tag-top-stories","29":"tag-topstories","30":"tag-ultimas","31":"tag-ultimas-noticias","32":"tag-ultimasnoticias"},"share_on_mastodon":{"url":"https:\/\/pubeurope.com\/@pt\/115509107469571754","error":""},"_links":{"self":[{"href":"https:\/\/www.europesays.com\/pt\/wp-json\/wp\/v2\/posts\/143025","targetHints":{"allow":["GET"]}}],"collection":[{"href":"https:\/\/www.europesays.com\/pt\/wp-json\/wp\/v2\/posts"}],"about":[{"href":"https:\/\/www.europesays.com\/pt\/wp-json\/wp\/v2\/types\/post"}],"author":[{"embeddable":true,"href":"https:\/\/www.europesays.com\/pt\/wp-json\/wp\/v2\/users\/2"}],"replies":[{"embeddable":true,"href":"https:\/\/www.europesays.com\/pt\/wp-json\/wp\/v2\/comments?post=143025"}],"version-history":[{"count":0,"href":"https:\/\/www.europesays.com\/pt\/wp-json\/wp\/v2\/posts\/143025\/revisions"}],"wp:featuredmedia":[{"embeddable":true,"href":"https:\/\/www.europesays.com\/pt\/wp-json\/wp\/v2\/media\/143026"}],"wp:attachment":[{"href":"https:\/\/www.europesays.com\/pt\/wp-json\/wp\/v2\/media?parent=143025"}],"wp:term":[{"taxonomy":"category","embeddable":true,"href":"https:\/\/www.europesays.com\/pt\/wp-json\/wp\/v2\/categories?post=143025"},{"taxonomy":"post_tag","embeddable":true,"href":"https:\/\/www.europesays.com\/pt\/wp-json\/wp\/v2\/tags?post=143025"}],"curies":[{"name":"wp","href":"https:\/\/api.w.org\/{rel}","templated":true}]}}