{"id":143042,"date":"2025-11-07T15:39:22","date_gmt":"2025-11-07T15:39:22","guid":{"rendered":"https:\/\/www.europesays.com\/pt\/143042\/"},"modified":"2025-11-07T15:39:22","modified_gmt":"2025-11-07T15:39:22","slug":"o-que-nao-se-ouviu-no-debate-da-burca","status":"publish","type":"post","link":"https:\/\/www.europesays.com\/pt\/143042\/","title":{"rendered":"o que n\u00e3o se ouviu no debate da burca"},"content":{"rendered":"<p class=\"wp-caption-text top\">Jos\u00e9 Sena Goul\u00e3o \/ LUSA<\/p>\n<p><img decoding=\"async\" loading=\"lazy\" class=\"size-kopa-image-size-3 wp-image-690266\" src=\"https:\/\/www.europesays.com\/pt\/wp-content\/uploads\/2025\/11\/43b2dfb367bbcda1b920bfd34d95223e-783x450.jpg\" alt=\"\" width=\"700\" height=\"402\"  \/><\/p>\n<p><strong>Debate particularmente sens\u00edvel, com (ainda) mais ofensas no Parlamento. Transcri\u00e7\u00e3o confirma vers\u00e3o de Rita Matias.<\/strong><\/p>\n<p>A sess\u00e3o na Assembleia da Rep\u00fablica que originou a <a href=\"https:\/\/zap.aeiou.pt\/burca-proibida-parlamento-706688\" data-wpel-link=\"internal\" rel=\"nofollow noopener\" target=\"_blank\">proibi\u00e7\u00e3o de burcas<\/a> em espa\u00e7os p\u00fablicos foi particularmente \u201cquente\u201d, com mais trocas de palavras \u2013 ou ofensas \u2013 do que o habitual.<\/p>\n<p>Muitos <strong>apartes<\/strong> n\u00e3o s\u00e3o \u201capanhados\u201d por quem est\u00e1 a assistir, ou nas galerias de S\u00e3o Bento, ou por quem est\u00e1 a ouvir na r\u00e1dio ou a ver na televis\u00e3o.<\/p>\n<p>Mas o Parlamento tem um servi\u00e7o que capta e transcreve muitos momentos que o espectador normal n\u00e3o capta: o <a href=\"https:\/\/www.parlamento.pt\/DAR\/Paginas\/DAR1Serie.aspx\" data-wpel-link=\"external\" target=\"_blank\" rel=\"nofollow external noopener noreferrer\" class=\"ext-link\">Di\u00e1rio da Assembleia da Rep\u00fablica<\/a>.<\/p>\n<p>Nessas transcri\u00e7\u00f5es \u2013 muito bem reunidas por Sara Barros Leit\u00e3o na pe\u00e7a <a href=\"https:\/\/www.cassandra.pt\/guiao-para-um-pais-possivel\" data-wpel-link=\"external\" target=\"_blank\" rel=\"nofollow external noopener noreferrer\" class=\"ext-link\">Gui\u00e3o para um pa\u00eds poss\u00edvel<\/a> \u2013 h\u00e1 frases que nem o pr\u00f3prio presidente da Assembleia da Rep\u00fablica ouve no momento.<\/p>\n<p>A reuni\u00e3o plen\u00e1ria sobre as burcas (e n\u00e3o s\u00f3) realizou-se a 17 de Outubro. Como \u00e9 habitual, a transcri\u00e7\u00e3o foi <a href=\"https:\/\/app.parlamento.pt\/webutils\/docs\/doc.pdf?path=6148523063446f764c324679626d56304c334e706447567a4c31685753556c4d5a576376524546535353394551564a4a51584a7864576c32627938784c734b714a5449775532567a63384f6a627955794d45786c5a326c7a6247463061585a684c3052425569314a4c5441794e7935775a47593d&amp;fich=DAR-I-027.pdf&amp;Inline=true\" data-wpel-link=\"external\" target=\"_blank\" rel=\"nofollow external noopener noreferrer\" class=\"ext-link\">publicada<\/a> v\u00e1rios dias mais tarde, apenas na semana passada.<\/p>\n<p>Ainda antes do tema \u201cquente\u201d da burca, quando se falava sobre os direitos e o bem-estar dos idosos, Rui Livre acusou o PSD de impedir a carta do Livre sobre os direitos de cidadania s\u00e9nior.<\/p>\n<p>\u201cChegou a acontecer o PSD inviabilizar e o Governo, logo a seguir, apresentar o Estatuto do Idoso, a partir do Governo! O que nos parece que \u00e9 um bocadinho aquele tipo de\u2026\u201d<\/p>\n<p>Sendo interrompido por protestos de Hugo Soares, deputado do PSD, reagiu: \u201cOu\u00e7am, somos todos adultos, toda a gente faz pol\u00edtica, toda a gente conhece estas coisas, n\u00e3o vale a pena o senhor deputado Hugo Soares, agora, estar a\u00ed a rasgar as vestes\u201d.<\/p>\n<p>O l\u00edder parlamentar do PSD reagiu: <strong>\u201cAt\u00e9 tiro a roupa!\u201d<\/strong>.<\/p>\n<p>Mais \u00e0 frente, e agora sim sobre as burcas, quando a presidente da Mesa via que ningu\u00e9m estava inscrito para falar depois do CDS, Rita Matias (Chega) atirou: <strong>\u201cS\u00e3o coniventes com o fascismo isl\u00e2mico!\u201d.<\/strong><\/p>\n<p>Andreia Galv\u00e3o (Bloco de Esquerda) inscreveu-se para dizer que o projecto-de-lei do Chega sobre o fim das burcas, e citando a Ordem dos Advogados, \u201cn\u00e3o \u00e9 neutro, tem como alvo uma comunidade religiosa, por isso, viola o princ\u00edpio constitucional da liberdade, consci\u00eancia e religi\u00e3o\u201d.<\/p>\n<p>Rita Matias, de novo: <strong>\u201cDos crist\u00e3os n\u00e3o falam voc\u00eas!\u201d<\/strong>.<\/p>\n<p>A esta altura, o ambiente j\u00e1 tinha aquecido. Andreia Galv\u00e3o: \u201cNum pa\u00eds livre, o Estado n\u00e3o deve impor modos de vida, n\u00e3o; deve proteger o direito de cada pessoa de se vestir \u00e0 sua maneira. Senhoras e senhores deputados, o princ\u00edpio \u00e9 este: viver e deixar viver\u201d.<\/p>\n<p>Rita Matias: \u201cQue vergonha! <strong>T\u00eam de defender os maridos isl\u00e2micos!<\/strong>\u201d.<\/p>\n<p>Mariana Leit\u00e3o (Iniciativa Liberal) tamb\u00e9m protestou: \u201c<strong>S\u00e3o tratadas como lixo!<\/strong>\u201d.<\/p>\n<p>Perante os protestos de Eurico Brilhante Dias (PS, sem transcri\u00e7\u00e3o), Rita Matias disse: \u201c<strong>Um machista a falar!<\/strong>\u201d.<\/p>\n<p>Rui Rocha (IL), pouco depois: \u201cAs religi\u00f5es n\u00e3o s\u00e3o todas iguais, as civiliza\u00e7\u00f5es n\u00e3o s\u00e3o todas iguais, as sociedades n\u00e3o s\u00e3o todas iguais. A nossa foi constru\u00edda sobre s\u00e9culos de hist\u00f3ria, sacrif\u00edcios e mart\u00edrios; a nossa foi tamb\u00e9m constru\u00edda sobre o ombro de gigantes. Fechar os olhos \u00e0 burca significaria n\u00e3o estar \u00e0 altura da dimens\u00e3o desses gigantes\u201d.<\/p>\n<p><strong>\u201cA nossa \u00e9 melhor!\u201d<\/strong>, apontou Pedro Fraz\u00e3o, do Chega.<\/p>\n<p>Rui Rocha continua a falar: \u201cH\u00e1 quem diga que esta discuss\u00e3o n\u00e3o \u00e9 relevante, porque em Portugal poucas mulheres usam burca. Est\u00e3o errados!\u201d.<\/p>\n<p>Rita Matias, outra vez: \u201cH\u00e1 demasiadas!\u201d.<\/p>\n<p>Quando o deputado da IL deixou de falar, mais uma vez, a Mesa n\u00e3o tinha inscri\u00e7\u00f5es. Mais uma vez, Rita Matias falou: \u201c<strong>Feministas de pacotilha!<\/strong> Quem cala, consente! S\u00e3o coniventes!\u201d.<\/p>\n<p>Mas Rui Tavares inscreveu-se e, num discurso constantemente interrompido por Chega e CDS, a certa altura, comentou: \u201cOu\u00e7am o discurso, n\u00e3o estejam a adivinhar! A direita agora arranjou uma mania de que nunca foi hip\u00f3crita: nem no casamento gay, nem na igreja cat\u00f3lica, nem nos abusos sexuais! E acha que adivinha o que \u00e9 que a esquerda vai dizer. Esperem! A esquerda fala, n\u00e3o precisa que voc\u00eas adivinhem. N\u00e3o vou gastar um segundo\u2026\u201d<\/p>\n<p>Pedro Pinto (Chega) interrompe para gritar: <strong>\u201cTira a m\u00e3o do bolso!\u201d<\/strong>.<\/p>\n<p>Tudo isto segundos antes do famoso epis\u00f3dio de se poder ou n\u00e3o dizer \u201cgajo\u201d na Assembleia da Rep\u00fablica \u2013 mas essa palavra dita por Rui Tavares e o debate seguinte foi bem percept\u00edvel na sala.<\/p>\n<p>Ainda na disputa com Rui Tavares, quando o deputado do Livre alegava que o projecto-de-lei em causa est\u00e1 \u201cmal feito, porque \u00e9 uma armadilha\u201d e porque \u201co que toda a gente quer n\u00e3o \u00e9 discutir a s\u00e9rio este tema, mas apresentar uma coisa mal feita, para que haja quem vote contra, para depois irem para os plateaus de televis\u00e3o dizer que as pessoas votaram contra\u201d.<\/p>\n<p>\u201cE eu\u201d, continuou Rui Tavares, \u201cpara o pedit\u00f3rio de um pol\u00edtico e de um partido viciado em aten\u00e7\u00e3o\u2026\u201d \u2013 protestos do Chega, aqui \u2013 \u201c\u2026n\u00e3o dou nem mais um minuto. \u00c9 o meu discurso mais curto nesta casa! Entretenham-se!\u201d.<\/p>\n<p>Pedro Fraz\u00e3o reagiu:<strong> \u201cVai para o Afeganist\u00e3o!\u201d<\/strong>.<\/p>\n<p>Esta transcri\u00e7\u00e3o tamb\u00e9m confirma a vers\u00e3o de Rita Matias sobre a pol\u00e9mica frase <a href=\"https:\/\/zap.aeiou.pt\/ainda-bem-que-nao-foi-abortada-rita-matias-parlamento-707081\" data-wpel-link=\"internal\" rel=\"nofollow noopener\" target=\"_blank\">\u201cAinda bem que n\u00e3o foi abortada\u201d<\/a>. A transcri\u00e7\u00e3o mostra que, durante os aplausos \u00e0 aprova\u00e7\u00e3o do fim das burcas em espa\u00e7os p\u00fablicos, Filipa Pinto (Livre) disse: \u201cFalamos quando for o aborto!\u201d. Rita Matias ouviu e respondeu: \u201cAinda bem que n\u00e3o te abortaram, Filipa!\u201d.<\/p>\n<p>Tudo com microfone desligado.<\/p>\n<p style=\"padding-left: 25px; margin-bottom: 10; font-family: Roboto, Arial, Helvetica, sans-serif; font-size: 15px\">&#13;<br \/>\n        Nuno Teixeira da Silva, ZAP \/\/ <a href=\"\" data-wpel-link=\"internal\"\/>&#13;\n    <\/p>\n<p>    <a href=\"https:\/\/zap.aeiou.pt\/subscrever-newsletter\" data-wpel-link=\"internal\" rel=\"nofollow noopener\" target=\"_blank\">&#13;<br \/>\n        <img loading=\"lazy\" decoding=\"async\" class=\"aligncenter size-full wp-image-575475\" src=\"https:\/\/www.europesays.com\/pt\/wp-content\/uploads\/2025\/10\/1759862234_971_2d51fe4a0ba54894421ead1809309ed9-1-450x140.jpg\" alt=\"Subscreva a Newsletter ZAP\" width=\"450\" height=\"140\"\/>&#13;<br \/>\n    <\/a><\/p>\n<p>                <a href=\"https:\/\/whatsapp.com\/channel\/0029VaIC4EE2f3EJZPPSbR34\" data-wpel-link=\"external\" target=\"_blank\" rel=\"nofollow external noopener noreferrer\" class=\"ext-link\">&#13;<br \/>\n                    <img loading=\"lazy\" decoding=\"async\" class=\"aligncenter size-full wp-image-575475\" src=\"https:\/\/www.europesays.com\/pt\/wp-content\/uploads\/2025\/10\/1759862234_512_c68c559d956d4ca20f435ed74a6e71e6.png\" alt=\"Siga-nos no WhatsApp\" width=\"175\" height=\"64\"\/>&#13;<br \/>\n                <\/a><\/p>\n<p>                <a href=\"https:\/\/news.google.com\/publications\/CAAiEHRwZondIV71PDjWNoqMduEqFAgKIhB0cGaJ3SFe9Tw41jaKjHbh?hl=en-US&amp;gl=US&amp;ceid=US%3Aen\" data-wpel-link=\"external\" target=\"_blank\" rel=\"nofollow external noopener noreferrer\" class=\"ext-link\">&#13;<br \/>\n                    <img loading=\"lazy\" decoding=\"async\" class=\"aligncenter size-full wp-image-575475\" src=\"https:\/\/www.europesays.com\/pt\/wp-content\/uploads\/2025\/10\/1759862235_242_5123dd8b087b644fdb8f8603acd1bad4.png\" alt=\"Siga-nos no Google News\" width=\"176\" height=\"64\"\/>&#13;<br \/>\n                <\/a><\/p>\n","protected":false},"excerpt":{"rendered":"Jos\u00e9 Sena Goul\u00e3o \/ LUSA Debate particularmente sens\u00edvel, com (ainda) mais ofensas no Parlamento. Transcri\u00e7\u00e3o confirma vers\u00e3o de&hellip;\n","protected":false},"author":2,"featured_media":143043,"comment_status":"","ping_status":"","sticky":false,"template":"","format":"standard","meta":{"footnotes":""},"categories":[10],"tags":[27,28,269,15,16,14,25,26,21,22,12,13,19,20,4532,52,32,23,24,33,17,18,29,30,31],"class_list":{"0":"post-143042","1":"post","2":"type-post","3":"status-publish","4":"format-standard","5":"has-post-thumbnail","7":"category-portugal","8":"tag-breaking-news","9":"tag-breakingnews","10":"tag-capa","11":"tag-featured-news","12":"tag-featurednews","13":"tag-headlines","14":"tag-latest-news","15":"tag-latestnews","16":"tag-main-news","17":"tag-mainnews","18":"tag-news","19":"tag-noticias","20":"tag-noticias-principais","21":"tag-noticiasprincipais","22":"tag-parlamento","23":"tag-politica","24":"tag-portugal","25":"tag-principais-noticias","26":"tag-principaisnoticias","27":"tag-pt","28":"tag-top-stories","29":"tag-topstories","30":"tag-ultimas","31":"tag-ultimas-noticias","32":"tag-ultimasnoticias"},"share_on_mastodon":{"url":"https:\/\/pubeurope.com\/@pt\/115509170557909837","error":""},"_links":{"self":[{"href":"https:\/\/www.europesays.com\/pt\/wp-json\/wp\/v2\/posts\/143042","targetHints":{"allow":["GET"]}}],"collection":[{"href":"https:\/\/www.europesays.com\/pt\/wp-json\/wp\/v2\/posts"}],"about":[{"href":"https:\/\/www.europesays.com\/pt\/wp-json\/wp\/v2\/types\/post"}],"author":[{"embeddable":true,"href":"https:\/\/www.europesays.com\/pt\/wp-json\/wp\/v2\/users\/2"}],"replies":[{"embeddable":true,"href":"https:\/\/www.europesays.com\/pt\/wp-json\/wp\/v2\/comments?post=143042"}],"version-history":[{"count":0,"href":"https:\/\/www.europesays.com\/pt\/wp-json\/wp\/v2\/posts\/143042\/revisions"}],"wp:featuredmedia":[{"embeddable":true,"href":"https:\/\/www.europesays.com\/pt\/wp-json\/wp\/v2\/media\/143043"}],"wp:attachment":[{"href":"https:\/\/www.europesays.com\/pt\/wp-json\/wp\/v2\/media?parent=143042"}],"wp:term":[{"taxonomy":"category","embeddable":true,"href":"https:\/\/www.europesays.com\/pt\/wp-json\/wp\/v2\/categories?post=143042"},{"taxonomy":"post_tag","embeddable":true,"href":"https:\/\/www.europesays.com\/pt\/wp-json\/wp\/v2\/tags?post=143042"}],"curies":[{"name":"wp","href":"https:\/\/api.w.org\/{rel}","templated":true}]}}