{"id":143046,"date":"2025-11-07T15:44:12","date_gmt":"2025-11-07T15:44:12","guid":{"rendered":"https:\/\/www.europesays.com\/pt\/143046\/"},"modified":"2025-11-07T15:44:12","modified_gmt":"2025-11-07T15:44:12","slug":"revelados-os-primeiros-5-minutos-do-fim-de-stranger-things-observador","status":"publish","type":"post","link":"https:\/\/www.europesays.com\/pt\/143046\/","title":{"rendered":"Revelados os primeiros 5 minutos do fim de &#8220;Stranger Things&#8221; \u2013 Observador"},"content":{"rendered":"<p>As informa\u00e7\u00f5es sobre a quinta e \u00faltima temporada de Stranger Things foram sendo reveladas a conta-gotas, mas sabemos que a a\u00e7\u00e3o dos novos epis\u00f3dios se desenrola um ano e meio depois dos acontecimentos da quarta temporada, que terminou com o aparecimento de enormes fissuras na cidade de Hawkins e com Max (interpretada por Sadie Sink) em coma. Por\u00e9m, a Netflix acaba de divulgar os cinco primeiros minutos do regresso e tudo come\u00e7a com um flashback. Regressamos a 12 de novembro de 1983, seis dias ap\u00f3s o desaparecimento de Will Byers (Noah Schnapp), acontecimento que marca o in\u00edcio da s\u00e9rie.<\/p>\n<p><strong>[os primeiros cinco minutos da quinta temporada de \u201cStranger Things:]<\/strong><\/p>\n<p>Will est\u00e1 deitado no interior de Castle Byers, o espa\u00e7o que usava para desenhar e ler banda desenhada. Enquanto treme, confuso e assustado, murmura a letra de Should I Stay or Should I Go, dos The Clash \u2014 as mem\u00f3rias mais apuradas v\u00e3o lembrar-se de que Jonathan (Charlie Heaton), o irm\u00e3o mais velho de Will, lhe mostra esse tema no primeiro epis\u00f3dio da s\u00e9rie quando tenta distra\u00ed-lo do telefonema tenso da m\u00e3e com o pai, na outra divis\u00e3o da casa.<\/p>\n<p><strong>Alerta Spoiler: se n\u00e3o quer saber nada antes de ver o regresso da s\u00e9rie, n\u00e3o leia mais.<\/strong><\/p>\n<p>O mi\u00fado de 12 anos (foi preciso recorrer \u00e0 Intelig\u00eancia Artificial para rejuvenescer Noah Schnapp, agora que se passaram quase dez anos desde que come\u00e7ou a interpretar a personagem, em 2016) \u00e9 ent\u00e3o acordado do seu torpor por ru\u00eddos no exterior. Do outro lado, um Demogorgon (criatura controlada por Vecna) prepara-se para atacar, tendo Will o discernimento de disparar a espingarda (outra refer\u00eancia \u00e0 primeira temporada), antes de come\u00e7ar a correr. Ainda consegue trepar uma \u00e1rvore at\u00e9 cair e ser apanhado pelo monstro. Estamos agora na vers\u00e3o do mundo Upside Down da Biblioteca de Hawkins \u2014 voltando novamente atr\u00e1s, \u00e9 a\u00ed que Will \u00e9 encontrado pela m\u00e3e, Joyce (Winona Ryder), e por Jim Hopper (David Harbour) na primeira temporada \u2014, onde se d\u00e1 o encontro mais temido. Estamos a falar do frente a frente entre Will e Vecna (Jamie Campbell Bower).<\/p>\n<p>Will, que parece estar adormecido, \u00e9 completamente dominado por tent\u00e1culos que o deixam colado a uma parede. Vecna tem muitos planos, ou mais precisamente \u201ccoisas lindas\u201d, para fazer com ele. \u201cFinalmente, podemos come\u00e7ar\u201d, revela, enquanto o mi\u00fado, numa esp\u00e9cie de transe, recebe um veneno (ou ADN mal\u00e9fico, ou seja l\u00e1 o que isto for) que h\u00e1-de ditar os acontecimentos da\u00ed em diante \u2014 e, agora que est\u00e3o vistos estes cinco minutos, talvez mudar a perce\u00e7\u00e3o daquilo que est\u00e1 para tr\u00e1s.<\/p>\n<p>Os criadores de Stranger Things, Matt e Ross Duffer, j\u00e1 tinham garantido que esta \u00faltima temporada tiraria todas as d\u00favidas sobre o Upside Down e o que se passou por l\u00e1 come\u00e7a a ser revelado j\u00e1 a 27 de novembro. A quinta temporada estreia-se em Portugal \u00e0 uma da manh\u00e3 desse dia, com quatro epis\u00f3dios, estando mais tr\u00eas guardados para o dia de Natal e o final para a passagem de ano.<\/p>\n","protected":false},"excerpt":{"rendered":"As informa\u00e7\u00f5es sobre a quinta e \u00faltima temporada de Stranger Things foram sendo reveladas a conta-gotas, mas sabemos&hellip;\n","protected":false},"author":2,"featured_media":143047,"comment_status":"","ping_status":"","sticky":false,"template":"","format":"standard","meta":{"footnotes":""},"categories":[142],"tags":[315,114,115,32,33,1749,151],"class_list":{"0":"post-143046","1":"post","2":"type-post","3":"status-publish","4":"format-standard","5":"has-post-thumbnail","7":"category-tv","8":"tag-cultura","9":"tag-entertainment","10":"tag-entretenimento","11":"tag-portugal","12":"tag-pt","13":"tag-su00e9ries","14":"tag-tv"},"share_on_mastodon":{"url":"https:\/\/pubeurope.com\/@pt\/115509190313057707","error":""},"_links":{"self":[{"href":"https:\/\/www.europesays.com\/pt\/wp-json\/wp\/v2\/posts\/143046","targetHints":{"allow":["GET"]}}],"collection":[{"href":"https:\/\/www.europesays.com\/pt\/wp-json\/wp\/v2\/posts"}],"about":[{"href":"https:\/\/www.europesays.com\/pt\/wp-json\/wp\/v2\/types\/post"}],"author":[{"embeddable":true,"href":"https:\/\/www.europesays.com\/pt\/wp-json\/wp\/v2\/users\/2"}],"replies":[{"embeddable":true,"href":"https:\/\/www.europesays.com\/pt\/wp-json\/wp\/v2\/comments?post=143046"}],"version-history":[{"count":0,"href":"https:\/\/www.europesays.com\/pt\/wp-json\/wp\/v2\/posts\/143046\/revisions"}],"wp:featuredmedia":[{"embeddable":true,"href":"https:\/\/www.europesays.com\/pt\/wp-json\/wp\/v2\/media\/143047"}],"wp:attachment":[{"href":"https:\/\/www.europesays.com\/pt\/wp-json\/wp\/v2\/media?parent=143046"}],"wp:term":[{"taxonomy":"category","embeddable":true,"href":"https:\/\/www.europesays.com\/pt\/wp-json\/wp\/v2\/categories?post=143046"},{"taxonomy":"post_tag","embeddable":true,"href":"https:\/\/www.europesays.com\/pt\/wp-json\/wp\/v2\/tags?post=143046"}],"curies":[{"name":"wp","href":"https:\/\/api.w.org\/{rel}","templated":true}]}}