{"id":143054,"date":"2025-11-07T15:49:10","date_gmt":"2025-11-07T15:49:10","guid":{"rendered":"https:\/\/www.europesays.com\/pt\/143054\/"},"modified":"2025-11-07T15:49:10","modified_gmt":"2025-11-07T15:49:10","slug":"blumenau-reforca-atencao-a-gestante-com-capacitacao-sobre-o-pre-natal","status":"publish","type":"post","link":"https:\/\/www.europesays.com\/pt\/143054\/","title":{"rendered":"Blumenau refor\u00e7a aten\u00e7\u00e3o \u00e0 gestante com capacita\u00e7\u00e3o sobre o pr\u00e9-natal"},"content":{"rendered":"<p>&#13;<br \/>\n                &#13;<br \/>\n                             &#13;<br \/>\n           \t\t &#13;<\/p>\n<p>                \t<img decoding=\"async\" src=\"https:\/\/www.europesays.com\/pt\/wp-content\/uploads\/2025\/11\/e1adf87a1d00addb3b0b24de6f8967ea.jpg\" align=\"left\"\/><\/p>\n<p>                &#13;<br \/>\n                            &#13;<\/p>\n<p>Profissionais de sa\u00fade de Blumenau e das cidades da Associa\u00e7\u00e3o dos Munic\u00edpios do M\u00e9dio Vale do Itaja\u00ed (Amve) participaram de uma capacita\u00e7\u00e3o sobre o cuidado com gestantes na Aten\u00e7\u00e3o Prim\u00e1ria \u00e0 Sa\u00fade (APS). A qualifica\u00e7\u00e3o, promovida\u00a0pela Secretaria de Promo\u00e7\u00e3o da Sa\u00fade (Semus) em parceria com a Ger\u00eancia Regional de Sa\u00fade de Blumenau (Gersa) e o Hospital Santo Ant\u00f4nio (HSA), teve como foco identificar riscos na gesta\u00e7\u00e3o e melhorar o pr\u00e9-natal. O objetivo \u00e9 detectar cedo as gestantes que ainda n\u00e3o t\u00eam acompanhamento e garantir atendimento r\u00e1pido e seguro na rede de sa\u00fade.<\/p>\n<p>&#13;<br \/>\n&#13;<\/p>\n<p>A capacita\u00e7\u00e3o aconteceu de 5 a 7 de novembro, na Escola T\u00e9cnica do SUS (ETSUS), com o tema \u201cAten\u00e7\u00e3o \u00e0 Gestante na APS: Fluxos, Cuidados e Encaminhamentos ao Pr\u00e9-Natal de Alto Risco\u201d.<\/p>\n<p>&#13;<br \/>\n&#13;<\/p>\n<p>A iniciativa ajuda a alcan\u00e7ar metas importantes na \u00e1rea da sa\u00fade, como garantir que todas as gestantes fa\u00e7am o pr\u00e9-natal completo e sigam o calend\u00e1rio de vacinas, al\u00e9m de acompanhar de perto situa\u00e7\u00f5es de vulnerabilidade social, econ\u00f4mica ou cl\u00ednica e reduzir mortes maternas, fetais e infantis.<\/p>\n<p>&#13;<br \/>\n&#13;<\/p>\n<p>O secret\u00e1rio de Promo\u00e7\u00e3o da Sa\u00fade, Douglas Rafael, destacou que o treinamento refor\u00e7a o compromisso do munic\u00edpio em melhorar o atendimento para gestantes, pu\u00e9rperas e rec\u00e9m-nascidos. \u201cEssa capacita\u00e7\u00e3o mostra a import\u00e2ncia de identificar e tratar logo complica\u00e7\u00f5es como hemorragias, press\u00e3o alta, abortos e infec\u00e7\u00f5es, al\u00e9m de doen\u00e7as que exigem acompanhamento especial, como infec\u00e7\u00f5es e diabetes\u201d, afirmou.<\/p>\n<p>&#13;<br \/>\n&#13;<\/p>\n<p>A enfermeira Cleusa Pandini, da Pol\u00edtica de Aten\u00e7\u00e3o Integral \u00e0 Sa\u00fade da Mulher da Semus, lembrou que o trabalho das equipes da Aten\u00e7\u00e3o Prim\u00e1ria \u00e9 essencial. \u201cA APS \u00e9 a primeira e mais importante defesa contra a mortalidade materna. Capacitar os profissionais para identificar riscos e encaminhar rapidamente as gestantes \u00e9 fundamental para salvar vidas. Nenhuma mulher pode ficar sem acompanhamento, e casos de alto risco precisam de aten\u00e7\u00e3o imediata\u201d, refor\u00e7ou.<\/p>\n<p>&#13;<br \/>\n&#13;<\/p>\n<p>Durante a capacita\u00e7\u00e3o, tamb\u00e9m foi destacada a import\u00e2ncia de buscar ativamente gestantes e pu\u00e9rperas para garantir que todas recebam acompanhamento cont\u00ednuo e de qualidade em Blumenau e na regi\u00e3o.<\/p>\n<p>&#13;<br \/>\n&#13;<\/p>\n<p>\u00a0<\/p>\n<p>&#13;<br \/>\n&#13;<\/p>\n<p>Assessora de comunica\u00e7\u00e3o: Elaine Malheiros<\/p>\n<p>&#13;<br \/>\n   &#13;<\/p>\n<p class=\"data\">postada em 07\/11\/2025 11:50 &#8211; 54 visualiza\u00e7\u00f5es<\/p>\n<p>  &#13;<br \/>\n         &#13;<br \/>\n                             &#13;<\/p>\n<p><strong>Fotos<\/strong><br \/>&#13;\n                <\/p>\n<p>               &#13;<br \/>\n                         &#13;<br \/>\n                \t\t\t\t&#13;<br \/>\n\t\t\t\t\t                                               &#13;<br \/>\n                      &#13;<br \/>\n                      &#13;<br \/>\n               &#13;<br \/>\n               &#13;<br \/>\n               &#13;<br \/>\n               &#13;<br \/>\n               &#13;<br \/>\n               &#13;<br \/>\n               &#13;<br \/>\n               &#13;<br \/>\n               &#13;<br \/>\n          &#13;<br \/>\n&#13;<br \/>\n                                         &#13;<\/p>\n","protected":false},"excerpt":{"rendered":"&#13; &#13; &#13; &#13; &#13; &#13; Profissionais de sa\u00fade de Blumenau e das cidades da Associa\u00e7\u00e3o dos Munic\u00edpios&hellip;\n","protected":false},"author":2,"featured_media":143055,"comment_status":"","ping_status":"","sticky":false,"template":"","format":"standard","meta":{"footnotes":""},"categories":[86],"tags":[3980,5724,31602,116,32,2539,33,117],"class_list":{"0":"post-143054","1":"post","2":"type-post","3":"status-publish","4":"format-standard","5":"has-post-thumbnail","7":"category-saude","8":"tag-3980","9":"tag-capacitacao","10":"tag-etsus","11":"tag-health","12":"tag-portugal","13":"tag-pre-natal","14":"tag-pt","15":"tag-saude"},"share_on_mastodon":{"url":"https:\/\/pubeurope.com\/@pt\/115509209694509735","error":""},"_links":{"self":[{"href":"https:\/\/www.europesays.com\/pt\/wp-json\/wp\/v2\/posts\/143054","targetHints":{"allow":["GET"]}}],"collection":[{"href":"https:\/\/www.europesays.com\/pt\/wp-json\/wp\/v2\/posts"}],"about":[{"href":"https:\/\/www.europesays.com\/pt\/wp-json\/wp\/v2\/types\/post"}],"author":[{"embeddable":true,"href":"https:\/\/www.europesays.com\/pt\/wp-json\/wp\/v2\/users\/2"}],"replies":[{"embeddable":true,"href":"https:\/\/www.europesays.com\/pt\/wp-json\/wp\/v2\/comments?post=143054"}],"version-history":[{"count":0,"href":"https:\/\/www.europesays.com\/pt\/wp-json\/wp\/v2\/posts\/143054\/revisions"}],"wp:featuredmedia":[{"embeddable":true,"href":"https:\/\/www.europesays.com\/pt\/wp-json\/wp\/v2\/media\/143055"}],"wp:attachment":[{"href":"https:\/\/www.europesays.com\/pt\/wp-json\/wp\/v2\/media?parent=143054"}],"wp:term":[{"taxonomy":"category","embeddable":true,"href":"https:\/\/www.europesays.com\/pt\/wp-json\/wp\/v2\/categories?post=143054"},{"taxonomy":"post_tag","embeddable":true,"href":"https:\/\/www.europesays.com\/pt\/wp-json\/wp\/v2\/tags?post=143054"}],"curies":[{"name":"wp","href":"https:\/\/api.w.org\/{rel}","templated":true}]}}