{"id":143056,"date":"2025-11-07T15:52:14","date_gmt":"2025-11-07T15:52:14","guid":{"rendered":"https:\/\/www.europesays.com\/pt\/143056\/"},"modified":"2025-11-07T15:52:14","modified_gmt":"2025-11-07T15:52:14","slug":"acionistas-da-tesla-aprovam-plano-de-remuneracao-de-um-biliao-de-dolares-para-elon-musk","status":"publish","type":"post","link":"https:\/\/www.europesays.com\/pt\/143056\/","title":{"rendered":"Acionistas da Tesla aprovam plano de remunera\u00e7\u00e3o de um bili\u00e3o de d\u00f3lares para Elon Musk"},"content":{"rendered":"<p>                Os acionistas da Tesla acabam de aprovar um plano de remunera\u00e7\u00e3o de um bili\u00e3o de d\u00f3lares para o CEO Elon Musk, naquele que \u00e9 o maior pacote de remunera\u00e7\u00e3o corporativa da hist\u00f3ria. Mas para isso o magnata ter\u00e1 de cumprir uma s\u00e9rie de metas ambiciosas.A remunera\u00e7\u00e3o \u00e9 equivalente ao PIB de v\u00e1rios pa\u00edses, superando o da Irlanda, Su\u00e9cia, Argentina e tamb\u00e9m o de Portugal.<\/p>\n<p><b>A proposta foi aprovada com mais de 75 por cento de votos a favor, embora v\u00e1rios acionistas de renome se tenham oposto.<\/b><\/p>\n<p>A vota\u00e7\u00e3o mostra que a grande maioria dos acionistas acreditam que Musk pode liderar a empresa numa era que ser\u00e1 dominada pela rob\u00f3tica e pela intelig\u00eancia artificial. <\/p>\n<p>&#8220;Obrigado a todos &#8220;, disse Musk, ap\u00f3s dan\u00e7ar brevemente no palco ao lado dos rob\u00f4s Optimus da empresa. <b>\u201cO que estamos prestes a iniciar n\u00e3o \u00e9 apenas um novo cap\u00edtulo do futuro da Tesla, mas um livro completamente novo\u201d, acrescentou.<\/b><\/p>\n<blockquote class=\"twitter-tweet\"><p>&#13;<\/p>\n<p lang=\"en\" dir=\"ltr\">&#13;<br \/>\n\tElon Musk: What we&#8217;re about to embark upon is not merely a new chapter of the future of Tesla, but a whole new book and Optimus is a fundamental part of that<\/p>\n<p>The scale of Optimus, like I said, that&#8217;s really going to be something else<\/p>\n<p>I think it&#8217;s going to be the biggest product\u2026 <a href=\"https:\/\/t.co\/DKIbCnwSwN\" rel=\"nofollow\">pic.twitter.com\/DKIbCnwSwN<\/a>&#13;\n\t<\/p>\n<p>&#13;<br \/>\n\t\u2014 X Freeze (@XFreeze) <a href=\"https:\/\/twitter.com\/XFreeze\/status\/1986577893900886132?ref_src=twsrc%5Etfw\" rel=\"nofollow noopener\" target=\"_blank\">November 6, 2025<\/a>&#13;\n<\/p><\/blockquote>\n<p>\nNo entanto, para poder receber este pacote salarial bilion\u00e1rio, o CEO da Tesla precisa de cumprir uma s\u00e9rie de metas ambiciosas para a empresa.<\/p>\n<p>Os objetivos de Musk para a pr\u00f3xima d\u00e9cada incluem a entrega de 20 milh\u00f5es de ve\u00edculos, ter um milh\u00e3o de rob\u00f4s-taxi em funcionamento e a venda de um milh\u00e3o de rob\u00f4s e um lucro operacional de at\u00e9 400 mil milh\u00f5es de d\u00f3lares. <b>Para al\u00e9m disso, o valor das a\u00e7\u00f5es da Tesla t\u00eam de subir em paralelo: primeiro de 1,5 mil milh\u00f5es de d\u00f3lares para dois mil milh\u00f5es e, depois, para 8,5 mil milh\u00f5es.<\/b><\/p>\n<p>Se atingir cada uma das etapas, Musk arrecada um por cento das a\u00e7\u00f5es da Tesla.<b> Ou seja, o plano pode render a Musk dezenas de milhares de milh\u00f5es de d\u00f3lares mesmo que n\u00e3o atinja a maioria dos objetivos.<\/b>Se o CEO atingir todas as metas, ter\u00e1 direito a 12% &#13;<br \/>\ndas a\u00e7\u00f5es, o que equivale a um bili\u00e3o de d\u00f3lares, embora os pagamentos &#13;<br \/>\nobrigat\u00f3rios reduzam o valor para 878 mil milh\u00f5es de d\u00f3lares. <\/p>\n<p>Depois de agradecer aos acionistas, Elon Musk fez uma s\u00e9rie de promessas em palco, desde o in\u00edcio da produ\u00e7\u00e3o do Cybercab, o rob\u00f4-taxi, em abril, at\u00e9 \u00e0 apresenta\u00e7\u00e3o da pr\u00f3xima gera\u00e7\u00e3o do desportivo el\u00e9trico Roadster. <\/p>\n<p>O CEO da Tesla afirmou ainda que a Tesla precisaria de &#8220;uma gigantesca f\u00e1brica de chips&#8221; para produzir chips de intelig\u00eancia artificial (IA) e que deveria considerar trabalhar com a Intel.<\/p>\n<p>Os acionistas tamb\u00e9m reelegeram tr\u00eas administradores do conselho da Tesla, votaram a favor de elei\u00e7\u00f5es anuais para todos os membros do conselho e aprovaram um plano de remunera\u00e7\u00e3o de substitui\u00e7\u00e3o para o pacote anterior de Musk, que est\u00e1 a ser contestado em tribunal.<\/p>\n<p>&#8220;Outras assembleias de acionistas s\u00e3o um t\u00e9dio, mas as nossas s\u00e3o incr\u00edveis&#8221;, disse Musk. &#8220;Quer dizer, vejam s\u00f3 isto. \u00c9 sensacional\u201d.&#13;\n            <\/p>\n<p><script async src=\"https:\/\/platform.twitter.com\/widgets.js\" charset=\"utf-8\"><\/script><\/p>\n","protected":false},"excerpt":{"rendered":"Os acionistas da Tesla acabam de aprovar um plano de remunera\u00e7\u00e3o de um bili\u00e3o de d\u00f3lares para o&hellip;\n","protected":false},"author":2,"featured_media":143057,"comment_status":"","ping_status":"","sticky":false,"template":"","format":"standard","meta":{"footnotes":""},"categories":[83],"tags":[14720,88,89,90,6229,32,33,296],"class_list":{"0":"post-143056","1":"post","2":"type-post","3":"status-publish","4":"format-standard","5":"has-post-thumbnail","7":"category-empresas","8":"tag-bilionario","9":"tag-business","10":"tag-economy","11":"tag-empresas","12":"tag-musk","13":"tag-portugal","14":"tag-pt","15":"tag-tesla"},"share_on_mastodon":{"url":"https:\/\/pubeurope.com\/@pt\/115509221406047197","error":""},"_links":{"self":[{"href":"https:\/\/www.europesays.com\/pt\/wp-json\/wp\/v2\/posts\/143056","targetHints":{"allow":["GET"]}}],"collection":[{"href":"https:\/\/www.europesays.com\/pt\/wp-json\/wp\/v2\/posts"}],"about":[{"href":"https:\/\/www.europesays.com\/pt\/wp-json\/wp\/v2\/types\/post"}],"author":[{"embeddable":true,"href":"https:\/\/www.europesays.com\/pt\/wp-json\/wp\/v2\/users\/2"}],"replies":[{"embeddable":true,"href":"https:\/\/www.europesays.com\/pt\/wp-json\/wp\/v2\/comments?post=143056"}],"version-history":[{"count":0,"href":"https:\/\/www.europesays.com\/pt\/wp-json\/wp\/v2\/posts\/143056\/revisions"}],"wp:featuredmedia":[{"embeddable":true,"href":"https:\/\/www.europesays.com\/pt\/wp-json\/wp\/v2\/media\/143057"}],"wp:attachment":[{"href":"https:\/\/www.europesays.com\/pt\/wp-json\/wp\/v2\/media?parent=143056"}],"wp:term":[{"taxonomy":"category","embeddable":true,"href":"https:\/\/www.europesays.com\/pt\/wp-json\/wp\/v2\/categories?post=143056"},{"taxonomy":"post_tag","embeddable":true,"href":"https:\/\/www.europesays.com\/pt\/wp-json\/wp\/v2\/tags?post=143056"}],"curies":[{"name":"wp","href":"https:\/\/api.w.org\/{rel}","templated":true}]}}