{"id":143058,"date":"2025-11-07T15:53:13","date_gmt":"2025-11-07T15:53:13","guid":{"rendered":"https:\/\/www.europesays.com\/pt\/143058\/"},"modified":"2025-11-07T15:53:13","modified_gmt":"2025-11-07T15:53:13","slug":"vitoriosos-democratas-recusam-ceder-para-acabar-shutdown-observador","status":"publish","type":"post","link":"https:\/\/www.europesays.com\/pt\/143058\/","title":{"rendered":"Vitoriosos, democratas recusam ceder para acabar &#8220;shutdown&#8221; \u2013 Observador"},"content":{"rendered":"<p>Os Estados Unidos est\u00e3o habituados a lidar com paralisa\u00e7\u00f5es, que s\u00f3 terminam quando uma das partes cede nas suas exig\u00eancias. At\u00e9 esta ter\u00e7a-feira, a press\u00e3o era imposta pelos republicanos, uma vez que controlam a Casa Branca, o Senado e a C\u00e2mara dos Representantes, e os democratas pareciam estar prestes a ceder. Mas, para muitos, as elei\u00e7\u00f5es pintaram um novo contexto, em que os democratas mostraram ainda ter poder para ditar as regras da pol\u00edtica norte-americana. \u201cOs resultados v\u00e3o criar mais press\u00e3o para p\u00f4r fim ao frente-a-frente porque <strong>a elei\u00e7\u00e3o produziu um claro vencedor e uma narrativa sobre porque \u00e9 que isto aconteceu<\/strong>\u201c, argumenta ao Observador Berwood Yost<b>,\u00a0<\/b>diretor do centro de pesquisa da Franklin &amp; Marshall College, na Pensilv\u00e2nia.<\/p>\n<p>Os jornalistas esperavam pelo in\u00edcio da confer\u00eancia de imprensa de Chuck Schumer desta quarta-feira, quando, no fundo da sala de imprensa do Capit\u00f3lio, se ouve uma quest\u00e3o: \u201cVai juntar-se \u00e0 confer\u00eancia de imprensa? Quer dizer-nos o que pensa sobre a noite passada?\u201d. A quest\u00e3o era colocada a <strong>Bernie Sanders<\/strong>, que assistia \u00e0 confer\u00eancia na \u00faltima fila, e o senador independente do Vermont n\u00e3o se fez rogado e subiu ao p\u00falpito, para alertar que colocar fim \u00e0 paralisa\u00e7\u00e3o nos termos atuais seria \u201cuma terr\u00edvel decis\u00e3o\u201d.<\/p>\n<p>\u201cPor todo o pa\u00eds, as pessoas est\u00e3o a dizer \u2018<strong>Por favor, Democratas, n\u00e3o foram fortes no passado, permane\u00e7am firmes agora<\/strong>\u2018. Os Democratas est\u00e3o a vencer por que est\u00e3o do lado da classe trabalhadora\u201d, argumentou. A cr\u00edtica ao hist\u00f3rico democrata \u00e9 frequente, baseada na vis\u00e3o de que o partido prefere facilitar o bom funcionamento das institui\u00e7\u00f5es a defender algumas das suas pol\u00edticas. Desta vez, contudo, o partido desafiou o \u201cestere\u00f3tipo [e] e n\u00e3o cedeu imediatamente, mostrando aos apoiantes que tem espinha dorsal\u201d, escreveu o <a href=\"https:\/\/edition.cnn.com\/2025\/10\/16\/politics\/trump-shutdown-layoffs-democrats-congress-analysis\" rel=\"nofollow noopener\" target=\"_blank\">rep\u00f3rter da CNN, Stephen Collinson, numa an\u00e1lise<\/a> \u00e0s primeiras duas semanas de paralisa\u00e7\u00e3o.<\/p>\n<p>Passadas outras duas semanas, Sanders procura manter esta mesma verticalidade. \u201cAlguns de voc\u00eas podem ter ouvido a express\u00e3o \u2018Quando lutamos, ganhamos\u201d. J\u00e1 ouviram isso?\u201d, questionou no p\u00falpito de Schumer, fazendo eco do lema de campanha de Kamala Harris no ano passado. \u201cOra, <strong>quando cedem, perdem<\/strong>\u201c, rematou, antes de o l\u00edder democrata no Senado ter entrado na sala e ter tomado as r\u00e9deas da confer\u00eancia, em que tamb\u00e9m ele n\u00e3o se mostrou tentado a ceder, antes encorajado pelos bons resultados.<\/p>\n","protected":false},"excerpt":{"rendered":"Os Estados Unidos est\u00e3o habituados a lidar com paralisa\u00e7\u00f5es, que s\u00f3 terminam quando uma das partes cede nas&hellip;\n","protected":false},"author":2,"featured_media":143059,"comment_status":"","ping_status":"","sticky":false,"template":"","format":"standard","meta":{"footnotes":""},"categories":[50],"tags":[624,27,28,623,15,16,14,25,26,21,22,62,12,13,19,20,9725,6281,4497,23,24,17,18,29,30,31,63,64,65],"class_list":{"0":"post-143058","1":"post","2":"type-post","3":"status-publish","4":"format-standard","5":"has-post-thumbnail","7":"category-mundo","8":"tag-amu00e9rica","9":"tag-breaking-news","10":"tag-breakingnews","11":"tag-estados-unidos-da-amu00e9rica","12":"tag-featured-news","13":"tag-featurednews","14":"tag-headlines","15":"tag-latest-news","16":"tag-latestnews","17":"tag-main-news","18":"tag-mainnews","19":"tag-mundo","20":"tag-news","21":"tag-noticias","22":"tag-noticias-principais","23":"tag-noticiasprincipais","24":"tag-partido-democrata","25":"tag-partido-republicano","26":"tag-presidente-trump","27":"tag-principais-noticias","28":"tag-principaisnoticias","29":"tag-top-stories","30":"tag-topstories","31":"tag-ultimas","32":"tag-ultimas-noticias","33":"tag-ultimasnoticias","34":"tag-world","35":"tag-world-news","36":"tag-worldnews"},"share_on_mastodon":{"url":"","error":"Validation failed: Text character limit of 500 exceeded"},"_links":{"self":[{"href":"https:\/\/www.europesays.com\/pt\/wp-json\/wp\/v2\/posts\/143058","targetHints":{"allow":["GET"]}}],"collection":[{"href":"https:\/\/www.europesays.com\/pt\/wp-json\/wp\/v2\/posts"}],"about":[{"href":"https:\/\/www.europesays.com\/pt\/wp-json\/wp\/v2\/types\/post"}],"author":[{"embeddable":true,"href":"https:\/\/www.europesays.com\/pt\/wp-json\/wp\/v2\/users\/2"}],"replies":[{"embeddable":true,"href":"https:\/\/www.europesays.com\/pt\/wp-json\/wp\/v2\/comments?post=143058"}],"version-history":[{"count":0,"href":"https:\/\/www.europesays.com\/pt\/wp-json\/wp\/v2\/posts\/143058\/revisions"}],"wp:featuredmedia":[{"embeddable":true,"href":"https:\/\/www.europesays.com\/pt\/wp-json\/wp\/v2\/media\/143059"}],"wp:attachment":[{"href":"https:\/\/www.europesays.com\/pt\/wp-json\/wp\/v2\/media?parent=143058"}],"wp:term":[{"taxonomy":"category","embeddable":true,"href":"https:\/\/www.europesays.com\/pt\/wp-json\/wp\/v2\/categories?post=143058"},{"taxonomy":"post_tag","embeddable":true,"href":"https:\/\/www.europesays.com\/pt\/wp-json\/wp\/v2\/tags?post=143058"}],"curies":[{"name":"wp","href":"https:\/\/api.w.org\/{rel}","templated":true}]}}